{"id":10426,"date":"2022-10-19T08:31:41","date_gmt":"2022-10-19T11:31:41","guid":{"rendered":"https:\/\/blogs.correiobraziliense.com.br\/capital-sa\/?p=10426"},"modified":"2022-10-19T10:52:51","modified_gmt":"2022-10-19T13:52:51","slug":"passagens-aereas-477-mais-caras-em-12-meses","status":"publish","type":"post","link":"https:\/\/blogs.correiobraziliense.com.br\/capital-sa\/2022\/10\/19\/passagens-aereas-477-mais-caras-em-12-meses\/","title":{"rendered":"Passagens a\u00e9reas 47,7% mais caras em 12 meses"},"content":{"rendered":"<p><b>Por Samanta Sallum\u00a0<\/b><\/p>\n<p class=\"p1\">O \u00cdndice Nacional de Pre\u00e7os ao Consumidor Amplo (IPCA), calculado mensalmente pelo IBGE, apontou eleva\u00e7\u00e3o de 47,7% no valor das passagens a\u00e9reas, no acumulado de 12 meses encerrados em setembro. Esse foi o quarto maior aumento dos quase 400 itens pesquisados.<\/p>\n<p class=\"p1\">A Confedera\u00e7\u00e3o Nacional do Com\u00e9rcio (CNC) avalia que o encarecimento das passagens \u00e9 um dos obst\u00e1culos \u00e0 recupera\u00e7\u00e3o mais r\u00e1pida do setor do turismo no Brasil.<\/p>\n<p class=\"p1\">No entanto, a CNC revisou de 5,1% para 5,8% a proje\u00e7\u00e3o de crescimento do turismo em 2022. \u00a0Para o setor de servi\u00e7os, a varia\u00e7\u00e3o do volume de receitas em rela\u00e7\u00e3o a 2021 foi revista de 2,9% para 3,4%.<\/p>\n<p class=\"p1\">As altera\u00e7\u00f5es das expectativas decorrem do crescimento mensal de 0,7% no faturamento dos servi\u00e7os, em agosto, apontado na semana passada pela Pesquisa Mensal de Servi\u00e7os (PMS), feita pelo IBGE.<\/p>\n<p class=\"p1\"><span class=\"s1\"><b>Empregos recuperados <\/b><\/span><\/p>\n<p class=\"p1\"><span class=\"s1\">A expectativa da CNC \u00e9 que os postos de trabalho no turismo brasileiro voltem ao patamar de antes da pandemia a partir do in\u00edcio do per\u00edodo de contrata\u00e7\u00f5es para a pr\u00f3xima alta temporada. Em 2020, a queda abrupta da atividade levou o setor a eliminar 469,8 mil vagas formais \u2013 um encolhimento equivalente a 12% da for\u00e7a de trabalho nessas atividades. <\/span><\/p>\n","protected":false},"excerpt":{"rendered":"<p>Por Samanta Sallum\u00a0 O \u00cdndice Nacional de Pre\u00e7os ao Consumidor Amplo (IPCA), calculado mensalmente pelo IBGE, apontou eleva\u00e7\u00e3o de 47,7% no valor das passagens a\u00e9reas, no acumulado de 12 meses encerrados em setembro. Esse foi o quarto maior aumento dos quase 400 itens pesquisados. A Confedera\u00e7\u00e3o Nacional do Com\u00e9rcio (CNC) avalia que o encarecimento das passagens \u00e9 um dos obst\u00e1culos [&hellip;]<\/p>\n","protected":false},"author":125,"featured_media":10431,"comment_status":"open","ping_status":"open","sticky":false,"template":"","format":"standard","meta":{"footnotes":""},"categories":[6],"tags":[471,1583,1582,143],"class_list":["post-10426","post","type-post","status-publish","format-standard","has-post-thumbnail","hentry","category-coluna-capital-s-a","tag-precos","tag-ipca","tag-passagemaerea","tag-pesquisa"],"_links":{"self":[{"href":"https:\/\/blogs.correiobraziliense.com.br\/capital-sa\/wp-json\/wp\/v2\/posts\/10426","targetHints":{"allow":["GET"]}}],"collection":[{"href":"https:\/\/blogs.correiobraziliense.com.br\/capital-sa\/wp-json\/wp\/v2\/posts"}],"about":[{"href":"https:\/\/blogs.correiobraziliense.com.br\/capital-sa\/wp-json\/wp\/v2\/types\/post"}],"author":[{"embeddable":true,"href":"https:\/\/blogs.correiobraziliense.com.br\/capital-sa\/wp-json\/wp\/v2\/users\/125"}],"replies":[{"embeddable":true,"href":"https:\/\/blogs.correiobraziliense.com.br\/capital-sa\/wp-json\/wp\/v2\/comments?post=10426"}],"version-history":[{"count":6,"href":"https:\/\/blogs.correiobraziliense.com.br\/capital-sa\/wp-json\/wp\/v2\/posts\/10426\/revisions"}],"predecessor-version":[{"id":10433,"href":"https:\/\/blogs.correiobraziliense.com.br\/capital-sa\/wp-json\/wp\/v2\/posts\/10426\/revisions\/10433"}],"wp:featuredmedia":[{"embeddable":true,"href":"https:\/\/blogs.correiobraziliense.com.br\/capital-sa\/wp-json\/wp\/v2\/media\/10431"}],"wp:attachment":[{"href":"https:\/\/blogs.correiobraziliense.com.br\/capital-sa\/wp-json\/wp\/v2\/media?parent=10426"}],"wp:term":[{"taxonomy":"category","embeddable":true,"href":"https:\/\/blogs.correiobraziliense.com.br\/capital-sa\/wp-json\/wp\/v2\/categories?post=10426"},{"taxonomy":"post_tag","embeddable":true,"href":"https:\/\/blogs.correiobraziliense.com.br\/capital-sa\/wp-json\/wp\/v2\/tags?post=10426"}],"curies":[{"name":"wp","href":"https:\/\/api.w.org\/{rel}","templated":true}]}}