{"id":10422,"date":"2022-10-19T07:18:44","date_gmt":"2022-10-19T10:18:44","guid":{"rendered":"https:\/\/blogs.correiobraziliense.com.br\/capital-sa\/?p=10422"},"modified":"2022-10-19T14:49:23","modified_gmt":"2022-10-19T17:49:23","slug":"cresce-adesao-de-lojistas-a-black-friday","status":"publish","type":"post","link":"https:\/\/blogs.correiobraziliense.com.br\/capital-sa\/2022\/10\/19\/cresce-adesao-de-lojistas-a-black-friday\/","title":{"rendered":"Cresce ades\u00e3o de lojistas \u00e0 Black Friday"},"content":{"rendered":"<p class=\"p1\">Pesquisa do Instituto Fecom\u00e9rcio-DF estima que a Black Friday deve movimentar cerca de R$ 193 milh\u00f5es neste ano. O estudo revela que houve aumento na ades\u00e3o de lojistas \u00e0 data (25 de novembro), cujo principal objetivo \u00e9 vender produtos com desconto para renova\u00e7\u00e3o dos estoques do Natal.<\/p>\n<p class=\"p1\">Em 2022, o \u00edndice de participa\u00e7\u00e3o das empresas de 29 segmentos chega a 90,4%. Em 2021, essa expectativa era de 77,5%, mas foi superada e atingiu 84,71% do total, conforme levantamento realizado no p\u00f3s-vendas.<\/p>\n<p class=\"p1\"><span class=\"s1\"><b>Pesquisa de pre\u00e7os<\/b><\/span><\/p>\n<p class=\"p1\"><span class=\"s1\">&#8220;Este \u00e9 o quinto ano seguido em que a maioria dos lojistas participa da Black Friday. J\u00e1 a consideramos uma data incorporada ao calend\u00e1rio do com\u00e9rcio, que abre a temporada de compras natalinas. \u00c9 um bom momento para que os consumidores possam adquirir presentes com descontos vantajosos. Para isso, no entanto, \u00e9 preciso pesquisar bastante. Essa \u00e9 nossa dica para aproveitar ao m\u00e1ximo o per\u00edodo de promo\u00e7\u00f5es&#8221;, afirma o presidente do Sistema Fecom\u00e9rcio-DF, Jos\u00e9 Aparecido Freire. <\/span><\/p>\n","protected":false},"excerpt":{"rendered":"<p>Pesquisa do Instituto Fecom\u00e9rcio-DF estima que a Black Friday deve movimentar cerca de R$ 193 milh\u00f5es neste ano. O estudo revela que houve aumento na ades\u00e3o de lojistas \u00e0 data (25 de novembro), cujo principal objetivo \u00e9 vender produtos com desconto para renova\u00e7\u00e3o dos estoques do Natal. Em 2022, o \u00edndice de participa\u00e7\u00e3o das empresas de 29 segmentos chega a [&hellip;]<\/p>\n","protected":false},"author":125,"featured_media":10425,"comment_status":"open","ping_status":"open","sticky":false,"template":"","format":"standard","meta":{"footnotes":""},"categories":[6],"tags":[1584,174,734,10],"class_list":["post-10422","post","type-post","status-publish","format-standard","has-post-thumbnail","hentry","category-coluna-capital-s-a","tag-blackfriday","tag-compras","tag-fecomercio-df","tag-comercio"],"_links":{"self":[{"href":"https:\/\/blogs.correiobraziliense.com.br\/capital-sa\/wp-json\/wp\/v2\/posts\/10422","targetHints":{"allow":["GET"]}}],"collection":[{"href":"https:\/\/blogs.correiobraziliense.com.br\/capital-sa\/wp-json\/wp\/v2\/posts"}],"about":[{"href":"https:\/\/blogs.correiobraziliense.com.br\/capital-sa\/wp-json\/wp\/v2\/types\/post"}],"author":[{"embeddable":true,"href":"https:\/\/blogs.correiobraziliense.com.br\/capital-sa\/wp-json\/wp\/v2\/users\/125"}],"replies":[{"embeddable":true,"href":"https:\/\/blogs.correiobraziliense.com.br\/capital-sa\/wp-json\/wp\/v2\/comments?post=10422"}],"version-history":[{"count":6,"href":"https:\/\/blogs.correiobraziliense.com.br\/capital-sa\/wp-json\/wp\/v2\/posts\/10422\/revisions"}],"predecessor-version":[{"id":10443,"href":"https:\/\/blogs.correiobraziliense.com.br\/capital-sa\/wp-json\/wp\/v2\/posts\/10422\/revisions\/10443"}],"wp:featuredmedia":[{"embeddable":true,"href":"https:\/\/blogs.correiobraziliense.com.br\/capital-sa\/wp-json\/wp\/v2\/media\/10425"}],"wp:attachment":[{"href":"https:\/\/blogs.correiobraziliense.com.br\/capital-sa\/wp-json\/wp\/v2\/media?parent=10422"}],"wp:term":[{"taxonomy":"category","embeddable":true,"href":"https:\/\/blogs.correiobraziliense.com.br\/capital-sa\/wp-json\/wp\/v2\/categories?post=10422"},{"taxonomy":"post_tag","embeddable":true,"href":"https:\/\/blogs.correiobraziliense.com.br\/capital-sa\/wp-json\/wp\/v2\/tags?post=10422"}],"curies":[{"name":"wp","href":"https:\/\/api.w.org\/{rel}","templated":true}]}}