{"id":10415,"date":"2022-10-18T21:43:04","date_gmt":"2022-10-19T00:43:04","guid":{"rendered":"https:\/\/blogs.correiobraziliense.com.br\/capital-sa\/?p=10415"},"modified":"2022-10-19T10:57:05","modified_gmt":"2022-10-19T13:57:05","slug":"dominos-planeja-dobrar-numero-de-lojas-no-centro-oeste","status":"publish","type":"post","link":"https:\/\/blogs.correiobraziliense.com.br\/capital-sa\/2022\/10\/18\/dominos-planeja-dobrar-numero-de-lojas-no-centro-oeste\/","title":{"rendered":"Domino&#8217;s planeja dobrar n\u00famero de lojas no Centro-Oeste"},"content":{"rendered":"<p><b>Por Samanta Sallum\u00a0<\/b><\/p>\n<p>A maior rede de pizzarias do mundo, fundada em 1960 nos EUA, pretende dobrar de tamanho no Brasil at\u00e9 2025. E uma das regi\u00f5es mais visadas pela companhia \u00e9 o Centro-Oeste, especialmente Goi\u00e1s e Distrito Federal, que, juntos, contam com 16 lojas &#8211; todas franqueadas. Em um mapeamento, a rede identificou 15 outras oportunidades na regi\u00e3o.<\/p>\n<p><b>Valores de investimento<\/b><\/p>\n<p>&#8220;Temos uma atua\u00e7\u00e3o consolidada em Bras\u00edlia e entendemos que h\u00e1 mais espa\u00e7o para crescermos. Estimamos investimentos na casa dos R$ 15 milh\u00f5es na regi\u00e3o com a abertura de mais unidades. Isso significa n\u00e3o s\u00f3 a nossa expans\u00e3o, mas tamb\u00e9m a gera\u00e7\u00e3o de empregos. O aporte inicial para a abertura de cada franquia \u00e9 de R$ 690 mil&#8221;, comenta Eduardo Ribeiro, Diretor Comercial da Domino\u2019s Pizza Brasil.<\/p>\n<p><b>Intelig\u00eancia artificial<\/b><\/p>\n<p>Em ritmo acelerado de expans\u00e3o e com faturamento de R$ 500 milh\u00f5es em 2021, a companhia quer chegar a 650 lojas no pa\u00eds &#8211; hoje, s\u00e3o cerca de 310, sendo dois ter\u00e7os de franqueados. E aposta na inova\u00e7\u00e3o com ajuda de intelig\u00eancia artificial, que permite a escolha de uma varia\u00e7\u00e3o de 7 mil combina\u00e7\u00f5es de sabores. A marca atua no Brasil desde 1993.<\/p>\n","protected":false},"excerpt":{"rendered":"<p>Por Samanta Sallum\u00a0 A maior rede de pizzarias do mundo, fundada em 1960 nos EUA, pretende dobrar de tamanho no Brasil at\u00e9 2025. E uma das regi\u00f5es mais visadas pela companhia \u00e9 o Centro-Oeste, especialmente Goi\u00e1s e Distrito Federal, que, juntos, contam com 16 lojas &#8211; todas franqueadas. Em um mapeamento, a rede identificou 15 outras oportunidades na regi\u00e3o. Valores [&hellip;]<\/p>\n","protected":false},"author":125,"featured_media":10421,"comment_status":"open","ping_status":"open","sticky":false,"template":"","format":"standard","meta":{"footnotes":""},"categories":[6],"tags":[142,1585,374,451,1104,654,1586],"class_list":["post-10415","post","type-post","status-publish","format-standard","has-post-thumbnail","hentry","category-coluna-capital-s-a","tag-centro-oeste","tag-dominos","tag-expansao","tag-franquia","tag-inteligenciaartificial","tag-investimento","tag-pizza"],"_links":{"self":[{"href":"https:\/\/blogs.correiobraziliense.com.br\/capital-sa\/wp-json\/wp\/v2\/posts\/10415","targetHints":{"allow":["GET"]}}],"collection":[{"href":"https:\/\/blogs.correiobraziliense.com.br\/capital-sa\/wp-json\/wp\/v2\/posts"}],"about":[{"href":"https:\/\/blogs.correiobraziliense.com.br\/capital-sa\/wp-json\/wp\/v2\/types\/post"}],"author":[{"embeddable":true,"href":"https:\/\/blogs.correiobraziliense.com.br\/capital-sa\/wp-json\/wp\/v2\/users\/125"}],"replies":[{"embeddable":true,"href":"https:\/\/blogs.correiobraziliense.com.br\/capital-sa\/wp-json\/wp\/v2\/comments?post=10415"}],"version-history":[{"count":5,"href":"https:\/\/blogs.correiobraziliense.com.br\/capital-sa\/wp-json\/wp\/v2\/posts\/10415\/revisions"}],"predecessor-version":[{"id":10437,"href":"https:\/\/blogs.correiobraziliense.com.br\/capital-sa\/wp-json\/wp\/v2\/posts\/10415\/revisions\/10437"}],"wp:featuredmedia":[{"embeddable":true,"href":"https:\/\/blogs.correiobraziliense.com.br\/capital-sa\/wp-json\/wp\/v2\/media\/10421"}],"wp:attachment":[{"href":"https:\/\/blogs.correiobraziliense.com.br\/capital-sa\/wp-json\/wp\/v2\/media?parent=10415"}],"wp:term":[{"taxonomy":"category","embeddable":true,"href":"https:\/\/blogs.correiobraziliense.com.br\/capital-sa\/wp-json\/wp\/v2\/categories?post=10415"},{"taxonomy":"post_tag","embeddable":true,"href":"https:\/\/blogs.correiobraziliense.com.br\/capital-sa\/wp-json\/wp\/v2\/tags?post=10415"}],"curies":[{"name":"wp","href":"https:\/\/api.w.org\/{rel}","templated":true}]}}