{"id":10332,"date":"2022-10-14T09:07:51","date_gmt":"2022-10-14T12:07:51","guid":{"rendered":"https:\/\/blogs.correiobraziliense.com.br\/capital-sa\/?p=10332"},"modified":"2022-10-14T14:24:30","modified_gmt":"2022-10-14T17:24:30","slug":"italents-aceleradora-de-carreiras-tech-e-lancada-em-brasilia-com-a-amazon","status":"publish","type":"post","link":"https:\/\/blogs.correiobraziliense.com.br\/capital-sa\/2022\/10\/14\/italents-aceleradora-de-carreiras-tech-e-lancada-em-brasilia-com-a-amazon\/","title":{"rendered":"iTalents, aceleradora de carreiras tech, \u00e9 lan\u00e7ada em Bras\u00edlia com a Amazon"},"content":{"rendered":"<p class=\"p1\"><b>Por Samanta Sallum\u00a0<\/b><\/p>\n<p class=\"p1\"><span class=\"s1\">A empresa atuar\u00e1 descobrindo, formando e aprimorando talentos para o setor. A startup iTalents tem o objetivo de atuar na lacuna existente na gera\u00e7\u00e3o de m\u00e3o de obra para o mercado tecnol\u00f3gico brasileiro. Nos pr\u00f3ximos dois anos, a demanda ser\u00e1 de 401 mil profissionais, por\u00e9m, apenas 106 mil estar\u00e3o dispon\u00edveis para atuar, segundo estudo realizado pelo n\u00facleo de engenharia organizacional da Universidade Federal do Rio Grande do Sul e pela Ag\u00eancia Alem\u00e3 de Coopera\u00e7\u00e3o Internacional, em parceria com o Senai. <\/span><\/p>\n<p class=\"p1\"><span class=\"s1\"><b>Empresas-cliente <\/b><\/span><\/p>\n<p class=\"p1\"><span class=\"s1\">A meta, j\u00e1 para este ano, \u00e9 conectar alunos e profissionais a mais de 200 posi\u00e7\u00f5es de trabalho abertas em empresas-clientes. Ser\u00e3o oferecidos cursos gratuitos e pagos. Todos on-line.<\/span><\/p>\n<p class=\"p1\"><span class=\"s1\"> A Amazon Web Service, a vertical de tecnologia da Amazon, \u00e9 uma das parceiras do projeto. Participaram da cerim\u00f4nia de lan\u00e7amento da empresa em Bras\u00edlia representantes da Capes, da Unicamp e do Minist\u00e9rio da Ci\u00eancia e Tecnologia.<\/span><\/p>\n<p class=\"p1\"><span class=\"s1\"><b>Conectar sonhos com objetivos corporativos<\/b><\/span><\/p>\n<p class=\"p1\"><span class=\"s1\">&#8220;Nosso prop\u00f3sito \u00e9 ajudar a solucionar esse desafio do d\u00e9ficit de profissionais, conectando os sonhos e projetos pessoais dos jovens aos planos e objetivos corporativos das companhias&#8221;, explica o diretor de Mercado da iTalents, Paulo Camargo.<\/span><\/p>\n<p>Fazem parte da diretoria Engels Rego (CEO), Alexandre Alvaro (diretor de Ensino Educacional) e<span class=\"Apple-converted-space\">\u00a0 <\/span>Fabiano Dourado (diretor de Tecnologia).<\/p>\n<p><b>Unylab<\/b><\/p>\n<p class=\"p1\"><span class=\"s1\">A Unyleya, plataforma EaD, firmou parceria com a startup iTalents e a Amazon Web Service (AWS) para oferecer um programa<span class=\"Apple-converted-space\">\u00a0de <\/span>cursos de p\u00f3s-gradua\u00e7\u00e3o. <\/span><\/p>\n<p class=\"p1\"><span class=\"s1\">Uma das inova\u00e7\u00f5es \u00e9 o uso do Unylab &#8211; uma m\u00e1quina virtual na nuvem desenvolvida pela Amazon Web Service (AWS), que permite ao estudante acessar, atrav\u00e9s de um dispositivo conectado \u00e0 internet, softwares e processamento de \u00faltima gera\u00e7\u00e3o.<br \/>\n<\/span><\/p>\n<p class=\"p1\"><span class=\"s1\">O dispositivo pode ser acoplado, por exemplo, em um aparelho de televis\u00e3o, transformando-a em um computador de alta performance.<\/span><\/p>\n<p>Veja os cursos em\u00a0https:\/\/italents.com.br\/<\/p>\n","protected":false},"excerpt":{"rendered":"<p>Por Samanta Sallum\u00a0 A empresa atuar\u00e1 descobrindo, formando e aprimorando talentos para o setor. A startup iTalents tem o objetivo de atuar na lacuna existente na gera\u00e7\u00e3o de m\u00e3o de obra para o mercado tecnol\u00f3gico brasileiro. Nos pr\u00f3ximos dois anos, a demanda ser\u00e1 de 401 mil profissionais, por\u00e9m, apenas 106 mil estar\u00e3o dispon\u00edveis para atuar, segundo estudo realizado pelo n\u00facleo [&hellip;]<\/p>\n","protected":false},"author":125,"featured_media":10337,"comment_status":"open","ping_status":"open","sticky":false,"template":"","format":"standard","meta":{"footnotes":""},"categories":[6],"tags":[1086,1579,1580,337,1581,33],"class_list":["post-10332","post","type-post","status-publish","format-standard","has-post-thumbnail","hentry","category-coluna-capital-s-a","tag-amazon","tag-italents","tag-mercado","tag-senai","tag-tech","tag-tecnologia"],"_links":{"self":[{"href":"https:\/\/blogs.correiobraziliense.com.br\/capital-sa\/wp-json\/wp\/v2\/posts\/10332","targetHints":{"allow":["GET"]}}],"collection":[{"href":"https:\/\/blogs.correiobraziliense.com.br\/capital-sa\/wp-json\/wp\/v2\/posts"}],"about":[{"href":"https:\/\/blogs.correiobraziliense.com.br\/capital-sa\/wp-json\/wp\/v2\/types\/post"}],"author":[{"embeddable":true,"href":"https:\/\/blogs.correiobraziliense.com.br\/capital-sa\/wp-json\/wp\/v2\/users\/125"}],"replies":[{"embeddable":true,"href":"https:\/\/blogs.correiobraziliense.com.br\/capital-sa\/wp-json\/wp\/v2\/comments?post=10332"}],"version-history":[{"count":11,"href":"https:\/\/blogs.correiobraziliense.com.br\/capital-sa\/wp-json\/wp\/v2\/posts\/10332\/revisions"}],"predecessor-version":[{"id":10351,"href":"https:\/\/blogs.correiobraziliense.com.br\/capital-sa\/wp-json\/wp\/v2\/posts\/10332\/revisions\/10351"}],"wp:featuredmedia":[{"embeddable":true,"href":"https:\/\/blogs.correiobraziliense.com.br\/capital-sa\/wp-json\/wp\/v2\/media\/10337"}],"wp:attachment":[{"href":"https:\/\/blogs.correiobraziliense.com.br\/capital-sa\/wp-json\/wp\/v2\/media?parent=10332"}],"wp:term":[{"taxonomy":"category","embeddable":true,"href":"https:\/\/blogs.correiobraziliense.com.br\/capital-sa\/wp-json\/wp\/v2\/categories?post=10332"},{"taxonomy":"post_tag","embeddable":true,"href":"https:\/\/blogs.correiobraziliense.com.br\/capital-sa\/wp-json\/wp\/v2\/tags?post=10332"}],"curies":[{"name":"wp","href":"https:\/\/api.w.org\/{rel}","templated":true}]}}