{"id":1031,"date":"2020-12-15T08:00:42","date_gmt":"2020-12-15T11:00:42","guid":{"rendered":"https:\/\/blogs.correiobraziliense.com.br\/capital-sa\/?p=1031"},"modified":"2020-12-15T00:18:29","modified_gmt":"2020-12-15T03:18:29","slug":"valeshop-entre-os-lideres-do-brasil","status":"publish","type":"post","link":"https:\/\/blogs.correiobraziliense.com.br\/capital-sa\/2020\/12\/15\/valeshop-entre-os-lideres-do-brasil\/","title":{"rendered":"ValeShop entre os L\u00edderes do Brasil"},"content":{"rendered":"<p>O empres\u00e1rio Marconi Souza fez a ValeShop ser destaque nacional num mercado competitivo e dominado por grandes institui\u00e7\u00f5es financeiras. H\u00e1 22 anos, est\u00e1 \u00e0 frente da empresa brasiliense que administra cart\u00f5es de benef\u00edcios. Atua em todo o Brasil e tem escrit\u00f3rios em Belo Horizonte, Goi\u00e2nia, Rio de Janeiro e Fortaleza.<\/p>\n<p>Atende a 500 mil usu\u00e1rios e conta com 40 mil empresas conveniadas. Ao longo dos anos, soma cerca de 4 milh\u00f5es de clientes.<\/p>\n<h3>Miss\u00e3o<\/h3>\n<p>Os importantes resultados da ValeShop s\u00e3o reconhecidos. Ontem, Marconi recebeu o pr\u00eamio L\u00edderes do Brasil 2020, organizado pelo Lide, Grupo de Lideran\u00e7as Empresariais do Brasil. Foi um evento virtual que reuniu empres\u00e1rios de todo o pa\u00eds.<\/p>\n<blockquote><p>\u201cUma grande honra para mim. Sinto, assim, que estou cumprindo minha miss\u00e3o. Fa\u00e7o por amor ao trabalho. Dinheiro j\u00e1 tenho o suficiente. Um orgulho representar Bras\u00edlia neste pr\u00eamio\u201d, disse.<\/p><\/blockquote>\n<h3>Atendimento diferenciado<\/h3>\n<p>Ele revela que o segredo do sucesso \u00e9 o atendimento diferenciado aos clientes. Marconi conta que alguns que migraram para outras empresas do setor retornaram para a ValeShop exatamente porque n\u00e3o encontraram a mesma aten\u00e7\u00e3o fora.<\/p>\n<h3>Inovar<\/h3>\n<p>Marconi, 70 anos, afirma que o maior concorrente de uma empresa \u00e9 ela mesma, quando se acomoda, fica na zona de conforto. \u201c\u00c9 preciso sempre se modernizar, aderir \u00e0s tecnologias mais avan\u00e7adas. Inovar.\u201d<\/p>\n<h3>Cidad\u00e3o Honor\u00e1rio<\/h3>\n<p>Mineiro de Formiga, tem orgulho de dizer que recebeu o t\u00edtulo de Cidad\u00e3o Honor\u00e1rio de Bras\u00edlia. E demonstra preocupa\u00e7\u00e3o com a situa\u00e7\u00e3o social de fam\u00edlias brasilienses com a pandemia. Realiza campanhas sociais. Conseguiu arrecadar o suficiente para distribuir 6 mil cart\u00f5es para compra de cestas b\u00e1sicas em regi\u00f5es mais vulner\u00e1veis no DF.<\/p>\n","protected":false},"excerpt":{"rendered":"<p>O empres\u00e1rio Marconi Souza fez a ValeShop ser destaque nacional num mercado competitivo e dominado por grandes institui\u00e7\u00f5es financeiras. H\u00e1 22 anos, est\u00e1 \u00e0 frente da empresa brasiliense que administra cart\u00f5es de benef\u00edcios. Atua em todo o Brasil e tem escrit\u00f3rios em Belo Horizonte, Goi\u00e2nia, Rio de Janeiro e Fortaleza. Atende a 500 mil usu\u00e1rios e conta com 40 mil [&hellip;]<\/p>\n","protected":false},"author":125,"featured_media":1032,"comment_status":"open","ping_status":"open","sticky":false,"template":"","format":"standard","meta":{"footnotes":""},"categories":[6],"tags":[314,316,313,315,310,312,311,5],"class_list":["post-1031","post","type-post","status-publish","format-standard","has-post-thumbnail","hentry","category-coluna-capital-s-a","tag-beneficios","tag-campanhassociais","tag-cartoes","tag-cidadaohonorario","tag-inovar","tag-marconisouza","tag-valeshop","tag-pandemia"],"_links":{"self":[{"href":"https:\/\/blogs.correiobraziliense.com.br\/capital-sa\/wp-json\/wp\/v2\/posts\/1031","targetHints":{"allow":["GET"]}}],"collection":[{"href":"https:\/\/blogs.correiobraziliense.com.br\/capital-sa\/wp-json\/wp\/v2\/posts"}],"about":[{"href":"https:\/\/blogs.correiobraziliense.com.br\/capital-sa\/wp-json\/wp\/v2\/types\/post"}],"author":[{"embeddable":true,"href":"https:\/\/blogs.correiobraziliense.com.br\/capital-sa\/wp-json\/wp\/v2\/users\/125"}],"replies":[{"embeddable":true,"href":"https:\/\/blogs.correiobraziliense.com.br\/capital-sa\/wp-json\/wp\/v2\/comments?post=1031"}],"version-history":[{"count":2,"href":"https:\/\/blogs.correiobraziliense.com.br\/capital-sa\/wp-json\/wp\/v2\/posts\/1031\/revisions"}],"predecessor-version":[{"id":1034,"href":"https:\/\/blogs.correiobraziliense.com.br\/capital-sa\/wp-json\/wp\/v2\/posts\/1031\/revisions\/1034"}],"wp:featuredmedia":[{"embeddable":true,"href":"https:\/\/blogs.correiobraziliense.com.br\/capital-sa\/wp-json\/wp\/v2\/media\/1032"}],"wp:attachment":[{"href":"https:\/\/blogs.correiobraziliense.com.br\/capital-sa\/wp-json\/wp\/v2\/media?parent=1031"}],"wp:term":[{"taxonomy":"category","embeddable":true,"href":"https:\/\/blogs.correiobraziliense.com.br\/capital-sa\/wp-json\/wp\/v2\/categories?post=1031"},{"taxonomy":"post_tag","embeddable":true,"href":"https:\/\/blogs.correiobraziliense.com.br\/capital-sa\/wp-json\/wp\/v2\/tags?post=1031"}],"curies":[{"name":"wp","href":"https:\/\/api.w.org\/{rel}","templated":true}]}}