{"id":10301,"date":"2022-10-10T19:03:09","date_gmt":"2022-10-10T22:03:09","guid":{"rendered":"https:\/\/blogs.correiobraziliense.com.br\/capital-sa\/?p=10301"},"modified":"2022-10-14T12:04:08","modified_gmt":"2022-10-14T15:04:08","slug":"jamal-bittar-da-fibra-declara-voto-a-lula","status":"publish","type":"post","link":"https:\/\/blogs.correiobraziliense.com.br\/capital-sa\/2022\/10\/10\/jamal-bittar-da-fibra-declara-voto-a-lula\/","title":{"rendered":"Jamal Bittar da Fibra declara voto a Lula"},"content":{"rendered":"<p class=\"p1\"><b>Por Samanta Sallum\u00a0<\/b><\/p>\n<p class=\"p3\"><span class=\"s2\">O empres\u00e1rio, que \u00e9 presidente da Federa\u00e7\u00e3o das Ind\u00fastrias do Distrito Federal (Fibra), deixou claro que \u00e9 uma posi\u00e7\u00e3o pessoal e n\u00e3o institucional. Ele declarou o voto ao candidato Lula (PT), depois de uma reuni\u00e3o com o deputados distritais Chico Vigilante, Arlete Sampaio e F\u00e1bio Felix, al\u00e9m do presidente do PV, Eduardo Brand\u00e3o.<\/span><\/p>\n<p class=\"p3\"><span class=\"s2\">\u201cEstou exercendo o esp\u00edrito democr\u00e1tico. Acredito que Lula tem a melhor proposta para a sociedade brasileira, incluindo o setor produtivo\u201d, destacou Jamal Bittar.<\/span><\/p>\n<p>Segundo o presidente da Fibra, da mesma forma que h\u00e1 empres\u00e1rios apoiando Bolsonaro, h\u00e1 os que apoiam Lula para a Presid\u00eancia.<\/p>\n<p>\u201dOs dois governos de Lula mostraram a capacidade dele em governar para todos\u201d, refor\u00e7ou Bittar, que n\u00e3o tem filia\u00e7\u00e3o partid\u00e1ria alguma.<\/p>\n","protected":false},"excerpt":{"rendered":"<p>Por Samanta Sallum\u00a0 O empres\u00e1rio, que \u00e9 presidente da Federa\u00e7\u00e3o das Ind\u00fastrias do Distrito Federal (Fibra), deixou claro que \u00e9 uma posi\u00e7\u00e3o pessoal e n\u00e3o institucional. Ele declarou o voto ao candidato Lula (PT), depois de uma reuni\u00e3o com o deputados distritais Chico Vigilante, Arlete Sampaio e F\u00e1bio Felix, al\u00e9m do presidente do PV, Eduardo Brand\u00e3o. \u201cEstou exercendo o esp\u00edrito [&hellip;]<\/p>\n","protected":false},"author":125,"featured_media":10305,"comment_status":"open","ping_status":"open","sticky":false,"template":"","format":"standard","meta":{"footnotes":""},"categories":[6],"tags":[955,743,1165,1570,71],"class_list":["post-10301","post","type-post","status-publish","format-standard","has-post-thumbnail","hentry","category-coluna-capital-s-a","tag-eleicoes2022","tag-jamalbittar","tag-lula","tag-voto","tag-fibra"],"_links":{"self":[{"href":"https:\/\/blogs.correiobraziliense.com.br\/capital-sa\/wp-json\/wp\/v2\/posts\/10301","targetHints":{"allow":["GET"]}}],"collection":[{"href":"https:\/\/blogs.correiobraziliense.com.br\/capital-sa\/wp-json\/wp\/v2\/posts"}],"about":[{"href":"https:\/\/blogs.correiobraziliense.com.br\/capital-sa\/wp-json\/wp\/v2\/types\/post"}],"author":[{"embeddable":true,"href":"https:\/\/blogs.correiobraziliense.com.br\/capital-sa\/wp-json\/wp\/v2\/users\/125"}],"replies":[{"embeddable":true,"href":"https:\/\/blogs.correiobraziliense.com.br\/capital-sa\/wp-json\/wp\/v2\/comments?post=10301"}],"version-history":[{"count":11,"href":"https:\/\/blogs.correiobraziliense.com.br\/capital-sa\/wp-json\/wp\/v2\/posts\/10301\/revisions"}],"predecessor-version":[{"id":10340,"href":"https:\/\/blogs.correiobraziliense.com.br\/capital-sa\/wp-json\/wp\/v2\/posts\/10301\/revisions\/10340"}],"wp:featuredmedia":[{"embeddable":true,"href":"https:\/\/blogs.correiobraziliense.com.br\/capital-sa\/wp-json\/wp\/v2\/media\/10305"}],"wp:attachment":[{"href":"https:\/\/blogs.correiobraziliense.com.br\/capital-sa\/wp-json\/wp\/v2\/media?parent=10301"}],"wp:term":[{"taxonomy":"category","embeddable":true,"href":"https:\/\/blogs.correiobraziliense.com.br\/capital-sa\/wp-json\/wp\/v2\/categories?post=10301"},{"taxonomy":"post_tag","embeddable":true,"href":"https:\/\/blogs.correiobraziliense.com.br\/capital-sa\/wp-json\/wp\/v2\/tags?post=10301"}],"curies":[{"name":"wp","href":"https:\/\/api.w.org\/{rel}","templated":true}]}}