{"id":10279,"date":"2022-10-10T11:45:03","date_gmt":"2022-10-10T14:45:03","guid":{"rendered":"https:\/\/blogs.correiobraziliense.com.br\/capital-sa\/?p=10279"},"modified":"2022-10-10T14:48:44","modified_gmt":"2022-10-10T17:48:44","slug":"endividamento-do-brasileiro-atinge-novo-recorde-em-setembro","status":"publish","type":"post","link":"https:\/\/blogs.correiobraziliense.com.br\/capital-sa\/2022\/10\/10\/endividamento-do-brasileiro-atinge-novo-recorde-em-setembro\/","title":{"rendered":"Endividamento do brasileiro atinge novo recorde em setembro"},"content":{"rendered":"<p class=\"p1\"><i>Volume de fam\u00edlias com contas atrasadas tamb\u00e9m alcan\u00e7ou marca hist\u00f3rica de 30%.<\/i><\/p>\n<p><b>Por Samanta Sallum\u00a0<\/b><\/p>\n<p class=\"p1\"><span class=\"s1\">O total de lares brasileiros com d\u00edvidas a vencer chegou a 79,3%, o terceiro aumento consecutivo em 2022. Pela primeira vez, est\u00e1 atingindo mais de 80% dos pobres. E o volume de consumidores que, em setembro, atrasaram o pagamento de contas chegou a 30%, o maior desde 2010. \u00c9 o que aponta a Pesquisa de Endividamento e Inadimpl\u00eancia do Consumidor (Peic), apurada mensalmente pela Confedera\u00e7\u00e3o Nacional do Com\u00e9rcio de Bens, Servi\u00e7os e Turismo (CNC).<\/span><\/p>\n<p class=\"p1\"><span class=\"s1\">No entanto, a propor\u00e7\u00e3o do aumento de endividados, de 0,3 p.p em rela\u00e7\u00e3o a agosto, desacelerou e \u00e9 o menor desde abril deste ano. Na compara\u00e7\u00e3o com setembro do ano passado, tamb\u00e9m houve redu\u00e7\u00e3o.<\/span><\/p>\n<p class=\"p1\"><span class=\"s1\">&#8220;\u00c9 poss\u00edvel verificar que a melhora gradual do mercado de trabalho, as pol\u00edticas de transfer\u00eancia de renda e a queda da infla\u00e7\u00e3o nos \u00faltimos dois meses s\u00e3o fatores que geram maior disponibilidade de renda para as fam\u00edlias. Por outro lado, podemos observar que o alto n\u00edvel de endividamento e os juros elevados afetam o or\u00e7amento das fam\u00edlias de menor renda, ao encarecerem as d\u00edvidas j\u00e1 contra\u00eddas&#8221;, aponta o presidente da CNC, Jos\u00e9 Roberto Tadros. <\/span><\/p>\n<p class=\"p1\"><span class=\"s1\"><b>Maior patamar da s\u00e9rie hist\u00f3rica\u00a0<\/b><\/span><\/p>\n<p class=\"p1\"><span class=\"s1\">Em setembro, a propor\u00e7\u00e3o de endividados entre os consumidores com renda inferior a 10 sal\u00e1rios m\u00ednimos aumentou 0,4% e atingiu 80,3%, o maior patamar da s\u00e9rie hist\u00f3rica da Peic. <\/span><\/p>\n<p class=\"p1\"><span class=\"s1\">No grupo de fam\u00edlias com maior renda, a propor\u00e7\u00e3o de endividados manteve-se est\u00e1vel em setembro.<\/span><\/p>\n<p class=\"p1\"><span class=\"s1\"><b>Inadimpl\u00eancia acelerou<\/b><\/span><\/p>\n<p class=\"p1\"><span class=\"s1\">Em setembro, o volume de consumidores que atrasaram o pagamento de d\u00edvidas atingiu 30%, o maior desde o in\u00edcio da Peic, em 2010. <\/span><\/p>\n<p class=\"p1\"><span class=\"s1\">Esse \u00e9 o terceiro aumento mensal consecutivo da taxa, que evoluiu 0,4 p.p. Ao contr\u00e1rio do endividamento, que cresceu em ritmo menor, em um ano, o indicador de d\u00edvidas atrasadas expandiu 4,5%, a maior taxa anual desde mar\u00e7o de 2016.<\/span><\/p>\n<p class=\"p1\"><span class=\"s1\"><b>Mulheres endividadas em cart\u00e3o de cr\u00e9dito; homens, em carn\u00eas de loja<\/b><\/span><\/p>\n<p class=\"p1\"><span class=\"s1\">O endividamento avan\u00e7ou 0,9 ponto percentual entre as mulheres, de agosto para setembro (eram 80%, agora s\u00e3o 80,9%), enquanto caiu ligeiramente entre os homens (0,1 p.p., de 78,3% para 78,2%).<\/span><\/p>\n<p class=\"p1\"><span class=\"s1\"> No intervalo de um ano, as mulheres tamb\u00e9m contrataram mais d\u00edvidas do que os homens (aumento de 5,9 p.p. e 5,1 p.p., respectivamente). <\/span><\/p>\n<p class=\"p1\"><span class=\"s1\">As mulheres s\u00e3o as mais endividadas no cart\u00e3o de cr\u00e9dito e no cheque especial, atualmente. Nas demais modalidades de d\u00edvida, como carn\u00eas de loja, cr\u00e9dito pessoal, financiamento de carro e casa ou cr\u00e9dito consignado, por exemplo, o p\u00fablico masculino \u00e9 mais numeroso.<\/span><\/p>\n","protected":false},"excerpt":{"rendered":"<p>Volume de fam\u00edlias com contas atrasadas tamb\u00e9m alcan\u00e7ou marca hist\u00f3rica de 30%. Por Samanta Sallum\u00a0 O total de lares brasileiros com d\u00edvidas a vencer chegou a 79,3%, o terceiro aumento consecutivo em 2022. Pela primeira vez, est\u00e1 atingindo mais de 80% dos pobres. E o volume de consumidores que, em setembro, atrasaram o pagamento de contas chegou a 30%, o [&hellip;]<\/p>\n","protected":false},"author":125,"featured_media":0,"comment_status":"open","ping_status":"open","sticky":false,"template":"","format":"standard","meta":{"footnotes":""},"categories":[6],"tags":[687,417,419,1308,771],"class_list":["post-10279","post","type-post","status-publish","format-standard","hentry","category-coluna-capital-s-a","tag-dividas","tag-endividamento","tag-renda","tag-rendafamiliar","tag-peic"],"_links":{"self":[{"href":"https:\/\/blogs.correiobraziliense.com.br\/capital-sa\/wp-json\/wp\/v2\/posts\/10279","targetHints":{"allow":["GET"]}}],"collection":[{"href":"https:\/\/blogs.correiobraziliense.com.br\/capital-sa\/wp-json\/wp\/v2\/posts"}],"about":[{"href":"https:\/\/blogs.correiobraziliense.com.br\/capital-sa\/wp-json\/wp\/v2\/types\/post"}],"author":[{"embeddable":true,"href":"https:\/\/blogs.correiobraziliense.com.br\/capital-sa\/wp-json\/wp\/v2\/users\/125"}],"replies":[{"embeddable":true,"href":"https:\/\/blogs.correiobraziliense.com.br\/capital-sa\/wp-json\/wp\/v2\/comments?post=10279"}],"version-history":[{"count":6,"href":"https:\/\/blogs.correiobraziliense.com.br\/capital-sa\/wp-json\/wp\/v2\/posts\/10279\/revisions"}],"predecessor-version":[{"id":10300,"href":"https:\/\/blogs.correiobraziliense.com.br\/capital-sa\/wp-json\/wp\/v2\/posts\/10279\/revisions\/10300"}],"wp:attachment":[{"href":"https:\/\/blogs.correiobraziliense.com.br\/capital-sa\/wp-json\/wp\/v2\/media?parent=10279"}],"wp:term":[{"taxonomy":"category","embeddable":true,"href":"https:\/\/blogs.correiobraziliense.com.br\/capital-sa\/wp-json\/wp\/v2\/categories?post=10279"},{"taxonomy":"post_tag","embeddable":true,"href":"https:\/\/blogs.correiobraziliense.com.br\/capital-sa\/wp-json\/wp\/v2\/tags?post=10279"}],"curies":[{"name":"wp","href":"https:\/\/api.w.org\/{rel}","templated":true}]}}