{"id":10244,"date":"2022-10-10T10:20:07","date_gmt":"2022-10-10T13:20:07","guid":{"rendered":"https:\/\/blogs.correiobraziliense.com.br\/capital-sa\/?p=10244"},"modified":"2022-10-10T14:33:02","modified_gmt":"2022-10-10T17:33:02","slug":"embaixada-dos-eua-promove-exposicao-euescolhoaterra","status":"publish","type":"post","link":"https:\/\/blogs.correiobraziliense.com.br\/capital-sa\/2022\/10\/10\/embaixada-dos-eua-promove-exposicao-euescolhoaterra\/","title":{"rendered":"Embaixada dos EUA promove exposi\u00e7\u00e3o #EuEscolhoATerra"},"content":{"rendered":"<p class=\"p2\"><b>Por Samanta Sallum<br \/>\n<\/b>Foto de Breno Di\u00f3genes<\/p>\n<p class=\"p2\"><span class=\"s1\">A Embaixada dos EUA organizou uma exposi\u00e7\u00e3o com 30 fotos sobre o meio ambiente. A iniciativa #EuEscolhoATerra \u00e9 resultado de um concurso fotogr\u00e1fico realizado no Instagram da embaixada, em 2021, para promover temas relacionados \u00e0 COP26.<\/span><\/p>\n<p class=\"p2\"><span class=\"s1\">A mostra gratuita j\u00e1 come\u00e7ou em Bras\u00edlia e estar\u00e1 aberta ao p\u00fablico at\u00e9 4 de novembro, na Galeria de Arte da Casa Thomas Jefferson, na 906 Sul.<\/span><\/p>\n<p class=\"p2\"><span class=\"s1\">Al\u00e9m de Bras\u00edlia, vai passar por Minas Gerais, Rio de Janeiro, Pernambuco, S\u00e3o Paulo, entre outros estados. <\/span><\/p>\n<p class=\"p2\"><span class=\"s1\">As fotos ressaltam a import\u00e2ncia da preserva\u00e7\u00e3o e da sustentabilidade, al\u00e9m de retratar a rela\u00e7\u00e3o dos seres humanos com a natureza. Revelam a urg\u00eancia da a\u00e7\u00e3o ambiental e a beleza incompar\u00e1vel dos espa\u00e7os naturais no Brasil.<\/span><\/p>\n<p class=\"p2\"><span class=\"s1\"><b>Servi\u00e7o<\/b>:<\/span><\/p>\n<p class=\"p2\"><span class=\"s1\">Exposi\u00e7\u00e3o de fotografias #EuEscolhoATerra<\/span><\/p>\n<p class=\"p2\"><span class=\"s1\">De segunda a sexta-feira, das 8h \u00e0s 19h; e s\u00e1bados, das 8h \u00e0s 12h.<\/span><\/p>\n","protected":false},"excerpt":{"rendered":"<p>Por Samanta Sallum Foto de Breno Di\u00f3genes A Embaixada dos EUA organizou uma exposi\u00e7\u00e3o com 30 fotos sobre o meio ambiente. A iniciativa #EuEscolhoATerra \u00e9 resultado de um concurso fotogr\u00e1fico realizado no Instagram da embaixada, em 2021, para promover temas relacionados \u00e0 COP26. A mostra gratuita j\u00e1 come\u00e7ou em Bras\u00edlia e estar\u00e1 aberta ao p\u00fablico at\u00e9 4 de novembro, na [&hellip;]<\/p>\n","protected":false},"author":125,"featured_media":10247,"comment_status":"open","ping_status":"open","sticky":false,"template":"","format":"standard","meta":{"footnotes":""},"categories":[6],"tags":[1564,1565,271,183],"class_list":["post-10244","post","type-post","status-publish","format-standard","has-post-thumbnail","hentry","category-coluna-capital-s-a","tag-emaixadaeua","tag-euescolhoaterra","tag-exposicao","tag-fotografia"],"_links":{"self":[{"href":"https:\/\/blogs.correiobraziliense.com.br\/capital-sa\/wp-json\/wp\/v2\/posts\/10244","targetHints":{"allow":["GET"]}}],"collection":[{"href":"https:\/\/blogs.correiobraziliense.com.br\/capital-sa\/wp-json\/wp\/v2\/posts"}],"about":[{"href":"https:\/\/blogs.correiobraziliense.com.br\/capital-sa\/wp-json\/wp\/v2\/types\/post"}],"author":[{"embeddable":true,"href":"https:\/\/blogs.correiobraziliense.com.br\/capital-sa\/wp-json\/wp\/v2\/users\/125"}],"replies":[{"embeddable":true,"href":"https:\/\/blogs.correiobraziliense.com.br\/capital-sa\/wp-json\/wp\/v2\/comments?post=10244"}],"version-history":[{"count":6,"href":"https:\/\/blogs.correiobraziliense.com.br\/capital-sa\/wp-json\/wp\/v2\/posts\/10244\/revisions"}],"predecessor-version":[{"id":10294,"href":"https:\/\/blogs.correiobraziliense.com.br\/capital-sa\/wp-json\/wp\/v2\/posts\/10244\/revisions\/10294"}],"wp:featuredmedia":[{"embeddable":true,"href":"https:\/\/blogs.correiobraziliense.com.br\/capital-sa\/wp-json\/wp\/v2\/media\/10247"}],"wp:attachment":[{"href":"https:\/\/blogs.correiobraziliense.com.br\/capital-sa\/wp-json\/wp\/v2\/media?parent=10244"}],"wp:term":[{"taxonomy":"category","embeddable":true,"href":"https:\/\/blogs.correiobraziliense.com.br\/capital-sa\/wp-json\/wp\/v2\/categories?post=10244"},{"taxonomy":"post_tag","embeddable":true,"href":"https:\/\/blogs.correiobraziliense.com.br\/capital-sa\/wp-json\/wp\/v2\/tags?post=10244"}],"curies":[{"name":"wp","href":"https:\/\/api.w.org\/{rel}","templated":true}]}}