{"id":10233,"date":"2022-10-10T09:42:27","date_gmt":"2022-10-10T12:42:27","guid":{"rendered":"https:\/\/blogs.correiobraziliense.com.br\/capital-sa\/?p=10233"},"modified":"2022-10-15T16:23:51","modified_gmt":"2022-10-15T19:23:51","slug":"isis-valverde-tem-missao-de-renovar-marca-de-sabonete","status":"publish","type":"post","link":"https:\/\/blogs.correiobraziliense.com.br\/capital-sa\/2022\/10\/10\/isis-valverde-tem-missao-de-renovar-marca-de-sabonete\/","title":{"rendered":"Isis Valverde tem miss\u00e3o de renovar marca de sabonete"},"content":{"rendered":"<p>Por Samanta Sallum<\/p>\n<p class=\"p1\">Marca do grupo Flora se reposiciona e conta agora como a sua nova embaixadora a atriz Isis Valverde. As ag\u00eancias Inovnation e WMcCann foram contratadas para essa nova fase do sabonete Francis.<\/p>\n<p class=\"p1\">&#8220;Isis vai nos ajudar a comunicar nossas transforma\u00e7\u00f5es com muita qualidade e sofistica\u00e7\u00e3o, levando Francis a um novo patamar&#8221;, explicou Mauricio Utiyama, diretor de Neg\u00f3cios da UN Pele da Flora. A marca completou 50 anos em 2022.<\/p>\n<p><img loading=\"lazy\" decoding=\"async\" class=\"aligncenter size-medium wp-image-10238\" src=\"https:\/\/blogs.correiobraziliense.com.br\/capital-sa\/wp-content\/uploads\/sites\/59\/2022\/10\/56DAB43D-E49A-419B-BD72-FB2E9BA8D8FC-300x200.jpeg\" alt=\"\" width=\"300\" height=\"200\" srcset=\"https:\/\/blogs.correiobraziliense.com.br\/capital-sa\/wp-content\/uploads\/sites\/59\/2022\/10\/56DAB43D-E49A-419B-BD72-FB2E9BA8D8FC-300x200.jpeg 300w, https:\/\/blogs.correiobraziliense.com.br\/capital-sa\/wp-content\/uploads\/sites\/59\/2022\/10\/56DAB43D-E49A-419B-BD72-FB2E9BA8D8FC-768x512.jpeg 768w, https:\/\/blogs.correiobraziliense.com.br\/capital-sa\/wp-content\/uploads\/sites\/59\/2022\/10\/56DAB43D-E49A-419B-BD72-FB2E9BA8D8FC-1024x682.jpeg 1024w, https:\/\/blogs.correiobraziliense.com.br\/capital-sa\/wp-content\/uploads\/sites\/59\/2022\/10\/56DAB43D-E49A-419B-BD72-FB2E9BA8D8FC-800x533.jpeg 800w, https:\/\/blogs.correiobraziliense.com.br\/capital-sa\/wp-content\/uploads\/sites\/59\/2022\/10\/56DAB43D-E49A-419B-BD72-FB2E9BA8D8FC-550x367.jpeg 550w, https:\/\/blogs.correiobraziliense.com.br\/capital-sa\/wp-content\/uploads\/sites\/59\/2022\/10\/56DAB43D-E49A-419B-BD72-FB2E9BA8D8FC-230x153.jpeg 230w, https:\/\/blogs.correiobraziliense.com.br\/capital-sa\/wp-content\/uploads\/sites\/59\/2022\/10\/56DAB43D-E49A-419B-BD72-FB2E9BA8D8FC.jpeg 1280w\" sizes=\"auto, (max-width: 300px) 100vw, 300px\" \/><\/p>\n","protected":false},"excerpt":{"rendered":"<p>Por Samanta Sallum Marca do grupo Flora se reposiciona e conta agora como a sua nova embaixadora a atriz Isis Valverde. As ag\u00eancias Inovnation e WMcCann foram contratadas para essa nova fase do sabonete Francis. &#8220;Isis vai nos ajudar a comunicar nossas transforma\u00e7\u00f5es com muita qualidade e sofistica\u00e7\u00e3o, levando Francis a um novo patamar&#8221;, explicou Mauricio Utiyama, diretor de Neg\u00f3cios [&hellip;]<\/p>\n","protected":false},"author":125,"featured_media":10352,"comment_status":"open","ping_status":"open","sticky":false,"template":"","format":"standard","meta":{"footnotes":""},"categories":[6],"tags":[1562,1560,1563,1091,1561],"class_list":["post-10233","post","type-post","status-publish","format-standard","has-post-thumbnail","hentry","category-coluna-capital-s-a","tag-embaixadora","tag-francis","tag-isisvalverde","tag-marca","tag-sabonete"],"_links":{"self":[{"href":"https:\/\/blogs.correiobraziliense.com.br\/capital-sa\/wp-json\/wp\/v2\/posts\/10233","targetHints":{"allow":["GET"]}}],"collection":[{"href":"https:\/\/blogs.correiobraziliense.com.br\/capital-sa\/wp-json\/wp\/v2\/posts"}],"about":[{"href":"https:\/\/blogs.correiobraziliense.com.br\/capital-sa\/wp-json\/wp\/v2\/types\/post"}],"author":[{"embeddable":true,"href":"https:\/\/blogs.correiobraziliense.com.br\/capital-sa\/wp-json\/wp\/v2\/users\/125"}],"replies":[{"embeddable":true,"href":"https:\/\/blogs.correiobraziliense.com.br\/capital-sa\/wp-json\/wp\/v2\/comments?post=10233"}],"version-history":[{"count":8,"href":"https:\/\/blogs.correiobraziliense.com.br\/capital-sa\/wp-json\/wp\/v2\/posts\/10233\/revisions"}],"predecessor-version":[{"id":10292,"href":"https:\/\/blogs.correiobraziliense.com.br\/capital-sa\/wp-json\/wp\/v2\/posts\/10233\/revisions\/10292"}],"wp:featuredmedia":[{"embeddable":true,"href":"https:\/\/blogs.correiobraziliense.com.br\/capital-sa\/wp-json\/wp\/v2\/media\/10352"}],"wp:attachment":[{"href":"https:\/\/blogs.correiobraziliense.com.br\/capital-sa\/wp-json\/wp\/v2\/media?parent=10233"}],"wp:term":[{"taxonomy":"category","embeddable":true,"href":"https:\/\/blogs.correiobraziliense.com.br\/capital-sa\/wp-json\/wp\/v2\/categories?post=10233"},{"taxonomy":"post_tag","embeddable":true,"href":"https:\/\/blogs.correiobraziliense.com.br\/capital-sa\/wp-json\/wp\/v2\/tags?post=10233"}],"curies":[{"name":"wp","href":"https:\/\/api.w.org\/{rel}","templated":true}]}}