{"id":10224,"date":"2022-10-10T09:09:06","date_gmt":"2022-10-10T12:09:06","guid":{"rendered":"https:\/\/blogs.correiobraziliense.com.br\/capital-sa\/?p=10224"},"modified":"2022-10-10T14:29:51","modified_gmt":"2022-10-10T17:29:51","slug":"acervo-agora-na-w3-norte","status":"publish","type":"post","link":"https:\/\/blogs.correiobraziliense.com.br\/capital-sa\/2022\/10\/10\/acervo-agora-na-w3-norte\/","title":{"rendered":"Acervo agora na W3 Norte"},"content":{"rendered":"<div><span style=\"font-size: large\"><i>Por Samanta Sallum\u00a0<\/i><\/span><\/div>\n<div><span style=\"font-size: large\">\u00a0<\/span><\/div>\n<div><span style=\"font-size: large\">Com sete anos de atua\u00e7\u00e3o, a Acervo acaba de se mudar para a W3 Norte. A troca de endere\u00e7o celebra nova etapa da empresa e a chegada de uma outra marca ao portf\u00f3lio, a Folio (de Londrina).<\/span><\/div>\n<div><\/div>\n<div><span style=\"font-size: large\"><span style=\"font-size: large\"><span style=\"font-size: large\">Antes localizada no \u00faltimo andar do Edif\u00edcio Empire Center, no SBS, a loja dos s\u00f3cios e arquitetos Thiago e Michele Turchi e Jainy Siqueira agora est\u00e1 na 710 Norte. A decis\u00e3o vai ao encontro ao movimento de ocupa\u00e7\u00e3o e revitaliza\u00e7\u00e3o da avenida W3.<\/span><\/span><\/span><img loading=\"lazy\" decoding=\"async\" class=\"aligncenter size-medium wp-image-10231\" src=\"https:\/\/blogs.correiobraziliense.com.br\/capital-sa\/wp-content\/uploads\/sites\/59\/2022\/10\/98796EA3-4E0E-4686-B6F7-5A1F23B922E8-214x300.jpeg\" alt=\"\" width=\"214\" height=\"300\" srcset=\"https:\/\/blogs.correiobraziliense.com.br\/capital-sa\/wp-content\/uploads\/sites\/59\/2022\/10\/98796EA3-4E0E-4686-B6F7-5A1F23B922E8-214x300.jpeg 214w, https:\/\/blogs.correiobraziliense.com.br\/capital-sa\/wp-content\/uploads\/sites\/59\/2022\/10\/98796EA3-4E0E-4686-B6F7-5A1F23B922E8-768x1076.jpeg 768w, https:\/\/blogs.correiobraziliense.com.br\/capital-sa\/wp-content\/uploads\/sites\/59\/2022\/10\/98796EA3-4E0E-4686-B6F7-5A1F23B922E8-731x1024.jpeg 731w, https:\/\/blogs.correiobraziliense.com.br\/capital-sa\/wp-content\/uploads\/sites\/59\/2022\/10\/98796EA3-4E0E-4686-B6F7-5A1F23B922E8-800x1120.jpeg 800w, https:\/\/blogs.correiobraziliense.com.br\/capital-sa\/wp-content\/uploads\/sites\/59\/2022\/10\/98796EA3-4E0E-4686-B6F7-5A1F23B922E8-550x770.jpeg 550w, https:\/\/blogs.correiobraziliense.com.br\/capital-sa\/wp-content\/uploads\/sites\/59\/2022\/10\/98796EA3-4E0E-4686-B6F7-5A1F23B922E8-230x322.jpeg 230w, https:\/\/blogs.correiobraziliense.com.br\/capital-sa\/wp-content\/uploads\/sites\/59\/2022\/10\/98796EA3-4E0E-4686-B6F7-5A1F23B922E8.jpeg 914w\" sizes=\"auto, (max-width: 214px) 100vw, 214px\" \/><\/div>\n<div><span style=\"font-size: large\">Dona de um acervo contempor\u00e2neo, a loja \u00e9 recheada com refer\u00eancias do design autoral, como Mezas Company, Luan del Savio, Estudio Bro, Ronald Sasson, Studio Massa, entre outros.<\/span><\/div>\n","protected":false},"excerpt":{"rendered":"<p>Por Samanta Sallum\u00a0 \u00a0 Com sete anos de atua\u00e7\u00e3o, a Acervo acaba de se mudar para a W3 Norte. A troca de endere\u00e7o celebra nova etapa da empresa e a chegada de uma outra marca ao portf\u00f3lio, a Folio (de Londrina). Antes localizada no \u00faltimo andar do Edif\u00edcio Empire Center, no SBS, a loja dos s\u00f3cios e arquitetos Thiago e [&hellip;]<\/p>\n","protected":false},"author":125,"featured_media":10230,"comment_status":"open","ping_status":"open","sticky":false,"template":"","format":"standard","meta":{"footnotes":""},"categories":[6],"tags":[1557,1559,1558],"class_list":["post-10224","post","type-post","status-publish","format-standard","has-post-thumbnail","hentry","category-coluna-capital-s-a","tag-acervo","tag-design","tag-w3norte"],"_links":{"self":[{"href":"https:\/\/blogs.correiobraziliense.com.br\/capital-sa\/wp-json\/wp\/v2\/posts\/10224","targetHints":{"allow":["GET"]}}],"collection":[{"href":"https:\/\/blogs.correiobraziliense.com.br\/capital-sa\/wp-json\/wp\/v2\/posts"}],"about":[{"href":"https:\/\/blogs.correiobraziliense.com.br\/capital-sa\/wp-json\/wp\/v2\/types\/post"}],"author":[{"embeddable":true,"href":"https:\/\/blogs.correiobraziliense.com.br\/capital-sa\/wp-json\/wp\/v2\/users\/125"}],"replies":[{"embeddable":true,"href":"https:\/\/blogs.correiobraziliense.com.br\/capital-sa\/wp-json\/wp\/v2\/comments?post=10224"}],"version-history":[{"count":9,"href":"https:\/\/blogs.correiobraziliense.com.br\/capital-sa\/wp-json\/wp\/v2\/posts\/10224\/revisions"}],"predecessor-version":[{"id":10290,"href":"https:\/\/blogs.correiobraziliense.com.br\/capital-sa\/wp-json\/wp\/v2\/posts\/10224\/revisions\/10290"}],"wp:featuredmedia":[{"embeddable":true,"href":"https:\/\/blogs.correiobraziliense.com.br\/capital-sa\/wp-json\/wp\/v2\/media\/10230"}],"wp:attachment":[{"href":"https:\/\/blogs.correiobraziliense.com.br\/capital-sa\/wp-json\/wp\/v2\/media?parent=10224"}],"wp:term":[{"taxonomy":"category","embeddable":true,"href":"https:\/\/blogs.correiobraziliense.com.br\/capital-sa\/wp-json\/wp\/v2\/categories?post=10224"},{"taxonomy":"post_tag","embeddable":true,"href":"https:\/\/blogs.correiobraziliense.com.br\/capital-sa\/wp-json\/wp\/v2\/tags?post=10224"}],"curies":[{"name":"wp","href":"https:\/\/api.w.org\/{rel}","templated":true}]}}