{"id":10207,"date":"2022-10-07T14:49:15","date_gmt":"2022-10-07T17:49:15","guid":{"rendered":"https:\/\/blogs.correiobraziliense.com.br\/capital-sa\/?p=10207"},"modified":"2022-10-10T14:24:19","modified_gmt":"2022-10-10T17:24:19","slug":"acao-inclusiva-para-o-dia-das-criancas-no-patio-brasil","status":"publish","type":"post","link":"https:\/\/blogs.correiobraziliense.com.br\/capital-sa\/2022\/10\/07\/acao-inclusiva-para-o-dia-das-criancas-no-patio-brasil\/","title":{"rendered":"A\u00e7\u00e3o inclusiva para o Dia das Crian\u00e7as no P\u00e1tio Brasil"},"content":{"rendered":"<p><b>Por Samanta Sallum\u00a0<\/b><\/p>\n<p class=\"p1\">Em 2022, o P\u00e1tio Brasil Shopping celebra 25 anos. E preparou durante todo o ano eventos especiais. No Dia das Crian\u00e7as, al\u00e9m de uma programa\u00e7\u00e3o gratuita repleta de atra\u00e7\u00f5es para a meninada, organizou um momento inclusivo.<\/p>\n<p class=\"p1\">Durante a apresenta\u00e7\u00e3o gratuita, \u00e0s 16h, do espet\u00e1culo <i>Encanto<\/i>, com a Cia. Teatral N\u00e9ia e Nando, 21 crian\u00e7as convidadas pelo Instituto de Promo\u00e7\u00e3o de Pessoas com Defici\u00eancia Visual (IPPCDV)\u00a0 poder\u00e3o participar recebendo audiodescri\u00e7\u00e3o.<\/p>\n<p class=\"p1\">Ser\u00e1 poss\u00edvel por meio de headsets &#8211; uma vers\u00e3o de fone de ouvido que proporciona crian\u00e7as com defici\u00eancia visual interagirem com o teatro.<\/p>\n","protected":false},"excerpt":{"rendered":"<p>Por Samanta Sallum\u00a0 Em 2022, o P\u00e1tio Brasil Shopping celebra 25 anos. E preparou durante todo o ano eventos especiais. No Dia das Crian\u00e7as, al\u00e9m de uma programa\u00e7\u00e3o gratuita repleta de atra\u00e7\u00f5es para a meninada, organizou um momento inclusivo. Durante a apresenta\u00e7\u00e3o gratuita, \u00e0s 16h, do espet\u00e1culo Encanto, com a Cia. Teatral N\u00e9ia e Nando, 21 crian\u00e7as convidadas pelo Instituto [&hellip;]<\/p>\n","protected":false},"author":125,"featured_media":10210,"comment_status":"open","ping_status":"open","sticky":false,"template":"","format":"standard","meta":{"footnotes":""},"categories":[6],"tags":[998,192,1552,1551,1550],"class_list":["post-10207","post","type-post","status-publish","format-standard","has-post-thumbnail","hentry","category-coluna-capital-s-a","tag-25anos","tag-criancas","tag-deficienciavisual","tag-ippcdv","tag-patiobrasil"],"_links":{"self":[{"href":"https:\/\/blogs.correiobraziliense.com.br\/capital-sa\/wp-json\/wp\/v2\/posts\/10207","targetHints":{"allow":["GET"]}}],"collection":[{"href":"https:\/\/blogs.correiobraziliense.com.br\/capital-sa\/wp-json\/wp\/v2\/posts"}],"about":[{"href":"https:\/\/blogs.correiobraziliense.com.br\/capital-sa\/wp-json\/wp\/v2\/types\/post"}],"author":[{"embeddable":true,"href":"https:\/\/blogs.correiobraziliense.com.br\/capital-sa\/wp-json\/wp\/v2\/users\/125"}],"replies":[{"embeddable":true,"href":"https:\/\/blogs.correiobraziliense.com.br\/capital-sa\/wp-json\/wp\/v2\/comments?post=10207"}],"version-history":[{"count":5,"href":"https:\/\/blogs.correiobraziliense.com.br\/capital-sa\/wp-json\/wp\/v2\/posts\/10207\/revisions"}],"predecessor-version":[{"id":10287,"href":"https:\/\/blogs.correiobraziliense.com.br\/capital-sa\/wp-json\/wp\/v2\/posts\/10207\/revisions\/10287"}],"wp:featuredmedia":[{"embeddable":true,"href":"https:\/\/blogs.correiobraziliense.com.br\/capital-sa\/wp-json\/wp\/v2\/media\/10210"}],"wp:attachment":[{"href":"https:\/\/blogs.correiobraziliense.com.br\/capital-sa\/wp-json\/wp\/v2\/media?parent=10207"}],"wp:term":[{"taxonomy":"category","embeddable":true,"href":"https:\/\/blogs.correiobraziliense.com.br\/capital-sa\/wp-json\/wp\/v2\/categories?post=10207"},{"taxonomy":"post_tag","embeddable":true,"href":"https:\/\/blogs.correiobraziliense.com.br\/capital-sa\/wp-json\/wp\/v2\/tags?post=10207"}],"curies":[{"name":"wp","href":"https:\/\/api.w.org\/{rel}","templated":true}]}}