{"id":10195,"date":"2022-10-07T14:51:53","date_gmt":"2022-10-07T17:51:53","guid":{"rendered":"https:\/\/blogs.correiobraziliense.com.br\/capital-sa\/?p=10195"},"modified":"2022-10-10T14:28:28","modified_gmt":"2022-10-10T17:28:28","slug":"veterinaria-em-brasilia-e-referencia-em-tratamento-com-celulas-troco-em-pets","status":"publish","type":"post","link":"https:\/\/blogs.correiobraziliense.com.br\/capital-sa\/2022\/10\/07\/veterinaria-em-brasilia-e-referencia-em-tratamento-com-celulas-troco-em-pets\/","title":{"rendered":"Veterin\u00e1ria de Bras\u00edlia \u00e9 refer\u00eancia em tratamento com c\u00e9lulas-tronco em pets"},"content":{"rendered":"<p><b>Por Samanta Sallum\u00a0<\/b><\/p>\n<p class=\"p1\">A medicina veterin\u00e1ria tem avan\u00e7ado para tornar cada vez mais longa e saud\u00e1vel a vida dos pets. \u00c9 essa a linha de atua\u00e7\u00e3o da cl\u00ednica Afetto, que trabalha h\u00e1 um ano e meio em uma \u00e1rea ainda pouco conhecida, oferecendo tratamentos com c\u00e9lulas-tronco e fisioterapias especiais para c\u00e3es e gatos.<\/p>\n<p class=\"p1\"><span class=\"s1\">A Afetto \u00e9 um centro de reabilita\u00e7\u00e3o animal. Pode\u00a0<\/span>recuperar os bichinhos \u00a0com sequelas neurol\u00f3gicas de doen\u00e7as como a cinomose, de problemas renais e osteoartroses.<\/p>\n<p class=\"p1\">A empreendedora \u00e0 frente da cl\u00ednica \u00e9 a\u00a0m\u00e9dica veterin\u00e1ria Ana Fl\u00e1via Gon\u00e7alves, 31 anos, que\u00a0det\u00e9m a primeira unidade da franquia Mundo \u00e0 Parte, em Bras\u00edlia &#8211; a maior rede de fisioterapia veterin\u00e1ria do mundo.<\/p>\n<p class=\"p1\">Um dos procedimentos de reabilita\u00e7\u00e3o \u00e9 feito com aplica\u00e7\u00f5es de inje\u00e7\u00f5es de c\u00e9lulas (medicamentosas), de acordo com a necessidade do pet. Geralmente, s\u00e3o feitas tr\u00eas aplica\u00e7\u00f5es com intervalos de 21 dias.<\/p>\n<p><img loading=\"lazy\" decoding=\"async\" class=\"aligncenter size-medium wp-image-10215\" src=\"https:\/\/blogs.correiobraziliense.com.br\/capital-sa\/wp-content\/uploads\/sites\/59\/2022\/10\/018BA3C6-7D3B-4887-AAAA-233235DB9CC8-289x300.jpeg\" alt=\"\" width=\"289\" height=\"300\" srcset=\"https:\/\/blogs.correiobraziliense.com.br\/capital-sa\/wp-content\/uploads\/sites\/59\/2022\/10\/018BA3C6-7D3B-4887-AAAA-233235DB9CC8-289x300.jpeg 289w, https:\/\/blogs.correiobraziliense.com.br\/capital-sa\/wp-content\/uploads\/sites\/59\/2022\/10\/018BA3C6-7D3B-4887-AAAA-233235DB9CC8-768x797.jpeg 768w, https:\/\/blogs.correiobraziliense.com.br\/capital-sa\/wp-content\/uploads\/sites\/59\/2022\/10\/018BA3C6-7D3B-4887-AAAA-233235DB9CC8-987x1024.jpeg 987w, https:\/\/blogs.correiobraziliense.com.br\/capital-sa\/wp-content\/uploads\/sites\/59\/2022\/10\/018BA3C6-7D3B-4887-AAAA-233235DB9CC8-800x830.jpeg 800w, https:\/\/blogs.correiobraziliense.com.br\/capital-sa\/wp-content\/uploads\/sites\/59\/2022\/10\/018BA3C6-7D3B-4887-AAAA-233235DB9CC8-550x571.jpeg 550w, https:\/\/blogs.correiobraziliense.com.br\/capital-sa\/wp-content\/uploads\/sites\/59\/2022\/10\/018BA3C6-7D3B-4887-AAAA-233235DB9CC8-230x239.jpeg 230w, https:\/\/blogs.correiobraziliense.com.br\/capital-sa\/wp-content\/uploads\/sites\/59\/2022\/10\/018BA3C6-7D3B-4887-AAAA-233235DB9CC8.jpeg 1099w\" sizes=\"auto, (max-width: 289px) 100vw, 289px\" \/><\/p>\n<p>A partir do 15\u00ba dia, ap\u00f3s a primeira aplica\u00e7\u00e3o, o animal j\u00e1 sente os efeitos do tratamento. Entre eles, a diminui\u00e7\u00e3o da dor ou do desconforto, al\u00e9m da recupera\u00e7\u00e3o de movimentos e at\u00e9 mesmo do retorno da locomo\u00e7\u00e3o.<\/p>\n<p><b>Ajuda do Sebrae\u00a0<\/b><\/p>\n<p>A necessidade de manter-se atualizada nas frentes de atendimento e na administra\u00e7\u00e3o da empresa levou Ana Fl\u00e1via a buscar apoio do Sebrae no DF.\u00a0Queria organizar a gest\u00e3o e vislumbrar uma rota de neg\u00f3cio mais rent\u00e1vel. Conseguiu: aumentou em 150% o n\u00famero de atendimento na unidade que fica no Polo de Artesanato na regi\u00e3o do Jardim Bot\u00e2nico.<\/p>\n<p class=\"p1\"><span class=\"s1\"><b>Presen\u00e7a digital\u00a0<\/b><\/span><\/p>\n<p class=\"p1\"><span class=\"s1\">O neg\u00f3cio deu uma grande virada quando\u00a0ampliou a presen\u00e7a digital. Ao longo de tr\u00eas meses, Ana Fl\u00e1via recebeu consultorias sobre controle financeiro, forma\u00e7\u00e3o de pre\u00e7os e comunica\u00e7\u00e3o digital.<\/span><\/p>\n<p class=\"p1\"><span class=\"s1\">\u00a0&#8220;<\/span><span class=\"s2\">Eu ofere\u00e7o tratamentos extremamente importantes, como a terapia com c\u00e9lulas-tronco, que apresenta resultados surpreendentes para c\u00e3es que deixaram de andar, por exemplo, e voltam a se locomover. E eu consegui dar mais visibilidade a esse trabalho com o Sebrae&#8221;, conta.<\/span><\/p>\n<p><img loading=\"lazy\" decoding=\"async\" class=\"aligncenter size-medium wp-image-10216\" src=\"https:\/\/blogs.correiobraziliense.com.br\/capital-sa\/wp-content\/uploads\/sites\/59\/2022\/10\/53B185DB-73F8-499B-8852-1598D21B670A-259x300.jpeg\" alt=\"\" width=\"259\" height=\"300\" srcset=\"https:\/\/blogs.correiobraziliense.com.br\/capital-sa\/wp-content\/uploads\/sites\/59\/2022\/10\/53B185DB-73F8-499B-8852-1598D21B670A-259x300.jpeg 259w, https:\/\/blogs.correiobraziliense.com.br\/capital-sa\/wp-content\/uploads\/sites\/59\/2022\/10\/53B185DB-73F8-499B-8852-1598D21B670A-768x888.jpeg 768w, https:\/\/blogs.correiobraziliense.com.br\/capital-sa\/wp-content\/uploads\/sites\/59\/2022\/10\/53B185DB-73F8-499B-8852-1598D21B670A-885x1024.jpeg 885w, https:\/\/blogs.correiobraziliense.com.br\/capital-sa\/wp-content\/uploads\/sites\/59\/2022\/10\/53B185DB-73F8-499B-8852-1598D21B670A-800x925.jpeg 800w, https:\/\/blogs.correiobraziliense.com.br\/capital-sa\/wp-content\/uploads\/sites\/59\/2022\/10\/53B185DB-73F8-499B-8852-1598D21B670A-550x636.jpeg 550w, https:\/\/blogs.correiobraziliense.com.br\/capital-sa\/wp-content\/uploads\/sites\/59\/2022\/10\/53B185DB-73F8-499B-8852-1598D21B670A-230x266.jpeg 230w, https:\/\/blogs.correiobraziliense.com.br\/capital-sa\/wp-content\/uploads\/sites\/59\/2022\/10\/53B185DB-73F8-499B-8852-1598D21B670A.jpeg 1085w\" sizes=\"auto, (max-width: 259px) 100vw, 259px\" \/><\/p>\n<p class=\"p1\"><span class=\"s1\"><b>Grande mercado<\/b><\/span><\/p>\n<p class=\"p1\"><span class=\"s1\">Segundo dados da Associa\u00e7\u00e3o Brasileira da Ind\u00fastria de Produtos para Animais de Estima\u00e7\u00e3o (Abinpet), o Brasil \u00e9 o terceiro pa\u00eds com a maior popula\u00e7\u00e3o de animais de estima\u00e7\u00e3o. S\u00e3o 54,2 milh\u00f5es de c\u00e3es e 23,9 milh\u00f5es de gatos.<\/span><\/p>\n<p><span class=\"s1\">Nainara Castro Oliveira, analista de atendimento e gestora de projetos do Sebrae no DF, conta que o potencial do neg\u00f3cio estava escondido. &#8220;<\/span><span class=\"s2\">Eles t\u00eam um servi\u00e7o bastante interessante e com muitos diferenciais \u2013 por exemplo, s\u00e3o refer\u00eancia no tratamento com c\u00e9lulas-tronco para animais, na Am\u00e9rica Latina \u2013, mas n\u00e3o tinham ainda um site para divulgar esse trabalho.&#8221;<\/span><\/p>\n<p class=\"p1\"><span class=\"s1\">A cl\u00ednica oferece, ainda, fisioterapias para doen\u00e7as ortop\u00e9dicas, neurol\u00f3gicas e para animais que precisam controlar a obesidade.<\/span><\/p>\n<p class=\"p1\"><span class=\"s1\">Para conhecer mais, acesse <a href=\"http:\/\/www.afettopet.com.br\/\"><span class=\"s3\">www.afettopet.com.br<\/span><\/a>.<\/span><\/p>\n<p class=\"p1\"><span class=\"s1\">Para consultorias do Sebrae no DF, acesse <a href=\"http:\/\/www.sebrae.com.br\/\"><span class=\"s3\">www.sebrae.com.br<\/span><\/a>.<\/span><\/p>\n","protected":false},"excerpt":{"rendered":"<p>Por Samanta Sallum\u00a0 A medicina veterin\u00e1ria tem avan\u00e7ado para tornar cada vez mais longa e saud\u00e1vel a vida dos pets. \u00c9 essa a linha de atua\u00e7\u00e3o da cl\u00ednica Afetto, que trabalha h\u00e1 um ano e meio em uma \u00e1rea ainda pouco conhecida, oferecendo tratamentos com c\u00e9lulas-tronco e fisioterapias especiais para c\u00e3es e gatos. A Afetto \u00e9 um centro de reabilita\u00e7\u00e3o [&hellip;]<\/p>\n","protected":false},"author":125,"featured_media":10197,"comment_status":"open","ping_status":"open","sticky":false,"template":"","format":"standard","meta":{"footnotes":""},"categories":[6],"tags":[1554,1555,1556,1553],"class_list":["post-10195","post","type-post","status-publish","format-standard","has-post-thumbnail","hentry","category-coluna-capital-s-a","tag-celulas-tronco","tag-clinicaafetto","tag-pet","tag-veterinaria"],"_links":{"self":[{"href":"https:\/\/blogs.correiobraziliense.com.br\/capital-sa\/wp-json\/wp\/v2\/posts\/10195","targetHints":{"allow":["GET"]}}],"collection":[{"href":"https:\/\/blogs.correiobraziliense.com.br\/capital-sa\/wp-json\/wp\/v2\/posts"}],"about":[{"href":"https:\/\/blogs.correiobraziliense.com.br\/capital-sa\/wp-json\/wp\/v2\/types\/post"}],"author":[{"embeddable":true,"href":"https:\/\/blogs.correiobraziliense.com.br\/capital-sa\/wp-json\/wp\/v2\/users\/125"}],"replies":[{"embeddable":true,"href":"https:\/\/blogs.correiobraziliense.com.br\/capital-sa\/wp-json\/wp\/v2\/comments?post=10195"}],"version-history":[{"count":13,"href":"https:\/\/blogs.correiobraziliense.com.br\/capital-sa\/wp-json\/wp\/v2\/posts\/10195\/revisions"}],"predecessor-version":[{"id":10288,"href":"https:\/\/blogs.correiobraziliense.com.br\/capital-sa\/wp-json\/wp\/v2\/posts\/10195\/revisions\/10288"}],"wp:featuredmedia":[{"embeddable":true,"href":"https:\/\/blogs.correiobraziliense.com.br\/capital-sa\/wp-json\/wp\/v2\/media\/10197"}],"wp:attachment":[{"href":"https:\/\/blogs.correiobraziliense.com.br\/capital-sa\/wp-json\/wp\/v2\/media?parent=10195"}],"wp:term":[{"taxonomy":"category","embeddable":true,"href":"https:\/\/blogs.correiobraziliense.com.br\/capital-sa\/wp-json\/wp\/v2\/categories?post=10195"},{"taxonomy":"post_tag","embeddable":true,"href":"https:\/\/blogs.correiobraziliense.com.br\/capital-sa\/wp-json\/wp\/v2\/tags?post=10195"}],"curies":[{"name":"wp","href":"https:\/\/api.w.org\/{rel}","templated":true}]}}