{"id":10175,"date":"2022-10-06T10:06:39","date_gmt":"2022-10-06T13:06:39","guid":{"rendered":"https:\/\/blogs.correiobraziliense.com.br\/capital-sa\/?p=10175"},"modified":"2022-10-07T10:27:20","modified_gmt":"2022-10-07T13:27:20","slug":"comercio-no-df-preve-contratar-24-mil-temporarios-para-o-fim-de-ano","status":"publish","type":"post","link":"https:\/\/blogs.correiobraziliense.com.br\/capital-sa\/2022\/10\/06\/comercio-no-df-preve-contratar-24-mil-temporarios-para-o-fim-de-ano\/","title":{"rendered":"Com\u00e9rcio no DF prev\u00ea contratar 2,4 mil tempor\u00e1rios para o fim de ano. Veja como se inscrever a uma vaga"},"content":{"rendered":"<p><b>Por Samanta Sallum\u00a0<\/b><\/p>\n<p><em>Copa do Mundo ajuda a elevar o n\u00famero de\u00a0<span class=\"s1\">contrata\u00e7\u00f5es em rela\u00e7\u00e3o ao mesmo per\u00edodo dos anos anteriores.<\/span><\/em><\/p>\n<p class=\"p1\"><span class=\"s1\">O com\u00e9rcio do Distrito Federal dever\u00e1 contratar 2,4 mil trabalhadores tempor\u00e1rios para o fim de ano. Nos dois \u00faltimos meses de 2021, foram contratadas 2 mil pessoas contra 1.100 do mesmo per\u00edodo em 2020.<br \/>\n<\/span><\/p>\n<p class=\"p1\">Candidatos a emprego que desejarem se inscrever devem entrar no site www.sindivarejista.com.br e preencher gratuitamente o cadastro. Os curr\u00edculos s\u00e3o enviados \u00e0s lojas, que fazem a sele\u00e7\u00e3o.<\/p>\n<p class=\"p1\"><span class=\"s1\">Para o presidente do Sindicato do Com\u00e9rcio Varejista \u2013 Sindivarejista \u2013, Sebasti\u00e3o Abritta: &#8220;Pela primeira vez na hist\u00f3ria, a Copa do Mundo ter\u00e1 reflexos positivos sobre o Natal&#8221;. Isso se deve ao fato de o evento no Catar come\u00e7ar em <\/span><span class=\"s2\">20 de novembro<\/span><span class=\"s1\"> e terminar em <\/span><span class=\"s2\">18 de dezembro<\/span><span class=\"s1\">, a apenas seis dias do Natal.<\/span><\/p>\n<p><img loading=\"lazy\" decoding=\"async\" class=\"aligncenter size-medium wp-image-10181\" src=\"https:\/\/blogs.correiobraziliense.com.br\/capital-sa\/wp-content\/uploads\/sites\/59\/2022\/10\/5D2B9B08-FD78-479B-A1A8-D10C29FE31F2-246x300.jpeg\" alt=\"\" width=\"246\" height=\"300\" srcset=\"https:\/\/blogs.correiobraziliense.com.br\/capital-sa\/wp-content\/uploads\/sites\/59\/2022\/10\/5D2B9B08-FD78-479B-A1A8-D10C29FE31F2-246x300.jpeg 246w, https:\/\/blogs.correiobraziliense.com.br\/capital-sa\/wp-content\/uploads\/sites\/59\/2022\/10\/5D2B9B08-FD78-479B-A1A8-D10C29FE31F2-550x670.jpeg 550w, https:\/\/blogs.correiobraziliense.com.br\/capital-sa\/wp-content\/uploads\/sites\/59\/2022\/10\/5D2B9B08-FD78-479B-A1A8-D10C29FE31F2-230x280.jpeg 230w, https:\/\/blogs.correiobraziliense.com.br\/capital-sa\/wp-content\/uploads\/sites\/59\/2022\/10\/5D2B9B08-FD78-479B-A1A8-D10C29FE31F2.jpeg 629w\" sizes=\"auto, (max-width: 246px) 100vw, 246px\" \/><\/p>\n<p class=\"p1\"><span class=\"s1\"><b>Vendas para o Natal<\/b><\/span><\/p>\n<p class=\"p1\"><span class=\"s1\">Como os jogos, em sua maioria, ser\u00e3o durante o dia, os comerciantes devem alterar o hor\u00e1rio de funcionamento das lojas, o que ainda ser\u00e1 decidido. O com\u00e9rcio estima que as vendas para o Natal devem crescer entre 17% e 19%.\u00a0<\/span><\/p>\n<p class=\"p1\"><span class=\"s1\">Al\u00e9m dos presentes convencionais, como roupas, cal\u00e7ados e brinquedos, os televisores dever\u00e3o ter aumento de pelo menos 23% \u00a0no DF na procura por conta do Mundial.<\/span><\/p>\n<p class=\"p1\"><span class=\"s1\">Um estudo da CNC divulgado hoje \u00a0projeta R$ 1,48 bi em vendas no com\u00e9rcio e servi\u00e7os no pa\u00eds para a Copa do Mundo. A expectativa supera em 7,9% os valores do Mundial de 2018. Um dos destaques \u00e9 que as importa\u00e7\u00f5es de smart TVs quase triplicaram em setembro deste ano, em rela\u00e7\u00e3o a 2021.<\/span><\/p>\n<p><b>Proje\u00e7\u00e3o nacional de tempor\u00e1rios \u00e9 menor\u00a0<\/b><\/p>\n<p class=\"p1\"><span class=\"s1\">A proje\u00e7\u00e3o nacional dos setores do com\u00e9rcio e de servi\u00e7os \u00e9 abrir 94,7 mil vagas tempor\u00e1rias at\u00e9 o final do ano em todo o pa\u00eds, com m\u00e9dia de 1,5 funcion\u00e1rio contratado por empresa. Mas esse n\u00famero \u00e9 inferior ao registrado na mesma pesquisa de 2021 (105.723 vagas), e tamb\u00e9m que o de 2019 (103.211 vagas).<\/span><\/p>\n<p><b>Fun\u00e7\u00f5es<\/b><\/p>\n<p class=\"p1\"><span class=\"s1\">As fun\u00e7\u00f5es que abrir\u00e3o mais vagas ser\u00e3o as de vendedores (29%), ajudantes (24%), balconistas (16%), cabeleireiros (7%), manicures (7%) e entregadores (6%).\u00a0Entre as empresas que far\u00e3o contrata\u00e7\u00f5es tempor\u00e1rias, 78% ser\u00e3o com dura\u00e7\u00e3o de at\u00e9 3 meses.<\/span><\/p>\n<p class=\"p1\"><span class=\"s1\">O levantamento \u00e9 da Confedera\u00e7\u00e3o Nacional de Dirigentes Lojistas (CNDL) e do Servi\u00e7o de Prote\u00e7\u00e3o ao Cr\u00e9dito (SPC Brasil), em parceria com o Sebrae.<\/span><\/p>\n<p class=\"p1\">\n","protected":false},"excerpt":{"rendered":"<p>Por Samanta Sallum\u00a0 Copa do Mundo ajuda a elevar o n\u00famero de\u00a0contrata\u00e7\u00f5es em rela\u00e7\u00e3o ao mesmo per\u00edodo dos anos anteriores. O com\u00e9rcio do Distrito Federal dever\u00e1 contratar 2,4 mil trabalhadores tempor\u00e1rios para o fim de ano. Nos dois \u00faltimos meses de 2021, foram contratadas 2 mil pessoas contra 1.100 do mesmo per\u00edodo em 2020. Candidatos a emprego que desejarem se [&hellip;]<\/p>\n","protected":false},"author":125,"featured_media":10180,"comment_status":"open","ping_status":"open","sticky":false,"template":"","format":"standard","meta":{"footnotes":""},"categories":[6],"tags":[1547,669,1548,10],"class_list":["post-10175","post","type-post","status-publish","format-standard","has-post-thumbnail","hentry","category-coluna-capital-s-a","tag-contratacoestemporarias","tag-copadomundo2022","tag-vendas-natal","tag-comercio"],"_links":{"self":[{"href":"https:\/\/blogs.correiobraziliense.com.br\/capital-sa\/wp-json\/wp\/v2\/posts\/10175","targetHints":{"allow":["GET"]}}],"collection":[{"href":"https:\/\/blogs.correiobraziliense.com.br\/capital-sa\/wp-json\/wp\/v2\/posts"}],"about":[{"href":"https:\/\/blogs.correiobraziliense.com.br\/capital-sa\/wp-json\/wp\/v2\/types\/post"}],"author":[{"embeddable":true,"href":"https:\/\/blogs.correiobraziliense.com.br\/capital-sa\/wp-json\/wp\/v2\/users\/125"}],"replies":[{"embeddable":true,"href":"https:\/\/blogs.correiobraziliense.com.br\/capital-sa\/wp-json\/wp\/v2\/comments?post=10175"}],"version-history":[{"count":15,"href":"https:\/\/blogs.correiobraziliense.com.br\/capital-sa\/wp-json\/wp\/v2\/posts\/10175\/revisions"}],"predecessor-version":[{"id":10194,"href":"https:\/\/blogs.correiobraziliense.com.br\/capital-sa\/wp-json\/wp\/v2\/posts\/10175\/revisions\/10194"}],"wp:featuredmedia":[{"embeddable":true,"href":"https:\/\/blogs.correiobraziliense.com.br\/capital-sa\/wp-json\/wp\/v2\/media\/10180"}],"wp:attachment":[{"href":"https:\/\/blogs.correiobraziliense.com.br\/capital-sa\/wp-json\/wp\/v2\/media?parent=10175"}],"wp:term":[{"taxonomy":"category","embeddable":true,"href":"https:\/\/blogs.correiobraziliense.com.br\/capital-sa\/wp-json\/wp\/v2\/categories?post=10175"},{"taxonomy":"post_tag","embeddable":true,"href":"https:\/\/blogs.correiobraziliense.com.br\/capital-sa\/wp-json\/wp\/v2\/tags?post=10175"}],"curies":[{"name":"wp","href":"https:\/\/api.w.org\/{rel}","templated":true}]}}