{"id":10136,"date":"2022-10-04T16:57:47","date_gmt":"2022-10-04T19:57:47","guid":{"rendered":"https:\/\/blogs.correiobraziliense.com.br\/capital-sa\/?p=10136"},"modified":"2022-10-05T14:36:09","modified_gmt":"2022-10-05T17:36:09","slug":"programa-de-conduta-etica-sera-lancado-no-forum-do-mercado-imobiliario","status":"publish","type":"post","link":"https:\/\/blogs.correiobraziliense.com.br\/capital-sa\/2022\/10\/04\/programa-de-conduta-etica-sera-lancado-no-forum-do-mercado-imobiliario\/","title":{"rendered":"Programa de conduta \u00e9tica ser\u00e1 lan\u00e7ado no f\u00f3rum do mercado imobili\u00e1rio"},"content":{"rendered":"<div class=\"gmail_quote\">Por Samanta Sallum<\/div>\n<div class=\"gmail_quote\"><span style=\"font-size: large\"><br \/>\nSer\u00e1 realizado nesta quarta-feira o <em>F\u00f3rum Integridade no Mercado Rea<\/em>l <em>Estate<\/em>, que vai reunir\u00a0<\/span><span style=\"font-size: large\"><span style=\"font-size: large\"><span style=\"font-size: large\">os principais players do setor imobili\u00e1rio local e nacional em diversos pain\u00e9is. E, no evento, em Bras\u00edlia, ser\u00e1\u00a0lan\u00e7ado o Programa de Integridade do Sinduscon-DF e sua adequa\u00e7\u00e3o \u00e0 Lei Geral de Prote\u00e7\u00e3o de Dados.<\/span><\/span><\/span><\/div>\n<div><\/div>\n<div><\/div>\n<div><\/div>\n<div class=\"gmail_quote\">\n<p>\u00c9 uma\u00a0<span style=\"font-size: large\">iniciativa da entidade\u00a0por meio do seu Conselho de \u00c9tica. &#8220;A governan\u00e7a corporativa e o compliance s\u00e3o tend\u00eancia mundiais. A ado\u00e7\u00e3o do protocolos de conduta com regras claras ser\u00e1 seguida pela diretoria eleita, funcion\u00e1rios, assessores\u00a0e empresas que prestam servi\u00e7os para o sindicato. S\u00e3o ferramentas para somar com o processo de transpar\u00eancia\u00a0e que servir\u00e3o de exemplo para nossos associado&#8221;, explica a presidente do Conselho de \u00c9tica do Sinduscon, Helena Peres.<\/span><span style=\"font-size: large\">\u00a0<\/span><\/p>\n<\/div>\n<div class=\"gmail_quote\"><b><span style=\"font-size: large\">Novas tecnologias\u00a0e an\u00e1lises\u00a0pol\u00edticas<br \/>\n<\/span><\/b><\/div>\n<div><\/div>\n<div><\/div>\n<div class=\"gmail_quote\"><\/div>\n<div class=\"gmail_quote\">\n<p><span style=\"font-size: large\">O f\u00f3rum vai tratar de temas importantes do setor. Entre eles: estudo de viabilidade de projetos, novas tecnologias de produ\u00e7\u00e3o e vendas, al\u00e9m de perspectivas futuras com base em an\u00e1lises econ\u00f4micas e pol\u00edticas.<\/span><\/p>\n<p><span style=\"font-size: large\">Entre os painelistas estar\u00e3o Alexandre Garcia, da Opini\u00e3o Informa\u00e7\u00e3o e Estrat\u00e9gica; Allan Guerra da Anoreg; Bruno Lima Goretti da Brasal Incorpora\u00e7\u00f5es;\u00a0Mirian Lavocat, da Lavocat Advogados, entre outros.<\/span><\/p>\n<\/div>\n<div>O f\u00f3rum ser\u00e1 realizado na sede do Sindicato da Ind\u00fastria da Constru\u00e7\u00e3o Civil do Distrito Federal (Sinduscon-DF), no SIA. Ser\u00e1 tamb\u00e9m transmito pelo canal do YouTube da entidade.<\/div>\n","protected":false},"excerpt":{"rendered":"<p>Por Samanta Sallum Ser\u00e1 realizado nesta quarta-feira o F\u00f3rum Integridade no Mercado Real Estate, que vai reunir\u00a0os principais players do setor imobili\u00e1rio local e nacional em diversos pain\u00e9is. E, no evento, em Bras\u00edlia, ser\u00e1\u00a0lan\u00e7ado o Programa de Integridade do Sinduscon-DF e sua adequa\u00e7\u00e3o \u00e0 Lei Geral de Prote\u00e7\u00e3o de Dados. \u00c9 uma\u00a0iniciativa da entidade\u00a0por meio do seu Conselho de \u00c9tica. [&hellip;]<\/p>\n","protected":false},"author":125,"featured_media":0,"comment_status":"open","ping_status":"open","sticky":false,"template":"","format":"standard","meta":{"footnotes":""},"categories":[1],"tags":[1541,614,1542,1543,1022,1540],"class_list":["post-10136","post","type-post","status-publish","format-standard","hentry","category-sem-categoria","tag-analisespoliticas","tag-forum","tag-lgpd","tag-mercadoimobiliario","tag-sinduscon","tag-tecnologias"],"_links":{"self":[{"href":"https:\/\/blogs.correiobraziliense.com.br\/capital-sa\/wp-json\/wp\/v2\/posts\/10136","targetHints":{"allow":["GET"]}}],"collection":[{"href":"https:\/\/blogs.correiobraziliense.com.br\/capital-sa\/wp-json\/wp\/v2\/posts"}],"about":[{"href":"https:\/\/blogs.correiobraziliense.com.br\/capital-sa\/wp-json\/wp\/v2\/types\/post"}],"author":[{"embeddable":true,"href":"https:\/\/blogs.correiobraziliense.com.br\/capital-sa\/wp-json\/wp\/v2\/users\/125"}],"replies":[{"embeddable":true,"href":"https:\/\/blogs.correiobraziliense.com.br\/capital-sa\/wp-json\/wp\/v2\/comments?post=10136"}],"version-history":[{"count":12,"href":"https:\/\/blogs.correiobraziliense.com.br\/capital-sa\/wp-json\/wp\/v2\/posts\/10136\/revisions"}],"predecessor-version":[{"id":10171,"href":"https:\/\/blogs.correiobraziliense.com.br\/capital-sa\/wp-json\/wp\/v2\/posts\/10136\/revisions\/10171"}],"wp:attachment":[{"href":"https:\/\/blogs.correiobraziliense.com.br\/capital-sa\/wp-json\/wp\/v2\/media?parent=10136"}],"wp:term":[{"taxonomy":"category","embeddable":true,"href":"https:\/\/blogs.correiobraziliense.com.br\/capital-sa\/wp-json\/wp\/v2\/categories?post=10136"},{"taxonomy":"post_tag","embeddable":true,"href":"https:\/\/blogs.correiobraziliense.com.br\/capital-sa\/wp-json\/wp\/v2\/tags?post=10136"}],"curies":[{"name":"wp","href":"https:\/\/api.w.org\/{rel}","templated":true}]}}