{"id":10000,"date":"2022-09-26T17:45:00","date_gmt":"2022-09-26T20:45:00","guid":{"rendered":"https:\/\/blogs.correiobraziliense.com.br\/capital-sa\/?p=10000"},"modified":"2022-10-01T18:56:16","modified_gmt":"2022-10-01T21:56:16","slug":"tre-df-vai-permitir-venda-de-bebidas-alcoolicas-no-final-de-semana-da-eleicao","status":"publish","type":"post","link":"https:\/\/blogs.correiobraziliense.com.br\/capital-sa\/2022\/09\/26\/tre-df-vai-permitir-venda-de-bebidas-alcoolicas-no-final-de-semana-da-eleicao\/","title":{"rendered":"TRE\/DF vai permitir venda de bebidas alco\u00f3licas no final de semana da elei\u00e7\u00e3o"},"content":{"rendered":"<p class=\"p1\"><b>Por Samanta Sallum\u00a0<\/b><\/p>\n<p class=\"p3\"><span class=\"s2\">O Tribunal Regional Eleitoral no Distrito Federal n\u00e3o vai proibir a venda de bebidas alco\u00f3licas no pr\u00f3ximo final de semana. Estar\u00e1 permitido o com\u00e9rcio do produto normalmente. O tribunal n\u00e3o vai requerer \u00e0 Secretaria de Seguran\u00e7a P\u00fablica do DF a &#8220;lei seca&#8221;, que tradicionalmente come\u00e7ava j\u00e1 na noite de s\u00e1bado, v\u00e9spera do domingo de vota\u00e7\u00e3o.<\/span><\/p>\n<p class=\"p3\"><span class=\"s2\">A decis\u00e3o segue o mesmo par\u00e2metro do que aconteceu em 2018. Segundo avalia\u00e7\u00e3o do TRE, a experi\u00eancia no pleito anterior, em que foi permitida a venda, mostrou que n\u00e3o ocorreram tumultos ou transtornos vinculados \u00e0 ingest\u00e3o de bebida alco\u00f3lica. E que a proibi\u00e7\u00e3o acabava s\u00f3 prejudicando o com\u00e9rcio de maneira geral, como o funcionamento de bares, restaurantes, padarias, supermercados, lojas de conveni\u00eancia, shoppings e etc.<\/span><\/p>\n<p><span class=\"s2\">A Secretaria de Seguran\u00e7a P\u00fablica informou que seguir\u00e1 a avalia\u00e7\u00e3o do TRE. Ent\u00e3o, n\u00e3o sendo formalizado o pedido de proibi\u00e7\u00e3o de venda de bebidas, n\u00e3o haver\u00e1 lei seca. Mas as blitzes de tr\u00e2nsito, para coibir embriaguez ao volante, ser\u00e3o intensificadas.<\/span><\/p>\n<p>Havia uma expectativa sobre como seria nesta elei\u00e7\u00e3o devido ao alto grau de polariza\u00e7\u00e3o.\u00a0Por n\u00e3o ter uma lei federal que regule isso, fica a cargo dos TREs decidirem em seus estados.<\/p>\n<p><span class=\"s2\">O posicionamento do TRE \u00e9 uma boa not\u00edcia \u00a0<\/span><span class=\"s2\">para os comerciantes, que reclamavam de preju\u00edzos na \u00e9poca em que ficavam proibidos por quase 3 dias de vender bebidas.<\/span><\/p>\n<p>&nbsp;<\/p>\n<p>&nbsp;<\/p>\n","protected":false},"excerpt":{"rendered":"<p>Por Samanta Sallum\u00a0 O Tribunal Regional Eleitoral no Distrito Federal n\u00e3o vai proibir a venda de bebidas alco\u00f3licas no pr\u00f3ximo final de semana. Estar\u00e1 permitido o com\u00e9rcio do produto normalmente. O tribunal n\u00e3o vai requerer \u00e0 Secretaria de Seguran\u00e7a P\u00fablica do DF a &#8220;lei seca&#8221;, que tradicionalmente come\u00e7ava j\u00e1 na noite de s\u00e1bado, v\u00e9spera do domingo de vota\u00e7\u00e3o. A decis\u00e3o [&hellip;]<\/p>\n","protected":false},"author":125,"featured_media":0,"comment_status":"open","ping_status":"open","sticky":false,"template":"","format":"standard","meta":{"footnotes":""},"categories":[6],"tags":[1482,855,1417,512,10],"class_list":["post-10000","post","type-post","status-publish","format-standard","hentry","category-coluna-capital-s-a","tag-bebidalcoolica","tag-eleicao","tag-tre","tag-venda","tag-comercio"],"_links":{"self":[{"href":"https:\/\/blogs.correiobraziliense.com.br\/capital-sa\/wp-json\/wp\/v2\/posts\/10000","targetHints":{"allow":["GET"]}}],"collection":[{"href":"https:\/\/blogs.correiobraziliense.com.br\/capital-sa\/wp-json\/wp\/v2\/posts"}],"about":[{"href":"https:\/\/blogs.correiobraziliense.com.br\/capital-sa\/wp-json\/wp\/v2\/types\/post"}],"author":[{"embeddable":true,"href":"https:\/\/blogs.correiobraziliense.com.br\/capital-sa\/wp-json\/wp\/v2\/users\/125"}],"replies":[{"embeddable":true,"href":"https:\/\/blogs.correiobraziliense.com.br\/capital-sa\/wp-json\/wp\/v2\/comments?post=10000"}],"version-history":[{"count":18,"href":"https:\/\/blogs.correiobraziliense.com.br\/capital-sa\/wp-json\/wp\/v2\/posts\/10000\/revisions"}],"predecessor-version":[{"id":10072,"href":"https:\/\/blogs.correiobraziliense.com.br\/capital-sa\/wp-json\/wp\/v2\/posts\/10000\/revisions\/10072"}],"wp:attachment":[{"href":"https:\/\/blogs.correiobraziliense.com.br\/capital-sa\/wp-json\/wp\/v2\/media?parent=10000"}],"wp:term":[{"taxonomy":"category","embeddable":true,"href":"https:\/\/blogs.correiobraziliense.com.br\/capital-sa\/wp-json\/wp\/v2\/categories?post=10000"},{"taxonomy":"post_tag","embeddable":true,"href":"https:\/\/blogs.correiobraziliense.com.br\/capital-sa\/wp-json\/wp\/v2\/tags?post=10000"}],"curies":[{"name":"wp","href":"https:\/\/api.w.org\/{rel}","templated":true}]}}