{"id":100,"date":"2020-10-02T07:38:09","date_gmt":"2020-10-02T10:38:09","guid":{"rendered":"https:\/\/blogs.correiobraziliense.com.br\/capital-sa\/?p=100"},"modified":"2020-10-02T10:15:13","modified_gmt":"2020-10-02T13:15:13","slug":"trinta-edificios-do-df-ganham-selo-destaque-pelo-valor-historico","status":"publish","type":"post","link":"https:\/\/blogs.correiobraziliense.com.br\/capital-sa\/2020\/10\/02\/trinta-edificios-do-df-ganham-selo-destaque-pelo-valor-historico\/","title":{"rendered":"Trinta edif\u00edcios do DF ganham destaque pelo valor hist\u00f3rico"},"content":{"rendered":"<h6><strong>Coluna Capital S\/A<\/strong><\/h6>\n<blockquote><p><em>&#8220;N\u00f3s observamos que muitos pr\u00e9dios foram desconfigurados, alterados de maneira por vezes irrevers\u00edvel. O selo pretende incentivar a preserva\u00e7\u00e3o e valoriza\u00e7\u00e3o da boa arquitetura&#8221;<\/em><\/p><\/blockquote>\n<p style=\"text-align: right\"><strong>Daniel Mangabeira, arquiteto e presidente do CAU\/DF<\/strong><\/p>\n<p>Entre 1,5 mil pr\u00e9dios, 30 foram indicados para ganhar o Selo CAU\/DF \u2014 Arquitetura de Bras\u00edlia. A lista de preciosidades do nosso urbanismo acaba de ser definida. A maioria est\u00e1 localizada na Asa Sul, 20; e os outros 10 blocos, na Asa Norte.<\/p>\n<p>\u201cO objetivo \u00e9 reconhecer o valor hist\u00f3rico das edifica\u00e7\u00f5es n\u00e3o monumentais de Bras\u00edlia \u2014 e de seus autores \u2014, bem como divulgar as boas pr\u00e1ticas de conserva\u00e7\u00e3o e manuten\u00e7\u00e3o predial que respeitam a linguagem arquitet\u00f4nica do movimento moderno\u201d, explica o arquiteto Daniel Mangabeira, presidente do Conselho de Arquitetura e Urbanismo (CAU\/DF).<\/p>\n<p>Oito pr\u00e9dios ser\u00e3o escolhidos em tr\u00eas semanas como as joias mais preciosas desta lista. O setor empresarial, que atua na constru\u00e7\u00e3o civil, tende a se inspirar neste resgate da concep\u00e7\u00e3o modernista, que desenhou os edif\u00edcios do Plano Piloto, em outras \u00e1reas do DF. A necessidade de se realizar reformas mant\u00e9m muitas empresas e arquitetos com demanda de servi\u00e7os de manuten\u00e7\u00e3o e conserva\u00e7\u00e3o dos pr\u00e9dios.<\/p>\n<p>Para definir os edif\u00edcios merecedores do Selo CAU\/DF, os membros da comiss\u00e3o realizaram diversas visitas \u00e0s superquadras norte e sul de Bras\u00edlia, entre os meses de abril e setembro de 2020. Tais edifica\u00e7\u00f5es destacaram-se pelo valor hist\u00f3rico, pela boa conserva\u00e7\u00e3o das fachadas, pelo cuidado com o pilotis e pela boa rela\u00e7\u00e3o mantida com a superquadra. Tamb\u00e9m foram considerados edif\u00edcios j\u00e1 reformados, cuja interven\u00e7\u00e3o tenha respeitado as caracter\u00edsticas originais da edifica\u00e7\u00e3o.<\/p>\n<p>O Selo tem o apoio do IAB-DF, da AEarq,a ABAP, da Fenea \u2014 Regional Centro-Oeste, da Administra\u00e7\u00e3o Regional do Plano Piloto, da Secretaria de Estado de Desenvolvimento Urbano e Habita\u00e7\u00e3o (Seduh) e da Secretaria de Turismo (Setur).<\/p>\n<p><strong>ASA SUL<\/strong><\/p>\n<p>SQS 105 \u2013 bloco H<br \/>\nSQS 108 \u2013 bloco I<br \/>\nSQS 113 \u2013 bloco F<br \/>\nSQS 113 \u2013 bloco H<br \/>\nSQS 203 \u2013 bloco C<br \/>\nSQS 204 \u2013 bloco K<br \/>\nSQS 207 \u2013 bloco E<br \/>\nSQS 210 \u2013 bloco C<br \/>\nSQS 303 \u2013 bloco A<br \/>\nSQS 308 \u2013 bloco E<br \/>\nSQS 309 \u2013 bloco E<br \/>\nSQS 311 \u2013 bloco F<br \/>\nSQS 312 \u2013 bloco F<br \/>\nSQS 313 \u2013 bloco B<br \/>\nSQS 314 \u2013 bloco K<br \/>\nSQS 402 \u2013 bloco K<br \/>\nSQS 404 \u2013 bloco H<br \/>\nSQS 405 \u2013 bloco J<br \/>\nSQS 416 \u2013 bloco C<\/p>\n<p><strong>ASA NORTE<\/strong><\/p>\n<p>SQN 106 \u2013 bloco F<br \/>\nSQN 107 \u2013 bloco F<br \/>\nSQN 108 \u2013 bloco D<br \/>\nSQN 112 \u2013 bloco E<br \/>\nSQN 205 \u2013 blocos I-J<br \/>\nSQN 206 \u2013 bloco I<br \/>\nSQN 315 \u2013 bloco D<br \/>\nSQN 315 \u2013 bloco H<br \/>\nSQN 411 \u2013 bloco F<br \/>\nSQN 416 \u2013 bloco H<\/p>\n<h3><strong>Celular ou brinquedo infantil?<\/strong><\/h3>\n<p>Em 2015, uma crian\u00e7a ganhava o primeiro celular aos 10 anos. Agora, com a covid-19, o presente foi antecipado para os sete anos. Por isso, os smartphones, e n\u00e3o os tradicionais brinquedos infantis, s\u00e3o a aposta de vendas do com\u00e9rcio para o Dia das Crian\u00e7as, em 12 de outubro. H\u00e1 lojas vendendo celulares em at\u00e9 10 vezes, sem juros.<\/p>\n<p>\u201cA necessidade de manter as crian\u00e7as dentro de casa, isoladas por causa da pandemia, fez crescer ainda mais a procura por celulares. \u00c9 a forma que pais e familiares encontram como op\u00e7\u00e3o de entretenimento e comunica\u00e7\u00e3o para as crian\u00e7as\u201d, avalia o presidente do Sindicato do Com\u00e9rcio Varejista, Edson de Castro. O levantamento foi realizado pela entidade junto \u00e0s lojas que vendem o produto.<\/p>\n<h3><strong>Namorados compram mais<\/strong><\/h3>\n<p>Mas, o setor n\u00e3o espera, no geral, grande aumento nas compras. A expectativa \u00e9 de 1% de expans\u00e3o, mesmo percentual do Dia das M\u00e3es e dos Pais. At\u00e9 agora, de todas as datas comemorativas, foi o Dia dos Namorados que teve maior percentual, de 1,2 %. Todos bem abaixo, de 2109, quando o crescimento foi de 5%.<\/p>\n<h3><strong>Novos la\u00e7os comerciais<\/strong><\/h3>\n<p>Bras\u00edlia ser\u00e1 a sede da C\u00e2mara de Com\u00e9rcio Brasil-Argentina. A cria\u00e7\u00e3o do espa\u00e7o de coopera\u00e7\u00e3o biliateral est\u00e1 sendo conduzida pelo F\u00f3rum do Sistema Produtivo do DF e a Embaixada da Argentina. No dia 8 de outubro, ser\u00e3o apresentadas ao governador Ibaneis Rocha as perspectivas de bons neg\u00f3cios entre a capital brasileira e os argentinos.<\/p>\n<p>Pacotes tur\u00edsticos com voos especias para os argentinos conhecerem os monumentos de Oscar Niemeyer est\u00e3o entre os projetos. As empresas de tecnologia e o agroneg\u00f3cio tamb\u00e9m est\u00e3o no radar da C\u00e2mara.<\/p>\n<p>Francisco Maia, presidente do F\u00f3rum do Sistema Produtivo DF, que re\u00fane representantes do com\u00e9rcio, ind\u00fastria e agricultura, ser\u00e1 o presidente da C\u00e2mara. A cerim\u00f4nia oficial de cria\u00e7\u00e3o ser\u00e1 na pr\u00f3xima semana, na Embaixada da Argentina.<\/p>\n","protected":false},"excerpt":{"rendered":"<p>Coluna Capital S\/A &#8220;N\u00f3s observamos que muitos pr\u00e9dios foram desconfigurados, alterados de maneira por vezes irrevers\u00edvel. O selo pretende incentivar a preserva\u00e7\u00e3o e valoriza\u00e7\u00e3o da boa arquitetura&#8221; Daniel Mangabeira, arquiteto e presidente do CAU\/DF Entre 1,5 mil pr\u00e9dios, 30 foram indicados para ganhar o Selo CAU\/DF \u2014 Arquitetura de Bras\u00edlia. A lista de preciosidades do nosso urbanismo acaba de ser [&hellip;]<\/p>\n","protected":false},"author":125,"featured_media":101,"comment_status":"open","ping_status":"open","sticky":false,"template":"","format":"standard","meta":{"footnotes":""},"categories":[6],"tags":[39],"class_list":["post-100","post","type-post","status-publish","format-standard","has-post-thumbnail","hentry","category-coluna-capital-s-a","tag-cau-df"],"_links":{"self":[{"href":"https:\/\/blogs.correiobraziliense.com.br\/capital-sa\/wp-json\/wp\/v2\/posts\/100","targetHints":{"allow":["GET"]}}],"collection":[{"href":"https:\/\/blogs.correiobraziliense.com.br\/capital-sa\/wp-json\/wp\/v2\/posts"}],"about":[{"href":"https:\/\/blogs.correiobraziliense.com.br\/capital-sa\/wp-json\/wp\/v2\/types\/post"}],"author":[{"embeddable":true,"href":"https:\/\/blogs.correiobraziliense.com.br\/capital-sa\/wp-json\/wp\/v2\/users\/125"}],"replies":[{"embeddable":true,"href":"https:\/\/blogs.correiobraziliense.com.br\/capital-sa\/wp-json\/wp\/v2\/comments?post=100"}],"version-history":[{"count":4,"href":"https:\/\/blogs.correiobraziliense.com.br\/capital-sa\/wp-json\/wp\/v2\/posts\/100\/revisions"}],"predecessor-version":[{"id":105,"href":"https:\/\/blogs.correiobraziliense.com.br\/capital-sa\/wp-json\/wp\/v2\/posts\/100\/revisions\/105"}],"wp:featuredmedia":[{"embeddable":true,"href":"https:\/\/blogs.correiobraziliense.com.br\/capital-sa\/wp-json\/wp\/v2\/media\/101"}],"wp:attachment":[{"href":"https:\/\/blogs.correiobraziliense.com.br\/capital-sa\/wp-json\/wp\/v2\/media?parent=100"}],"wp:term":[{"taxonomy":"category","embeddable":true,"href":"https:\/\/blogs.correiobraziliense.com.br\/capital-sa\/wp-json\/wp\/v2\/categories?post=100"},{"taxonomy":"post_tag","embeddable":true,"href":"https:\/\/blogs.correiobraziliense.com.br\/capital-sa\/wp-json\/wp\/v2\/tags?post=100"}],"curies":[{"name":"wp","href":"https:\/\/api.w.org\/{rel}","templated":true}]}}