{"id":98,"date":"2018-02-06T20:27:16","date_gmt":"2018-02-06T22:27:16","guid":{"rendered":"https:\/\/blogs.correiobraziliense.com.br\/candangando\/?p=98"},"modified":"2018-02-06T20:31:02","modified_gmt":"2018-02-06T22:31:02","slug":"galeria-dos-estados-viveu-o-apogeu-nos-anos-1980","status":"publish","type":"post","link":"https:\/\/blogs.correiobraziliense.com.br\/candangando\/galeria-dos-estados-viveu-o-apogeu-nos-anos-1980\/","title":{"rendered":"Galeria dos Estados viveu o apogeu nos anos 1980"},"content":{"rendered":"<figure id=\"attachment_99\" aria-describedby=\"caption-attachment-99\" style=\"width: 800px\" class=\"wp-caption aligncenter\"><img loading=\"lazy\" decoding=\"async\" class=\"size-full wp-image-99\" src=\"https:\/\/blogs.correiobraziliense.com.br\/candangando\/wp-content\/uploads\/sites\/34\/2018\/02\/13101977.-Cr\u00e9dito-Adauto-CruzCBD.A-Press.-Brasil.-Bras\u00edlia-DF.-Pessoas-passeiam-pelas-lojas-da-Galeria-dos-Estados..jpg\" alt=\"Lojas da Galeria dos Estados, em outubro de 1977\" width=\"800\" height=\"344\" srcset=\"https:\/\/blogs.correiobraziliense.com.br\/candangando\/wp-content\/uploads\/sites\/34\/2018\/02\/13101977.-Cr\u00e9dito-Adauto-CruzCBD.A-Press.-Brasil.-Bras\u00edlia-DF.-Pessoas-passeiam-pelas-lojas-da-Galeria-dos-Estados..jpg 800w, https:\/\/blogs.correiobraziliense.com.br\/candangando\/wp-content\/uploads\/sites\/34\/2018\/02\/13101977.-Cr\u00e9dito-Adauto-CruzCBD.A-Press.-Brasil.-Bras\u00edlia-DF.-Pessoas-passeiam-pelas-lojas-da-Galeria-dos-Estados.-300x129.jpg 300w, https:\/\/blogs.correiobraziliense.com.br\/candangando\/wp-content\/uploads\/sites\/34\/2018\/02\/13101977.-Cr\u00e9dito-Adauto-CruzCBD.A-Press.-Brasil.-Bras\u00edlia-DF.-Pessoas-passeiam-pelas-lojas-da-Galeria-dos-Estados.-768x330.jpg 768w, https:\/\/blogs.correiobraziliense.com.br\/candangando\/wp-content\/uploads\/sites\/34\/2018\/02\/13101977.-Cr\u00e9dito-Adauto-CruzCBD.A-Press.-Brasil.-Bras\u00edlia-DF.-Pessoas-passeiam-pelas-lojas-da-Galeria-dos-Estados.-550x237.jpg 550w, https:\/\/blogs.correiobraziliense.com.br\/candangando\/wp-content\/uploads\/sites\/34\/2018\/02\/13101977.-Cr\u00e9dito-Adauto-CruzCBD.A-Press.-Brasil.-Bras\u00edlia-DF.-Pessoas-passeiam-pelas-lojas-da-Galeria-dos-Estados.-230x99.jpg 230w\" sizes=\"auto, (max-width: 800px) 100vw, 800px\" \/><figcaption id=\"caption-attachment-99\" class=\"wp-caption-text\">Lojas da Galeria dos Estados, em outubro de 1977. Adauto Cruz\/CB<\/figcaption><\/figure>\n<p>Agora conhecida em todo o pa\u00eds por causa do desabamento de um viaduto no Eix\u00e3o Sul, a Galeria dos Estados j\u00e1 foi um dos mais importantes e concorridos ponto comercial de Bras\u00edlia<\/p>\n<p>A passagem subterr\u00e2nea entre o Setor Comercial e a parte alta do Setor Banc\u00e1rio Sul teve sua estrutura conclu\u00edda com o Eixo Rodovi\u00e1rio (o Eix\u00e3o), antes da inaugura\u00e7\u00e3o da cidade. Mas, nos primeiros 10\u00a0anos, permaneceu abandonada.<\/p>\n<figure id=\"attachment_103\" aria-describedby=\"caption-attachment-103\" style=\"width: 800px\" class=\"wp-caption aligncenter\"><img loading=\"lazy\" decoding=\"async\" class=\"size-full wp-image-103\" src=\"https:\/\/blogs.correiobraziliense.com.br\/candangando\/wp-content\/uploads\/sites\/34\/2018\/02\/Galeria-dos-Estados.jpg\" alt=\"Galeria dos Estados, julho de 1978. Foto de Lourdes Calvo\/CB\/D.A Press\" width=\"800\" height=\"523\" srcset=\"https:\/\/blogs.correiobraziliense.com.br\/candangando\/wp-content\/uploads\/sites\/34\/2018\/02\/Galeria-dos-Estados.jpg 800w, https:\/\/blogs.correiobraziliense.com.br\/candangando\/wp-content\/uploads\/sites\/34\/2018\/02\/Galeria-dos-Estados-300x196.jpg 300w, https:\/\/blogs.correiobraziliense.com.br\/candangando\/wp-content\/uploads\/sites\/34\/2018\/02\/Galeria-dos-Estados-768x502.jpg 768w, https:\/\/blogs.correiobraziliense.com.br\/candangando\/wp-content\/uploads\/sites\/34\/2018\/02\/Galeria-dos-Estados-550x360.jpg 550w, https:\/\/blogs.correiobraziliense.com.br\/candangando\/wp-content\/uploads\/sites\/34\/2018\/02\/Galeria-dos-Estados-230x150.jpg 230w\" sizes=\"auto, (max-width: 800px) 100vw, 800px\" \/><figcaption id=\"caption-attachment-103\" class=\"wp-caption-text\">Galeria dos Estados, julho de 1978. Foto de Lourdes Calvo\/CB\/D.A Press<\/figcaption><\/figure>\n<p>A Galeria dos Estados, s\u00f3 ficou pronta e foi aberta ao p\u00fablico na segunda metade dos anos 1970. Logo se tornou um ponto de encontro dos brasilienses, que enchiam o espa\u00e7o inclusive \u00e0 noite e nos fins de semana, quando os setores pr\u00f3ximos ficavam desertos.<\/p>\n<p>Na \u00e1rea aberta, \u00e0 sombra do Eix\u00e3o, chegaram a funcionar tr\u00eas restaurantes com relativo sucesso, al\u00e9m das 70 lojas. Inicialmente, havia uma para cada unidade da Federa\u00e7\u00e3o expor artesanato e outros produtos regionais. Algumas embaixadas tamb\u00e9m ocupavam pontos comerciais com a mesma finalidade.<\/p>\n<p>A galeria come\u00e7ou a entrar em decad\u00eancia nos anos 1990, com a falta de manuten\u00e7\u00e3o do espa\u00e7o, a crescente viol\u00eancia e a forte concorr\u00eancia dos shoppings.<\/p>\n","protected":false},"excerpt":{"rendered":"<p>Agora conhecida em todo o pa\u00eds por causa do desabamento de um viaduto no Eix\u00e3o Sul, a Galeria dos Estados j\u00e1 foi um dos mais importantes e concorridos ponto comercial de Bras\u00edlia A passagem subterr\u00e2nea entre o Setor Comercial e a parte alta do Setor Banc\u00e1rio Sul teve sua estrutura conclu\u00edda com o Eixo Rodovi\u00e1rio (o Eix\u00e3o), antes da inaugura\u00e7\u00e3o [&hellip;]<\/p>\n","protected":false},"author":77,"featured_media":0,"comment_status":"open","ping_status":"open","sticky":false,"template":"","format":"standard","meta":{"footnotes":""},"categories":[74],"tags":[],"class_list":["post-98","post","type-post","status-publish","format-standard","hentry","category-galeria-dos-estados"],"_links":{"self":[{"href":"https:\/\/blogs.correiobraziliense.com.br\/candangando\/wp-json\/wp\/v2\/posts\/98","targetHints":{"allow":["GET"]}}],"collection":[{"href":"https:\/\/blogs.correiobraziliense.com.br\/candangando\/wp-json\/wp\/v2\/posts"}],"about":[{"href":"https:\/\/blogs.correiobraziliense.com.br\/candangando\/wp-json\/wp\/v2\/types\/post"}],"author":[{"embeddable":true,"href":"https:\/\/blogs.correiobraziliense.com.br\/candangando\/wp-json\/wp\/v2\/users\/77"}],"replies":[{"embeddable":true,"href":"https:\/\/blogs.correiobraziliense.com.br\/candangando\/wp-json\/wp\/v2\/comments?post=98"}],"version-history":[{"count":4,"href":"https:\/\/blogs.correiobraziliense.com.br\/candangando\/wp-json\/wp\/v2\/posts\/98\/revisions"}],"predecessor-version":[{"id":104,"href":"https:\/\/blogs.correiobraziliense.com.br\/candangando\/wp-json\/wp\/v2\/posts\/98\/revisions\/104"}],"wp:attachment":[{"href":"https:\/\/blogs.correiobraziliense.com.br\/candangando\/wp-json\/wp\/v2\/media?parent=98"}],"wp:term":[{"taxonomy":"category","embeddable":true,"href":"https:\/\/blogs.correiobraziliense.com.br\/candangando\/wp-json\/wp\/v2\/categories?post=98"},{"taxonomy":"post_tag","embeddable":true,"href":"https:\/\/blogs.correiobraziliense.com.br\/candangando\/wp-json\/wp\/v2\/tags?post=98"}],"curies":[{"name":"wp","href":"https:\/\/api.w.org\/{rel}","templated":true}]}}