{"id":90,"date":"2017-12-07T16:31:22","date_gmt":"2017-12-07T18:31:22","guid":{"rendered":"https:\/\/blogs.correiobraziliense.com.br\/candangando\/?p=90"},"modified":"2017-12-07T17:18:56","modified_gmt":"2017-12-07T19:18:56","slug":"e-um-passaro-e-um-aviao-nao-e-uma-borboleta","status":"publish","type":"post","link":"https:\/\/blogs.correiobraziliense.com.br\/candangando\/e-um-passaro-e-um-aviao-nao-e-uma-borboleta\/","title":{"rendered":"\u00c9 um p\u00e1ssaro? \u00c9 um avi\u00e3o? N\u00e3o, \u00e9 uma borboleta"},"content":{"rendered":"<figure id=\"attachment_91\" aria-describedby=\"caption-attachment-91\" style=\"width: 750px\" class=\"wp-caption aligncenter\"><img loading=\"lazy\" decoding=\"async\" class=\"size-full wp-image-91\" src=\"https:\/\/blogs.correiobraziliense.com.br\/candangando\/wp-content\/uploads\/sites\/34\/2017\/12\/Plano-Piloto-de-Lucio-Costa.jpg\" alt=\"Desenho do Plano Piloto de Lucio Costa\" width=\"750\" height=\"576\" srcset=\"https:\/\/blogs.correiobraziliense.com.br\/candangando\/wp-content\/uploads\/sites\/34\/2017\/12\/Plano-Piloto-de-Lucio-Costa.jpg 750w, https:\/\/blogs.correiobraziliense.com.br\/candangando\/wp-content\/uploads\/sites\/34\/2017\/12\/Plano-Piloto-de-Lucio-Costa-300x230.jpg 300w, https:\/\/blogs.correiobraziliense.com.br\/candangando\/wp-content\/uploads\/sites\/34\/2017\/12\/Plano-Piloto-de-Lucio-Costa-550x422.jpg 550w, https:\/\/blogs.correiobraziliense.com.br\/candangando\/wp-content\/uploads\/sites\/34\/2017\/12\/Plano-Piloto-de-Lucio-Costa-230x177.jpg 230w\" sizes=\"auto, (max-width: 750px) 100vw, 750px\" \/><figcaption id=\"caption-attachment-91\" class=\"wp-caption-text\">Desenho do Plano Piloto de Lucio Costa, vencedor do concurso p\u00fablico para a concep\u00e7\u00e3o urban\u00edstica de Bras\u00edlia<\/figcaption><\/figure>\n<p><span style=\"font-weight: 400\">H\u00e1 30 anos, Bras\u00edlia se tornava Patrim\u00f4nio Cultural da Humanidade.\u00a0Primeira (e ainda \u00fanica) cidade moderna com tal honraria, a capital do pa\u00eds foi inscrita na lista de Patrim\u00f4nio da Unesco em 7 de dezembro de 1987.<\/span><\/p>\n<p>At\u00e9 ent\u00e3o, o t\u00edtulo da Unesco havia sido concedido s\u00f3 a cidades constru\u00eddas antes do s\u00e9culo 20. A proposta, feita sob a iniciativa do ent\u00e3o governador de Bras\u00edlia Jos\u00e9 Aparecido de Oliveira, foi examinada e aprovada pelo Comit\u00ea do Patrim\u00f4nio Mundial da Unesco com base na documenta\u00e7\u00e3o oferecida pelo governo da capital e em relat\u00f3rio e esclarecimento do arquiteto franc\u00eas Le\u00f3n Pressouyre, especialista do Conselho Internacional de Monumentos e S\u00edtios (Icomos), relator do processo da candidatura candanga.<\/p>\n<p><strong><a href=\"http:\/\/www.correiobraziliense.com.br\/app\/noticia\/cidades\/2017\/12\/07\/interna_cidadesdf,646122\/ha-30-anos-brasilia-se-tornava-patrimonio-cultural-da-humanidade.shtml\" target=\"_blank\">Como foi o processona Unesco<\/a><\/strong><\/p>\n<p><strong><a href=\"http:\/\/www.correiobraziliense.com.br\/app\/noticia\/cidades\/2017\/12\/07\/interna_cidadesdf,646125\/arquitetos-e-urbanistas-se-preocupam-com-a-conservacao-de-brasilia.shtml\" target=\"_blank\">Especialistas temem o futuro de Bras\u00edlia<\/a><\/strong><\/p>\n<p>Nos documentos, Bras\u00edlia apresentou as principais caracter\u00edsticas e os valores do plano urban\u00edstico da cidade. Virtude referendadas por Pressouyre, em maio de 1987. Ele, no entanto, apontou a vulnerabilidade da nova capital ante as press\u00f5es do desenvolvimento predat\u00f3rio que amea\u00e7ava (e ainda amea\u00e7a) com a descaracteriza\u00e7\u00e3o. Bras\u00edlia sequer tinha prote\u00e7\u00e3o nacional. Inclu\u00ed-la na lista significava reconhecer o valor excepcional da capital do ponto de vista da arte e da hist\u00f3ria para a cultura da humanidade. Nesses dois quesitos, recebeu nota m\u00e1xima.<\/p>\n<p><strong>G\u00eanio criativo<\/strong><\/p>\n<p>O comit\u00ea da Unesco reconheceu a capital obra-prima do g\u00eanio criativo humano e exemplo eminente de conjunto arquitetural que representava per\u00edodo significativo da hist\u00f3ria. Para os julgadores, Bras\u00edlia era um marco do movimento moderno. Mas, para ganhar o t\u00edtulo de patrim\u00f4nio mundial, precisava de leis para proteg\u00ea-la de altera\u00e7\u00f5es e deturpa\u00e7\u00f5es fatais. A cidade constru\u00edda em 1.296 dias, a partir de 1956, n\u00e3o contava com essa cobertura. N\u00e3o havia nada que a livrava dos males da especula\u00e7\u00e3o imobili\u00e1ria e de outras amea\u00e7as.<\/p>\n<p>Ao tomar conhecimento desse entrave Jos\u00e9 Aparecido de Oliveira publicou o decreto, em outubro de 1987, regulamentando a Lei n\u00b0 3.751, de 13 de abril de 1960, de preserva\u00e7\u00e3o da concep\u00e7\u00e3o urban\u00edstica de Bras\u00edlia. Em s\u00edntese, a lei manda respeitar as quatro escalas que definem os tra\u00e7os essenciais da capital, ou seja, as quatro dimens\u00f5es dos quatro modos de viver na cidade.<\/p>\n<p><strong>Harmonia<\/strong><\/p>\n<p>Criadas por Lucio Costa para organizar o s\u00edtio urbano que havia apresentado no concurso p\u00fablico aberto pelo Governo Federal para escolher o projeto da nova capital brasileira, as escalas s\u00e3o definidas como monumental (a do poder), residencial (das superquadras), greg\u00e1ria (dos setores de servi\u00e7os e divers\u00e3o) e buc\u00f3lica (das \u00e1reas verdes entremeadas nas demais, incluindo a vegeta\u00e7\u00e3o nativa). Com elas, o urbanista deixou claro as fun\u00e7\u00f5es de cada espa\u00e7o da cidade, definindo os setores de trabalho, moradia, servi\u00e7os e lazer, em harmonia com a natureza.<\/p>\n<p>Era justamente esse conceito o grande trunfo de Bras\u00edlia, que trazia um desenho \u00fanico de cidade. Diferentemente do que muitos pensam, seria tombado o projeto urban\u00edstico de Lucio Costa e n\u00e3o os pr\u00e9dios modernistas de Oscar Niemeyer. Esses viriam a ser protegidos por meio de outra leis. Mas as obras de Niemeyer contribu\u00edram para a conquista do t\u00edtulo da Unesco. Os representantes da organiza\u00e7\u00e3o ressaltaram que cada elemento \u2013 da arquitetura das \u00e1reas residenciais e administrativas \u00e0 simetria dos edif\u00edcios \u2013 dos tra\u00e7os de Niemeyer estavam em harmonia com o desenho geral da cidade. Assim como o plano de Lucio, a Unesco considerou os pr\u00e9dios inovadores e criativos.<\/p>\n<p><span style=\"font-weight: 400\">Para muitos, o Plano Piloto lembra um avi\u00e3o. Mas Lucio Costa o comparava a \u00a0uma borboleta. O arquiteto Leon Pressouyre, o relator da candidatura de Bras\u00edlia ao o t\u00edtulo de Patrim\u00f4nio Cultural da Humanidade da Unesco, viu \u201cum p\u00e1ssaro gigante voando em dire\u00e7\u00e3o ao sudeste\u201d. O certo \u00e9 que o tombamento protegeu uma ideia de liberdade.<\/span><\/p>\n<p>&nbsp;<\/p>\n","protected":false},"excerpt":{"rendered":"<p>H\u00e1 30 anos, Bras\u00edlia se tornava Patrim\u00f4nio Cultural da Humanidade.\u00a0Primeira (e ainda \u00fanica) cidade moderna com tal honraria, a capital do pa\u00eds foi inscrita na lista de Patrim\u00f4nio da Unesco em 7 de dezembro de 1987. At\u00e9 ent\u00e3o, o t\u00edtulo da Unesco havia sido concedido s\u00f3 a cidades constru\u00eddas antes do s\u00e9culo 20. A proposta, feita sob a iniciativa do [&hellip;]<\/p>\n","protected":false},"author":77,"featured_media":0,"comment_status":"open","ping_status":"open","sticky":false,"template":"","format":"standard","meta":{"footnotes":""},"categories":[67],"tags":[47,73,68,35,72,70,69,71],"class_list":["post-90","post","type-post","status-publish","format-standard","hentry","category-tombamento","tag-jk","tag-leon-pressouyre","tag-lucio-costa","tag-oscar-niemeyer","tag-patrimonio","tag-plano-piloto","tag-tombamento","tag-unesco"],"_links":{"self":[{"href":"https:\/\/blogs.correiobraziliense.com.br\/candangando\/wp-json\/wp\/v2\/posts\/90","targetHints":{"allow":["GET"]}}],"collection":[{"href":"https:\/\/blogs.correiobraziliense.com.br\/candangando\/wp-json\/wp\/v2\/posts"}],"about":[{"href":"https:\/\/blogs.correiobraziliense.com.br\/candangando\/wp-json\/wp\/v2\/types\/post"}],"author":[{"embeddable":true,"href":"https:\/\/blogs.correiobraziliense.com.br\/candangando\/wp-json\/wp\/v2\/users\/77"}],"replies":[{"embeddable":true,"href":"https:\/\/blogs.correiobraziliense.com.br\/candangando\/wp-json\/wp\/v2\/comments?post=90"}],"version-history":[{"count":3,"href":"https:\/\/blogs.correiobraziliense.com.br\/candangando\/wp-json\/wp\/v2\/posts\/90\/revisions"}],"predecessor-version":[{"id":94,"href":"https:\/\/blogs.correiobraziliense.com.br\/candangando\/wp-json\/wp\/v2\/posts\/90\/revisions\/94"}],"wp:attachment":[{"href":"https:\/\/blogs.correiobraziliense.com.br\/candangando\/wp-json\/wp\/v2\/media?parent=90"}],"wp:term":[{"taxonomy":"category","embeddable":true,"href":"https:\/\/blogs.correiobraziliense.com.br\/candangando\/wp-json\/wp\/v2\/categories?post=90"},{"taxonomy":"post_tag","embeddable":true,"href":"https:\/\/blogs.correiobraziliense.com.br\/candangando\/wp-json\/wp\/v2\/tags?post=90"}],"curies":[{"name":"wp","href":"https:\/\/api.w.org\/{rel}","templated":true}]}}