{"id":75,"date":"2017-10-17T15:52:52","date_gmt":"2017-10-17T17:52:52","guid":{"rendered":"https:\/\/blogs.correiobraziliense.com.br\/candangando\/?p=75"},"modified":"2017-10-17T15:52:52","modified_gmt":"2017-10-17T17:52:52","slug":"missao-cruls-exaltava-fartura-de-agua-na-nova-capital","status":"publish","type":"post","link":"https:\/\/blogs.correiobraziliense.com.br\/candangando\/missao-cruls-exaltava-fartura-de-agua-na-nova-capital\/","title":{"rendered":"Miss\u00e3o Cruls exaltava fartura de \u00e1gua na nova capital"},"content":{"rendered":"<blockquote>\n<figure id=\"attachment_76\" aria-describedby=\"caption-attachment-76\" style=\"width: 765px\" class=\"wp-caption aligncenter\"><img loading=\"lazy\" decoding=\"async\" class=\"size-full wp-image-76\" src=\"https:\/\/blogs.correiobraziliense.com.br\/candangando\/wp-content\/uploads\/sites\/34\/2017\/10\/Integrantes-da-Miss\u00e3o-Cruls-cruzam-rio.jpg\" alt=\"Integrantes da Miss\u00e3o Cruls cruzam rio no atual territ\u00f3rio do DF\/ Foto de Henrique Charles Moriz\" width=\"765\" height=\"510\" srcset=\"https:\/\/blogs.correiobraziliense.com.br\/candangando\/wp-content\/uploads\/sites\/34\/2017\/10\/Integrantes-da-Miss\u00e3o-Cruls-cruzam-rio.jpg 765w, https:\/\/blogs.correiobraziliense.com.br\/candangando\/wp-content\/uploads\/sites\/34\/2017\/10\/Integrantes-da-Miss\u00e3o-Cruls-cruzam-rio-300x200.jpg 300w, https:\/\/blogs.correiobraziliense.com.br\/candangando\/wp-content\/uploads\/sites\/34\/2017\/10\/Integrantes-da-Miss\u00e3o-Cruls-cruzam-rio-550x367.jpg 550w, https:\/\/blogs.correiobraziliense.com.br\/candangando\/wp-content\/uploads\/sites\/34\/2017\/10\/Integrantes-da-Miss\u00e3o-Cruls-cruzam-rio-230x153.jpg 230w\" sizes=\"auto, (max-width: 765px) 100vw, 765px\" \/><figcaption id=\"caption-attachment-76\" class=\"wp-caption-text\">Integrantes da Miss\u00e3o Cruls cruzam rio no atual territ\u00f3rio do DF\/ Foto de Henrique Charles Moriz<\/figcaption><\/figure>\n<p>\u201c\u00c9 exuberante a fertilidade do solo; a salubridade, proverbial; grande abund\u00e2ncia de excelente \u00e1gua pot\u00e1vel; rios naveg\u00e1veis, extensos planos sem interrup\u00e7\u00f5es importantes; soberbas madeiras de constru\u00e7\u00e3o de suas grandes florestas; tudo, enfim, que tem as mais estreitas rela\u00e7\u00f5es com os progressos materiais de uma grande cidade e com o bem-estar de seus habitantes.\u201d<\/p><\/blockquote>\n<p>A constata\u00e7\u00e3o est\u00e1 no relat\u00f3rio da Comiss\u00e3o Exploradora do Planalto Central. Com a Constitui\u00e7\u00e3o Federal de 1891, foi institu\u00edda a Miss\u00e3o Cruls, que teve como tarefa fazer um estudo cient\u00edfico do Centro-Oeste e definiu uma \u00e1rea de 14 mil km\u00b2 para abrigar a nova capital. Em sua investiga\u00e7\u00e3o, os cientistas expedicion\u00e1rios registraram caracter\u00edsticas clim\u00e1ticas, topogr\u00e1ficas, hidrogr\u00e1ficas, e tamb\u00e9m da fauna e da flora.<\/p>\n<p><a href=\"http:\/\/www.correiobraziliense.com.br\/app\/noticia\/cidades\/2012\/01\/24\/interna_cidadesdf,287334\/familias-dedicam-tempo-e-dinheiro-a-conservacao-de-imoveis-com-ate-300-anos.shtml\" target=\"_blank\"><strong>Confira onde restam ruas e im\u00f3veis dos tempos da Miss\u00e3o Cruls<\/strong><\/a><\/p>\n<p><strong><a href=\"http:\/\/sites.correioweb.com.br\/app\/noticia\/encontro\/revista\/2014\/05\/13\/interna_revista,1072\/nos-tempos-da-missao-cruls.shtml\" target=\"_blank\">Conhe\u00e7a um roteiro das cidades por onde passou a Miss\u00e3o Cruls<\/a><\/strong><\/p>\n<p><strong><a href=\"http:\/\/Pesquisadores usaram Luzi\u00e2nia como base para demarca\u00e7\u00e3o de Bras\u00edli\" target=\"_blank\">Conhe\u00e7a a cidade que serviu de base para cientistas da Miss\u00e3o Cruls<\/a><\/strong><\/p>\n<p>O trabalho dessa comiss\u00e3o foi fundamental para a escolha do local onde est\u00e1 constru\u00edda Bras\u00edlia. A abund\u00e2ncia de \u00e1gua era essencial na forma\u00e7\u00e3o de uma metr\u00f3pole. No entanto, 125 anos depois da Miss\u00e3o Cruls ter iniciado sua jornada pelo Planalto Central, a nova capital atravessa a sua pior crise h\u00eddrica. C\u00f3rregos e ricos est\u00e3o secando. Os mais de 2 milh\u00f5es de moradores convivem com rod\u00edzio no abastecimento de \u00e1gua. Muito, por culpa da falta de planejamento e de pol\u00edticas de coniv\u00eancia e incentivos a ocupa\u00e7\u00f5es irregulares do solo.<\/p>\n<figure id=\"attachment_77\" aria-describedby=\"caption-attachment-77\" style=\"width: 564px\" class=\"wp-caption aligncenter\"><img loading=\"lazy\" decoding=\"async\" class=\"size-full wp-image-77\" src=\"https:\/\/blogs.correiobraziliense.com.br\/candangando\/wp-content\/uploads\/sites\/34\/2017\/10\/Miss\u00e3o-Cruls-no-Rio-Descoberto.jpg\" alt=\"Integrantes da Miss\u00e3o Cruls sobre o Rio Descoberto, no atual territ\u00f3rio do DF\/ Foto de Henrique Charles Moriz\" width=\"564\" height=\"370\" srcset=\"https:\/\/blogs.correiobraziliense.com.br\/candangando\/wp-content\/uploads\/sites\/34\/2017\/10\/Miss\u00e3o-Cruls-no-Rio-Descoberto.jpg 564w, https:\/\/blogs.correiobraziliense.com.br\/candangando\/wp-content\/uploads\/sites\/34\/2017\/10\/Miss\u00e3o-Cruls-no-Rio-Descoberto-300x197.jpg 300w, https:\/\/blogs.correiobraziliense.com.br\/candangando\/wp-content\/uploads\/sites\/34\/2017\/10\/Miss\u00e3o-Cruls-no-Rio-Descoberto-550x361.jpg 550w, https:\/\/blogs.correiobraziliense.com.br\/candangando\/wp-content\/uploads\/sites\/34\/2017\/10\/Miss\u00e3o-Cruls-no-Rio-Descoberto-230x151.jpg 230w\" sizes=\"auto, (max-width: 564px) 100vw, 564px\" \/><figcaption id=\"caption-attachment-77\" class=\"wp-caption-text\">Integrantes da Miss\u00e3o Cruls sobre o Rio Descoberto, no DF\/ Foto de Henrique Charles Moriz<\/figcaption><\/figure>\n<p><strong>Miss\u00e3o pioneira<\/strong><\/p>\n<p>No s\u00e9culo 18, o governo portugu\u00eas j\u00e1 cogitava a possibilidade de transferir a capital do Brasil para o interior \u2014 medida defendida em outros momentos hist\u00f3ricos. Ainda no Imp\u00e9rio, o patriarca da Independ\u00eancia, Jos\u00e9 Bonif\u00e1cio, defendia a transfer\u00eancia da capital para a mineira Paracatu. Na Rep\u00fablica, o artigo 3\u00ba da Constitui\u00e7\u00e3o Federal de 1891 determinou a demarca\u00e7\u00e3o do territ\u00f3rio para constru\u00e7\u00e3o da futura capital do Brasil.<\/p>\n<figure id=\"attachment_78\" aria-describedby=\"caption-attachment-78\" style=\"width: 560px\" class=\"wp-caption aligncenter\"><img loading=\"lazy\" decoding=\"async\" class=\"size-full wp-image-78\" src=\"https:\/\/blogs.correiobraziliense.com.br\/candangando\/wp-content\/uploads\/sites\/34\/2017\/10\/Cachoeira-do-Rio-Cassu.jpg\" alt=\"Integrantes da Miss\u00e3o Cruls em cachoeira do Rio Cassu\/ Foto de Henrique Charles Moriz\" width=\"560\" height=\"370\" srcset=\"https:\/\/blogs.correiobraziliense.com.br\/candangando\/wp-content\/uploads\/sites\/34\/2017\/10\/Cachoeira-do-Rio-Cassu.jpg 560w, https:\/\/blogs.correiobraziliense.com.br\/candangando\/wp-content\/uploads\/sites\/34\/2017\/10\/Cachoeira-do-Rio-Cassu-300x198.jpg 300w, https:\/\/blogs.correiobraziliense.com.br\/candangando\/wp-content\/uploads\/sites\/34\/2017\/10\/Cachoeira-do-Rio-Cassu-550x363.jpg 550w, https:\/\/blogs.correiobraziliense.com.br\/candangando\/wp-content\/uploads\/sites\/34\/2017\/10\/Cachoeira-do-Rio-Cassu-230x152.jpg 230w\" sizes=\"auto, (max-width: 560px) 100vw, 560px\" \/><figcaption id=\"caption-attachment-78\" class=\"wp-caption-text\">Integrantes da Miss\u00e3o Cruls em cachoeira do Rio Cassu\/ Foto de Henrique Charles Moriz<\/figcaption><\/figure>\n<p>Em 1892, o ent\u00e3o presidente Floriano Peixoto instituiu a Comiss\u00e3o Exploradora do Planalto Central, por meio da Portaria 114-A. Chefiados pelo astr\u00f4nomo e ge\u00f3grafo belga Louis Ferdinand Cruls, integravam a equipe pesquisadores, ge\u00f3logos, ge\u00f3grafos, bot\u00e2nicos, naturalistas, engenheiros e m\u00e9dicos, entre outros. De 1892 a 1894, eles fizeram estudos cient\u00edficos at\u00e9 ent\u00e3o in\u00e9ditos no Centro-Oeste, mapeando aspectos clim\u00e1ticos e topogr\u00e1ficos, al\u00e9m de estudar a fauna, a flora, os cursos de rios e modo de vida dos habitantes. Cruls voltou \u00e0 regi\u00e3o no segundo semestre de 1894 para concluir alguns estudos e definir a regi\u00e3o exata de Bras\u00edlia dentro dos 14,4 mil km\u00b2 demarcados pela comiss\u00e3o.<\/p>\n<p><strong>Quem foi Louis Cruls<\/strong><\/p>\n<p>Antes da miss\u00e3o ao futuro Distrito Federal, o astr\u00f4nomo e ge\u00f3grafo belga Louis Ferdinand Cruls dirigiu o Observat\u00f3rio Astron\u00f4mico do Rio de Janeiro. Ele liderou outras expedi\u00e7\u00f5es cient\u00edficas importantes dos s\u00e9culos 19 e 20, como a observa\u00e7\u00e3o da passagem de V\u00eanus pelo disco solar em 1882 e a confer\u00eancia internacional que definiu o meridiano de Greenwich como refer\u00eancia para todas as na\u00e7\u00f5es. Nascido em Diest em 1848, Cruls morreu em Paris, a 21 de junho de 1908.<\/p>\n<p>&nbsp;<\/p>\n","protected":false},"excerpt":{"rendered":"<p>\u201c\u00c9 exuberante a fertilidade do solo; a salubridade, proverbial; grande abund\u00e2ncia de excelente \u00e1gua pot\u00e1vel; rios naveg\u00e1veis, extensos planos sem interrup\u00e7\u00f5es importantes; soberbas madeiras de constru\u00e7\u00e3o de suas grandes florestas; tudo, enfim, que tem as mais estreitas rela\u00e7\u00f5es com os progressos materiais de uma grande cidade e com o bem-estar de seus habitantes.\u201d A constata\u00e7\u00e3o est\u00e1 no relat\u00f3rio da Comiss\u00e3o [&hellip;]<\/p>\n","protected":false},"author":77,"featured_media":0,"comment_status":"open","ping_status":"open","sticky":false,"template":"","format":"standard","meta":{"footnotes":""},"categories":[52],"tags":[12,55,54,53,57,56],"class_list":["post-75","post","type-post","status-publish","format-standard","hentry","category-missao-cruls","tag-brasilia","tag-floriano-peixoto","tag-louis-ferdinand-cruls","tag-missao-cruls","tag-nova-capital","tag-planalto-central"],"_links":{"self":[{"href":"https:\/\/blogs.correiobraziliense.com.br\/candangando\/wp-json\/wp\/v2\/posts\/75","targetHints":{"allow":["GET"]}}],"collection":[{"href":"https:\/\/blogs.correiobraziliense.com.br\/candangando\/wp-json\/wp\/v2\/posts"}],"about":[{"href":"https:\/\/blogs.correiobraziliense.com.br\/candangando\/wp-json\/wp\/v2\/types\/post"}],"author":[{"embeddable":true,"href":"https:\/\/blogs.correiobraziliense.com.br\/candangando\/wp-json\/wp\/v2\/users\/77"}],"replies":[{"embeddable":true,"href":"https:\/\/blogs.correiobraziliense.com.br\/candangando\/wp-json\/wp\/v2\/comments?post=75"}],"version-history":[{"count":1,"href":"https:\/\/blogs.correiobraziliense.com.br\/candangando\/wp-json\/wp\/v2\/posts\/75\/revisions"}],"predecessor-version":[{"id":79,"href":"https:\/\/blogs.correiobraziliense.com.br\/candangando\/wp-json\/wp\/v2\/posts\/75\/revisions\/79"}],"wp:attachment":[{"href":"https:\/\/blogs.correiobraziliense.com.br\/candangando\/wp-json\/wp\/v2\/media?parent=75"}],"wp:term":[{"taxonomy":"category","embeddable":true,"href":"https:\/\/blogs.correiobraziliense.com.br\/candangando\/wp-json\/wp\/v2\/categories?post=75"},{"taxonomy":"post_tag","embeddable":true,"href":"https:\/\/blogs.correiobraziliense.com.br\/candangando\/wp-json\/wp\/v2\/tags?post=75"}],"curies":[{"name":"wp","href":"https:\/\/api.w.org\/{rel}","templated":true}]}}