{"id":51,"date":"2017-08-02T13:46:40","date_gmt":"2017-08-02T13:46:40","guid":{"rendered":"https:\/\/blogs.correiobraziliense.com.br\/candangando\/?p=51"},"modified":"2017-08-03T00:16:26","modified_gmt":"2017-08-03T00:16:26","slug":"brasilia-ficou-16-anos-sem-ponte-para-o-lago-sul","status":"publish","type":"post","link":"https:\/\/blogs.correiobraziliense.com.br\/candangando\/brasilia-ficou-16-anos-sem-ponte-para-o-lago-sul\/","title":{"rendered":"Bras\u00edlia ficou 16 anos sem ponte para o Lago Sul"},"content":{"rendered":"<figure id=\"attachment_52\" aria-describedby=\"caption-attachment-52\" style=\"width: 750px\" class=\"wp-caption aligncenter\"><img loading=\"lazy\" decoding=\"async\" class=\"size-full wp-image-52\" src=\"https:\/\/blogs.correiobraziliense.com.br\/candangando\/wp-content\/uploads\/sites\/34\/2017\/08\/Ponte-Costa-e-Silva-3.jpg\" alt=\"Ponte Honestino Guimar\u00e3es, foto atual\" width=\"750\" height=\"470\" srcset=\"https:\/\/blogs.correiobraziliense.com.br\/candangando\/wp-content\/uploads\/sites\/34\/2017\/08\/Ponte-Costa-e-Silva-3.jpg 750w, https:\/\/blogs.correiobraziliense.com.br\/candangando\/wp-content\/uploads\/sites\/34\/2017\/08\/Ponte-Costa-e-Silva-3-300x188.jpg 300w, https:\/\/blogs.correiobraziliense.com.br\/candangando\/wp-content\/uploads\/sites\/34\/2017\/08\/Ponte-Costa-e-Silva-3-550x345.jpg 550w, https:\/\/blogs.correiobraziliense.com.br\/candangando\/wp-content\/uploads\/sites\/34\/2017\/08\/Ponte-Costa-e-Silva-3-230x144.jpg 230w\" sizes=\"auto, (max-width: 750px) 100vw, 750px\" \/><figcaption id=\"caption-attachment-52\" class=\"wp-caption-text\">Ponte Honestino Guimar\u00e3es, foto atual, do Correio Braziliense<\/figcaption><\/figure>\n<p>Os brasilienses contam com quatro pontes para atravessar o Lago Parano\u00e1. Tr\u00eas delas levam ao Lago Sul, incluindo a mais recente, a JK, que se tornou cart\u00e3o-postal da capital. Mas, acredite, at\u00e9 1974, n\u00e3o havia nenhuma. Os hoje nobres Lago Sul e Lago Norte viviam isolados, o que tornava os terrenos dos dois bairros pouco valorizados.<\/p>\n<p>A primeira ponte a ser erguida \u00e9 a\u00a0Ponte das Gar\u00e7as. A obra durou de 29 de junho de 1973 a 14 de janeiro de 1974. A estrutura \u00e9 de concreto e a\u00e7o. A extens\u00e3o \u00e9 de 300 metros de comprimento e 18m de largura, com quatro pistas de rolamento. \u00c9 chamada informalmente de a Ponte do Gilberto devido \u00e0 proximidade com o centro comercial Gilberto Salom\u00e3o, no Lago Sul.<\/p>\n<p>Vale lembrar que Bras\u00edlia come\u00e7ou a ser constru\u00edda no segundo semestre de 1957 e foi inaugurada em 21 de abril \u00a0de 1960. Portanto, a capital ficou 16 anos sem ter uma ponte para o Lago Sul.<\/p>\n<p>A segunda ponte \u00e9 a Costa e Silva, renomeada Honestino Guimar\u00e3es. A ponte foi projetada em\u00a01967 por Oscar Niemeyer, por\u00e9m suas obras s\u00f3 come\u00e7aram em\u00a01973<span style=\"font-size: 13.3333px\">.<\/span>\u00a0Durante v\u00e1rios meses a constru\u00e7\u00e3o ficou paralisada e foi retomada somente ap\u00f3s tr\u00eas anos, sendo inaugurada em 1976,\u00a0com 400\u00a0metros\u00a0de extens\u00e3o, ligando o Setor de Clubes Sul e o pont\u00e3o do Lago Sul, com acesso \u00e0\u00a0Pen\u00ednsula dos Ministros\u00a0e \u00e0 Quadra 11 do\u00a0Lago Sul.<\/p>\n<figure id=\"attachment_53\" aria-describedby=\"caption-attachment-53\" style=\"width: 794px\" class=\"wp-caption aligncenter\"><img loading=\"lazy\" decoding=\"async\" class=\"size-full wp-image-53\" src=\"https:\/\/blogs.correiobraziliense.com.br\/candangando\/wp-content\/uploads\/sites\/34\/2017\/08\/Ponte-Costa-e-Silva1.jpg\" alt=\"Constru\u00e7\u00e3o da ent\u00e3o Ponte Costa e Silva. Foto do Arquivo P\u00fablico doDF\" width=\"794\" height=\"567\" srcset=\"https:\/\/blogs.correiobraziliense.com.br\/candangando\/wp-content\/uploads\/sites\/34\/2017\/08\/Ponte-Costa-e-Silva1.jpg 794w, https:\/\/blogs.correiobraziliense.com.br\/candangando\/wp-content\/uploads\/sites\/34\/2017\/08\/Ponte-Costa-e-Silva1-300x214.jpg 300w, https:\/\/blogs.correiobraziliense.com.br\/candangando\/wp-content\/uploads\/sites\/34\/2017\/08\/Ponte-Costa-e-Silva1-768x548.jpg 768w, https:\/\/blogs.correiobraziliense.com.br\/candangando\/wp-content\/uploads\/sites\/34\/2017\/08\/Ponte-Costa-e-Silva1-550x393.jpg 550w, https:\/\/blogs.correiobraziliense.com.br\/candangando\/wp-content\/uploads\/sites\/34\/2017\/08\/Ponte-Costa-e-Silva1-230x164.jpg 230w\" sizes=\"auto, (max-width: 794px) 100vw, 794px\" \/><figcaption id=\"caption-attachment-53\" class=\"wp-caption-text\">Constru\u00e7\u00e3o da ent\u00e3o Ponte Costa e Silva. Foto do Arquivo P\u00fablico do DF<\/figcaption><\/figure>\n<p>O projeto era de uma ponte de\u00a0concreto, mas a ponte ganhou estrutura met\u00e1lica fabricada em\u00a0Volta Redonda. Ela tem um arco suave que, segundo nota po\u00e9tica de Niemeyer em seu projeto, &#8220;deve apenas pousar na superf\u00edcie como uma\u00a0andorinha\u00a0tocando a \u00e1gua&#8221; sem deixar sua base evidente.<\/p>\n<figure id=\"attachment_54\" aria-describedby=\"caption-attachment-54\" style=\"width: 800px\" class=\"wp-caption aligncenter\"><img loading=\"lazy\" decoding=\"async\" class=\"size-full wp-image-54\" src=\"https:\/\/blogs.correiobraziliense.com.br\/candangando\/wp-content\/uploads\/sites\/34\/2017\/08\/Ponte-Costa-e-Silva.jpg\" alt=\"Ponte Costa e Silva. Foto de arquivo do Correio Braziliense\" width=\"800\" height=\"530\" srcset=\"https:\/\/blogs.correiobraziliense.com.br\/candangando\/wp-content\/uploads\/sites\/34\/2017\/08\/Ponte-Costa-e-Silva.jpg 800w, https:\/\/blogs.correiobraziliense.com.br\/candangando\/wp-content\/uploads\/sites\/34\/2017\/08\/Ponte-Costa-e-Silva-300x199.jpg 300w, https:\/\/blogs.correiobraziliense.com.br\/candangando\/wp-content\/uploads\/sites\/34\/2017\/08\/Ponte-Costa-e-Silva-768x509.jpg 768w, https:\/\/blogs.correiobraziliense.com.br\/candangando\/wp-content\/uploads\/sites\/34\/2017\/08\/Ponte-Costa-e-Silva-550x364.jpg 550w, https:\/\/blogs.correiobraziliense.com.br\/candangando\/wp-content\/uploads\/sites\/34\/2017\/08\/Ponte-Costa-e-Silva-230x152.jpg 230w\" sizes=\"auto, (max-width: 800px) 100vw, 800px\" \/><figcaption id=\"caption-attachment-54\" class=\"wp-caption-text\">Ponte Costa e Silva rec\u00e9m-inaugurada. Foto de arquivo do Correio Braziliense<\/figcaption><\/figure>\n<p>O pessoal do Centro de Documenta\u00e7\u00e3o do <strong>Correio Braziliense<\/strong> resgatou um exemplar do jornal, de 1967, em que aparece um esbo\u00e7o do projeto, desenhando pelo pr\u00f3prio Niemeyer, especialmente para o jornal.<\/p>\n<p><strong>Ponte Monumental<\/strong><\/p>\n<p>Oscar Niemeyer a nomeou Ponte Monumental ao projet\u00e1-la, entretanto ao ser inaugurada foi rebatizada de Ponte Costa e Silva<span style=\"font-size: 13.3333px\">\u00a0<\/span>pelo ent\u00e3o presidente\u00a0Ernesto Geisel, homenageando seu antecessor militar\u00a0Costa e Silva.<\/p>\n<p>Pelo fato de estar homenageando um l\u00edder de Estado durante a\u00a0ditadura militar (1964-1985), conhecido por fechar o\u00a0Congresso Nacional\u00a0durante a ditadura com o\u00a0AI-5\u00a0e ser ligado \u00e0 desaparecimentos, torturas e assassinatos a altera\u00e7\u00e3o do nome da ponte foi proposta por diversas vezes em\u00a01999,\u00a02003\u00a0e\u00a02012<span style=\"font-size: 13.3333px\">,<\/span>. O projeto de lei <a href=\"http:\/\/www.correiobraziliense.com.br\/app\/noticia\/cidades\/2015\/06\/30\/interna_cidadesdf,488552\/projeto-que-muda-o-nome-da-ponte-costa-e-silva-e-aprovado-com-14-votos.shtml\" target=\"_blank\"><strong>PL 130\/2015<\/strong> <\/a>do\u00a0deputado distrital\u00a0Ricardo Vale do\u00a0PT\u00a0aprovado em\u00a07 de janeiro\u00a0de\u00a02015\u00a0<a href=\"http:\/\/www.correiobraziliense.com.br\/app\/noticia\/cidades\/2015\/07\/02\/interna_cidadesdf,488697\/ponte-costa-e-silva-troca-de-nome-e-terminam-homenagens-a-ditadura-no.shtml\" target=\"_blank\"><strong>mudou o nome<\/strong><\/a> da ponte para o atual:\u00a0Honestino Guimar\u00e3es.<\/p>\n<figure id=\"attachment_55\" aria-describedby=\"caption-attachment-55\" style=\"width: 750px\" class=\"wp-caption aligncenter\"><img loading=\"lazy\" decoding=\"async\" class=\"size-full wp-image-55\" src=\"https:\/\/blogs.correiobraziliense.com.br\/candangando\/wp-content\/uploads\/sites\/34\/2017\/08\/Ponte-Costa-e-Silva-2.jpg\" alt=\"Troca do nome da Ponte Costa e Silva para Ponte Honestino Guimar\u00e3es\" width=\"750\" height=\"500\" srcset=\"https:\/\/blogs.correiobraziliense.com.br\/candangando\/wp-content\/uploads\/sites\/34\/2017\/08\/Ponte-Costa-e-Silva-2.jpg 750w, https:\/\/blogs.correiobraziliense.com.br\/candangando\/wp-content\/uploads\/sites\/34\/2017\/08\/Ponte-Costa-e-Silva-2-300x200.jpg 300w, https:\/\/blogs.correiobraziliense.com.br\/candangando\/wp-content\/uploads\/sites\/34\/2017\/08\/Ponte-Costa-e-Silva-2-550x367.jpg 550w, https:\/\/blogs.correiobraziliense.com.br\/candangando\/wp-content\/uploads\/sites\/34\/2017\/08\/Ponte-Costa-e-Silva-2-230x153.jpg 230w\" sizes=\"auto, (max-width: 750px) 100vw, 750px\" \/><figcaption id=\"caption-attachment-55\" class=\"wp-caption-text\">Troca do nome da Ponte Costa e Silva para Ponte Honestino Guimar\u00e3es<\/figcaption><\/figure>\n<p>Honestino Guimar\u00e3es participou do\u00a0movimento estudantil\u00a0na\u00a0Universidade de Bras\u00edlia (UnB)\u00a0durante o per\u00edodo da da ditadura militar. Foi perseguido e desapareceu em 1973 sob circunst\u00e2ncias ainda n\u00e3o apuradas, mas com responsabilidade assumida pelo Estado.<\/p>\n<p>Outra ponte que tamb\u00e9m \u00e9 chamada de Costa e Silva \u00e9 a\u00a0Ponte Rio\u2013Niter\u00f3i, que tamb\u00e9m est\u00e1 em processo de troca de nome.<\/p>\n<p><a href=\"http:\/\/www.correiobraziliense.com.br\/app\/noticia\/cidades\/2012\/04\/09\/interna_cidadesdf,296936\/documentos-revelam-que-honestino-guimaraes-foi-espionado-ate-a-morte.shtml\" target=\"_blank\"><strong>Documentos mostram que Honestino Guimar\u00e3es foi espionado at\u00e9 a morte<\/strong><\/a><\/p>\n<p><strong><a href=\"http:\/\/www.correiobraziliense.com.br\/app\/noticia\/diversao-e-arte\/2017\/03\/26\/interna_diversao_arte,583385\/livro-relata-a-trajetoria-do-lider-estudantil-honestino-guimaraes.shtml\" target=\"_blank\">H\u00e1 um livro que relata a trajet\u00f3ria do l\u00edder estudantil Honestino Guimar\u00e3es<\/a><\/strong><\/p>\n<p><strong><a href=\"http:\/\/www.correiobraziliense.com.br\/app\/noticia\/cidades\/2012\/09\/20\/interna_cidadesdf,323481\/morre-dona-maria-rosa-leite-monteiro-mae-de-honestino-guimaraes.shtml\" target=\"_blank\">Conhe\u00e7a a hist\u00f3ria de Dona Maria Rora Leite Monteiro, m\u00e3e de Honestino Guimar\u00e3es\u00a0<\/a><\/strong><\/p>\n","protected":false},"excerpt":{"rendered":"<p>Os brasilienses contam com quatro pontes para atravessar o Lago Parano\u00e1. Tr\u00eas delas levam ao Lago Sul, incluindo a mais recente, a JK, que se tornou cart\u00e3o-postal da capital. Mas, acredite, at\u00e9 1974, n\u00e3o havia nenhuma. Os hoje nobres Lago Sul e Lago Norte viviam isolados, o que tornava os terrenos dos dois bairros pouco valorizados. A primeira ponte a [&hellip;]<\/p>\n","protected":false},"author":77,"featured_media":0,"comment_status":"open","ping_status":"open","sticky":false,"template":"","format":"standard","meta":{"footnotes":""},"categories":[37],"tags":[41,42,35,40,38,39],"class_list":["post-51","post","type-post","status-publish","format-standard","hentry","category-ponte-costa-e-silva","tag-correio-braziliense","tag-honestino-guimaraes","tag-oscar-niemeyer","tag-ponte","tag-ponte-costa-e-silva","tag-ponte-jk"],"_links":{"self":[{"href":"https:\/\/blogs.correiobraziliense.com.br\/candangando\/wp-json\/wp\/v2\/posts\/51","targetHints":{"allow":["GET"]}}],"collection":[{"href":"https:\/\/blogs.correiobraziliense.com.br\/candangando\/wp-json\/wp\/v2\/posts"}],"about":[{"href":"https:\/\/blogs.correiobraziliense.com.br\/candangando\/wp-json\/wp\/v2\/types\/post"}],"author":[{"embeddable":true,"href":"https:\/\/blogs.correiobraziliense.com.br\/candangando\/wp-json\/wp\/v2\/users\/77"}],"replies":[{"embeddable":true,"href":"https:\/\/blogs.correiobraziliense.com.br\/candangando\/wp-json\/wp\/v2\/comments?post=51"}],"version-history":[{"count":4,"href":"https:\/\/blogs.correiobraziliense.com.br\/candangando\/wp-json\/wp\/v2\/posts\/51\/revisions"}],"predecessor-version":[{"id":61,"href":"https:\/\/blogs.correiobraziliense.com.br\/candangando\/wp-json\/wp\/v2\/posts\/51\/revisions\/61"}],"wp:attachment":[{"href":"https:\/\/blogs.correiobraziliense.com.br\/candangando\/wp-json\/wp\/v2\/media?parent=51"}],"wp:term":[{"taxonomy":"category","embeddable":true,"href":"https:\/\/blogs.correiobraziliense.com.br\/candangando\/wp-json\/wp\/v2\/categories?post=51"},{"taxonomy":"post_tag","embeddable":true,"href":"https:\/\/blogs.correiobraziliense.com.br\/candangando\/wp-json\/wp\/v2\/tags?post=51"}],"curies":[{"name":"wp","href":"https:\/\/api.w.org\/{rel}","templated":true}]}}