{"id":22,"date":"2017-07-24T08:25:23","date_gmt":"2017-07-24T08:25:23","guid":{"rendered":"https:\/\/blogs.correiobraziliense.com.br\/candangando\/?p=22"},"modified":"2017-07-24T13:00:26","modified_gmt":"2017-07-24T13:00:26","slug":"como-acessar-de-graca-fotos-videos-e-mapas-antigos-de-brasilia","status":"publish","type":"post","link":"https:\/\/blogs.correiobraziliense.com.br\/candangando\/como-acessar-de-graca-fotos-videos-e-mapas-antigos-de-brasilia\/","title":{"rendered":"Como acessar, de gra\u00e7a, fotos, v\u00eddeos e mapas antigos de Bras\u00edlia"},"content":{"rendered":"<figure id=\"attachment_24\" aria-describedby=\"caption-attachment-24\" style=\"width: 640px\" class=\"wp-caption aligncenter\"><img loading=\"lazy\" decoding=\"async\" class=\"size-full wp-image-24\" src=\"https:\/\/blogs.correiobraziliense.com.br\/candangando\/wp-content\/uploads\/sites\/34\/2017\/07\/0375_NOV_B_02_Congresso_Nacional_em_construcao_Brasilia_DF_1958_1960_Autor_Mario_Fontenelle.jpg\" alt=\"Congresso Nacional em constru\u00e7\u00e3o - Arquivo P\u00fablico do Distrito Federal\" width=\"640\" height=\"474\" srcset=\"https:\/\/blogs.correiobraziliense.com.br\/candangando\/wp-content\/uploads\/sites\/34\/2017\/07\/0375_NOV_B_02_Congresso_Nacional_em_construcao_Brasilia_DF_1958_1960_Autor_Mario_Fontenelle.jpg 640w, https:\/\/blogs.correiobraziliense.com.br\/candangando\/wp-content\/uploads\/sites\/34\/2017\/07\/0375_NOV_B_02_Congresso_Nacional_em_construcao_Brasilia_DF_1958_1960_Autor_Mario_Fontenelle-300x222.jpg 300w, https:\/\/blogs.correiobraziliense.com.br\/candangando\/wp-content\/uploads\/sites\/34\/2017\/07\/0375_NOV_B_02_Congresso_Nacional_em_construcao_Brasilia_DF_1958_1960_Autor_Mario_Fontenelle-550x407.jpg 550w, https:\/\/blogs.correiobraziliense.com.br\/candangando\/wp-content\/uploads\/sites\/34\/2017\/07\/0375_NOV_B_02_Congresso_Nacional_em_construcao_Brasilia_DF_1958_1960_Autor_Mario_Fontenelle-230x170.jpg 230w\" sizes=\"auto, (max-width: 640px) 100vw, 640px\" \/><figcaption id=\"caption-attachment-24\" class=\"wp-caption-text\">Congresso Nacional em constru\u00e7\u00e3o &#8211; Arquivo P\u00fablico do Distrito Federal<\/figcaption><\/figure>\n<p>As fotografias desta publica\u00e7\u00e3o, assim como do cabe\u00e7alho deste blog, pertencem ao Arquivo P\u00fablico do Distrito Federal (ArPDF). Tantas outras v\u00e3o ser usadas para ilustrar esta p\u00e1gina, afinal, ela trata da hist\u00f3ria de Bras\u00edlia. Pertencente ao Governo do Distrito Federal, a institui\u00e7\u00e3o preserva a mem\u00f3ria da capital, com milhares de fotografias e v\u00eddeos. E esse acervo n\u00e3o est\u00e1 restrito aos servidores do \u00f3rg\u00e3os e a jornalistas. Qualquer um pode consult\u00e1-lo e pedir uma c\u00f3pia.<\/p>\n<figure id=\"attachment_25\" aria-describedby=\"caption-attachment-25\" style=\"width: 640px\" class=\"wp-caption aligncenter\"><img loading=\"lazy\" decoding=\"async\" class=\"size-full wp-image-25\" src=\"https:\/\/blogs.correiobraziliense.com.br\/candangando\/wp-content\/uploads\/sites\/34\/2017\/07\/0109_NOV_B_01_Acampamento_pioneiros_Nucleo_Bandeirante_DF_30_09_1958.jpg\" alt=\"Acampamento de pioneiros no N\u00facleo Bandeirante - Arquivo P\u00fablico do Distrito Federal\" width=\"640\" height=\"429\" srcset=\"https:\/\/blogs.correiobraziliense.com.br\/candangando\/wp-content\/uploads\/sites\/34\/2017\/07\/0109_NOV_B_01_Acampamento_pioneiros_Nucleo_Bandeirante_DF_30_09_1958.jpg 640w, https:\/\/blogs.correiobraziliense.com.br\/candangando\/wp-content\/uploads\/sites\/34\/2017\/07\/0109_NOV_B_01_Acampamento_pioneiros_Nucleo_Bandeirante_DF_30_09_1958-300x201.jpg 300w, https:\/\/blogs.correiobraziliense.com.br\/candangando\/wp-content\/uploads\/sites\/34\/2017\/07\/0109_NOV_B_01_Acampamento_pioneiros_Nucleo_Bandeirante_DF_30_09_1958-550x369.jpg 550w, https:\/\/blogs.correiobraziliense.com.br\/candangando\/wp-content\/uploads\/sites\/34\/2017\/07\/0109_NOV_B_01_Acampamento_pioneiros_Nucleo_Bandeirante_DF_30_09_1958-230x154.jpg 230w\" sizes=\"auto, (max-width: 640px) 100vw, 640px\" \/><figcaption id=\"caption-attachment-25\" class=\"wp-caption-text\">Acampamento de pioneiros no N\u00facleo Bandeirante &#8211; Arquivo P\u00fablico do Distrito Federal<\/figcaption><\/figure>\n<p>O ArPDF re\u00fane, principalmente, documenta\u00e7\u00e3o que retrata a hist\u00f3ria da capital federal, desde o per\u00edodo da interioriza\u00e7\u00e3o &#8212; como foi previsto na Constitui\u00e7\u00e3o de 1892 &#8211;, passando pela constru\u00e7\u00e3o, inaugura\u00e7\u00e3o, chegando aos dias atuais. O acervo apresenta documentos textuais, audiovisuais, cartogr\u00e1ficos, entre outros formatos que comp\u00f5em acervos que pertencem a Fundos P\u00fablicos e Fundos Privados.<\/p>\n<figure id=\"attachment_26\" aria-describedby=\"caption-attachment-26\" style=\"width: 640px\" class=\"wp-caption aligncenter\"><img loading=\"lazy\" decoding=\"async\" class=\"size-full wp-image-26\" src=\"https:\/\/blogs.correiobraziliense.com.br\/candangando\/wp-content\/uploads\/sites\/34\/2017\/07\/0135_NOV_B_01_Dentista_Protetico_no_Nucleo_Bandeirante_DF_15_12_1958_.jpg\" alt=\"Dentista prot\u00e9tico no N\u00facleo Bandeirante - Arquivo P\u00fablico do Distrito Federal\" width=\"640\" height=\"429\" srcset=\"https:\/\/blogs.correiobraziliense.com.br\/candangando\/wp-content\/uploads\/sites\/34\/2017\/07\/0135_NOV_B_01_Dentista_Protetico_no_Nucleo_Bandeirante_DF_15_12_1958_.jpg 640w, https:\/\/blogs.correiobraziliense.com.br\/candangando\/wp-content\/uploads\/sites\/34\/2017\/07\/0135_NOV_B_01_Dentista_Protetico_no_Nucleo_Bandeirante_DF_15_12_1958_-300x201.jpg 300w, https:\/\/blogs.correiobraziliense.com.br\/candangando\/wp-content\/uploads\/sites\/34\/2017\/07\/0135_NOV_B_01_Dentista_Protetico_no_Nucleo_Bandeirante_DF_15_12_1958_-550x369.jpg 550w, https:\/\/blogs.correiobraziliense.com.br\/candangando\/wp-content\/uploads\/sites\/34\/2017\/07\/0135_NOV_B_01_Dentista_Protetico_no_Nucleo_Bandeirante_DF_15_12_1958_-230x154.jpg 230w\" sizes=\"auto, (max-width: 640px) 100vw, 640px\" \/><figcaption id=\"caption-attachment-26\" class=\"wp-caption-text\">Dentista prot\u00e9tico no N\u00facleo Bandeirante &#8211; Arquivo P\u00fablico do Distrito Federal<\/figcaption><\/figure>\n<p>S\u00e3o dois caminhos para conseguir os documentos no Arquivo P\u00fablico do DF. Um \u00e9 ir \u00e0 sede (SGO, Quadra 5, Lote 23, Bloco B, antigo Tribunal Superior Eleitoral), preencher formul\u00e1rio e levar o material em pen drive ou HD externo. O hor\u00e1rio para pesquisa \u00e9 das 9h \u00e0s 17h. O acesso \u00e9 pelo e-mail <em>arpdfatendimento@gmail.com<\/em>. \u00c9 preciso fazer o pedido pelo endere\u00e7o eletr\u00f4nico, preencher o formul\u00e1rio que ser\u00e1 enviado em seguida, encaminh\u00e1-lo assinado e escaneado.<\/p>\n<p><strong><a href=\"https:\/\/www.facebook.com\/Arquivo-P%C3%BAblico-do-Distrito-Federal-144455649083845\/?hc_ref=ARSvMbdIz6Ffnp7qdrHoxiWAa9hafdDVAGvTxAhXNprBnoUfFlNjTOBjbsDYgnYeDJQ&amp;fref=nf\" target=\"_blank\">Acesse a p\u00e1gina oficial do Arquivo P\u00fablico do Distrito Federal no Facebook<\/a><\/strong><\/p>\n<p><strong><a href=\"https:\/\/www.google.com\/url?q=http:\/\/www.correiobraziliense.com.br\/app\/noticia\/cidades\/2017\/02\/04\/interna_cidadesdf,570843\/apos-decadas-de-sigilo-arquivo-publico-abre-acervo-sobre-a-ditadura.shtml&amp;sa=U&amp;ved=0ahUKEwi4-5SG7Z3VAhWTZiYKHXK1CS8QFggFMAA&amp;client=internal-uds-cse&amp;usg=AFQjCNEYpoaYVo-8PvwkCWyUD22z02EE7g\" target=\"_blank\">Ap\u00f3s d\u00e9cadas, Arquivo P\u00fablico do Distrito Federal abriu acervo da ditadura militar<\/a><\/strong><\/p>\n","protected":false},"excerpt":{"rendered":"<p>As fotografias desta publica\u00e7\u00e3o, assim como do cabe\u00e7alho deste blog, pertencem ao Arquivo P\u00fablico do Distrito Federal (ArPDF). Tantas outras v\u00e3o ser usadas para ilustrar esta p\u00e1gina, afinal, ela trata da hist\u00f3ria de Bras\u00edlia. Pertencente ao Governo do Distrito Federal, a institui\u00e7\u00e3o preserva a mem\u00f3ria da capital, com milhares de fotografias e v\u00eddeos. E esse acervo n\u00e3o est\u00e1 restrito aos [&hellip;]<\/p>\n","protected":false},"author":77,"featured_media":0,"comment_status":"open","ping_status":"open","sticky":false,"template":"","format":"standard","meta":{"footnotes":""},"categories":[15],"tags":[18,16,12,17],"class_list":["post-22","post","type-post","status-publish","format-standard","hentry","category-arquivo-publico-do-distrito-federal","tag-fotos-antigas","tag-arquivo-publico-do-distrito-federal","tag-brasilia","tag-governo-do-distrito-federal"],"_links":{"self":[{"href":"https:\/\/blogs.correiobraziliense.com.br\/candangando\/wp-json\/wp\/v2\/posts\/22","targetHints":{"allow":["GET"]}}],"collection":[{"href":"https:\/\/blogs.correiobraziliense.com.br\/candangando\/wp-json\/wp\/v2\/posts"}],"about":[{"href":"https:\/\/blogs.correiobraziliense.com.br\/candangando\/wp-json\/wp\/v2\/types\/post"}],"author":[{"embeddable":true,"href":"https:\/\/blogs.correiobraziliense.com.br\/candangando\/wp-json\/wp\/v2\/users\/77"}],"replies":[{"embeddable":true,"href":"https:\/\/blogs.correiobraziliense.com.br\/candangando\/wp-json\/wp\/v2\/comments?post=22"}],"version-history":[{"count":4,"href":"https:\/\/blogs.correiobraziliense.com.br\/candangando\/wp-json\/wp\/v2\/posts\/22\/revisions"}],"predecessor-version":[{"id":40,"href":"https:\/\/blogs.correiobraziliense.com.br\/candangando\/wp-json\/wp\/v2\/posts\/22\/revisions\/40"}],"wp:attachment":[{"href":"https:\/\/blogs.correiobraziliense.com.br\/candangando\/wp-json\/wp\/v2\/media?parent=22"}],"wp:term":[{"taxonomy":"category","embeddable":true,"href":"https:\/\/blogs.correiobraziliense.com.br\/candangando\/wp-json\/wp\/v2\/categories?post=22"},{"taxonomy":"post_tag","embeddable":true,"href":"https:\/\/blogs.correiobraziliense.com.br\/candangando\/wp-json\/wp\/v2\/tags?post=22"}],"curies":[{"name":"wp","href":"https:\/\/api.w.org\/{rel}","templated":true}]}}