{"id":756,"date":"2026-07-21T14:23:52","date_gmt":"2026-07-21T17:23:52","guid":{"rendered":"https:\/\/blogs.correiobraziliense.com.br\/brasiliatododia\/?p=756"},"modified":"2026-07-24T14:40:57","modified_gmt":"2026-07-24T17:40:57","slug":"oficina-de-producao-cultural-transforma-a-pratica-de-jovens-no-gama","status":"publish","type":"post","link":"https:\/\/blogs.correiobraziliense.com.br\/brasiliatododia\/2026\/07\/21\/oficina-de-producao-cultural-transforma-a-pratica-de-jovens-no-gama\/","title":{"rendered":"Oficina de produ\u00e7\u00e3o cultural transforma a pr\u00e1tica de jovens no Gama"},"content":{"rendered":"<p><strong>Iniciativa do Ponto de Cultura Voar\u00a0trabalha a vis\u00e3o dos participantes<\/strong><\/p>\n<p>O Ponto de Cultura Voar avan\u00e7ou em suas etapas formativas com saldo positivo do primeiro m\u00f3dulo da capacita\u00e7\u00e3o em produ\u00e7\u00e3o cultural com a produtora e jornalista Mariana Camargo. A iniciativa oferece forma\u00e7\u00e3o gratuita nas \u00e1reas de cultura e comunica\u00e7\u00e3o \u00a0 para jovens de 18 a 24 anos. Alguns dos alunos participantes, dentre os 27 inscritos, mostraram-se muito satisfeitos.<\/p>\n<p>O projeto \u00e9 realizado pelo Instituto Voar Cultural com recursos da Lei Paulo Gustavo, por meio do Termo de Execu\u00e7\u00e3o Cultural n\u00ba 39\/2024, e apoio da Secretaria de Cultura e Economia Criativa do Distrito Federal e do CIEDS.<\/p>\n<p><strong>Relato de impacto na vida profissional<\/strong><\/p>\n<p>Mais do que conceitos te\u00f3ricos sobre elabora\u00e7\u00e3o de projetos e organiza\u00e7\u00e3o de eventos, o primeiro m\u00f3dulo j\u00e1 colhe frutos palp\u00e1veis no cotidiano dos discentes. Segundo a coordenadora de atividades formativas, Milena Guedes, a maioria dos participantes j\u00e1 possu\u00eda algum contato pr\u00e9vio com a cena cultural e relatou que as diretrizes apresentadas ampliaram consideravelmente o olhar cr\u00edtico e estrat\u00e9gico sobre a cadeia produtiva da cultura.<\/p>\n<p>\u201cAs informa\u00e7\u00f5es passadas ajudam muito a ampliar o olhar acerca da produ\u00e7\u00e3o. A iniciativa mira na forma\u00e7\u00e3o de jovens capazes de atuar em seus territ\u00f3rios, fortalecendo a cultura local\u201d, avaliou Milena.<\/p>\n<p>O reflexo direto dessa forma\u00e7\u00e3o \u00e9 atestado pelo estudante e ator Jo\u00e3o Paulo, que atua na \u00e1rea h\u00e1 sete anos e encontrou na oficina uma abordagem leve, fluida e estruturada passo a passo. Unindo sua bagagem das artes c\u00eanicas \u00e0 nova perspectiva de gest\u00e3o, ele relata que os ensinamentos pr\u00e1ticos sobre or\u00e7amentos surtiram efeito imediato no mercado: ap\u00f3s estruturar uma planilha com base nas orienta\u00e7\u00f5es de aula, apresentou sua proposta a uma empresa, foi contratado e hoje integra o quadro da organiza\u00e7\u00e3o.<\/p>\n<p>\u201cEu j\u00e1 sinto reverbera\u00e7\u00f5es positivas desde que comecei a oficina. Tive a chance de apresentar um or\u00e7amento dos meus servi\u00e7os para uma empresa, fui contratado e atualmente estou trabalhando l\u00e1\u201d, celebra Jo\u00e3o Paulo.<\/p>\n<p>Para ele, a experi\u00eancia permitiu transitar com seguran\u00e7a para o lugar do produtor \u2014 um profissional essencial para que tudo aconte\u00e7a bem, refor\u00e7ando uma convic\u00e7\u00e3o para qualquer carreira.<\/p>\n<p>\u201cTodo artista precisa ser um pouco produtor, no sentido de gerenciar seu pr\u00f3prio tempo, fazer escolhas profissionais assertivas, saber montar curr\u00edculo e portf\u00f3lio, e se posicionar com seguran\u00e7a no mercado\u201d, pontuou o estudante.<\/p>\n<p><strong>Pr\u00f3ximos Passos e Expectativas para o Segundo M\u00f3dulo<\/strong><\/p>\n<div>\n<div>Com o encerramento bem-sucedido do primeiro ciclo, o projeto d\u00e1 in\u00edcio imediato ao segundo m\u00f3dulo de produ\u00e7\u00e3o cultural, cujas aulas v\u00e3o at\u00e9 30 de julho, com a expectativa de aprofundar ainda mais os conhecimentos pr\u00e1ticos e consolidar a prepara\u00e7\u00e3o dos jovens para atuar ativamente na cena cultural do Gama e do Distrito Federal.A coordenadora est\u00e1 otimista para o segundo m\u00f3dulo, que conta com o experiente \u00a0produtor cultural, gestor e elaborador de projetos com consolidada trajet\u00f3ria no cen\u00e1rio art\u00edstico do Distrito Federal, Marco Augusto de Rezende. Ele vai ensinar aos inscritos como elaborar projetos e se preparar para editais e oportunidades.<\/p>\n<p>\u201cN\u00f3s, do Ponto de Cultura Voar, do Instituto Voar Cultural, estamos engajados pois acreditamos no impacto transformador de projetos como esse, na comunidade do Gama\u201d, finalizou Milena Guedes.<\/p>\n<\/div>\n<\/div>\n<p>&nbsp;<\/p>\n","protected":false},"excerpt":{"rendered":"<p>Iniciativa do Ponto de Cultura Voar\u00a0trabalha a vis\u00e3o dos participantes O Ponto de Cultura Voar avan\u00e7ou em suas etapas formativas com saldo positivo do primeiro m\u00f3dulo da capacita\u00e7\u00e3o em produ\u00e7\u00e3o cultural com a produtora e jornalista Mariana Camargo. A iniciativa oferece forma\u00e7\u00e3o gratuita nas \u00e1reas de cultura e comunica\u00e7\u00e3o \u00a0 para jovens de 18 a 24 anos. Alguns dos alunos [&hellip;]<\/p>\n","protected":false},"author":152,"featured_media":0,"comment_status":"open","ping_status":"open","sticky":false,"template":"","format":"standard","meta":{"footnotes":""},"categories":[38],"tags":[76],"class_list":["post-756","post","type-post","status-publish","format-standard","hentry","category-formacao","tag-producao-cultu"],"_links":{"self":[{"href":"https:\/\/blogs.correiobraziliense.com.br\/brasiliatododia\/wp-json\/wp\/v2\/posts\/756","targetHints":{"allow":["GET"]}}],"collection":[{"href":"https:\/\/blogs.correiobraziliense.com.br\/brasiliatododia\/wp-json\/wp\/v2\/posts"}],"about":[{"href":"https:\/\/blogs.correiobraziliense.com.br\/brasiliatododia\/wp-json\/wp\/v2\/types\/post"}],"author":[{"embeddable":true,"href":"https:\/\/blogs.correiobraziliense.com.br\/brasiliatododia\/wp-json\/wp\/v2\/users\/152"}],"replies":[{"embeddable":true,"href":"https:\/\/blogs.correiobraziliense.com.br\/brasiliatododia\/wp-json\/wp\/v2\/comments?post=756"}],"version-history":[{"count":1,"href":"https:\/\/blogs.correiobraziliense.com.br\/brasiliatododia\/wp-json\/wp\/v2\/posts\/756\/revisions"}],"predecessor-version":[{"id":758,"href":"https:\/\/blogs.correiobraziliense.com.br\/brasiliatododia\/wp-json\/wp\/v2\/posts\/756\/revisions\/758"}],"wp:attachment":[{"href":"https:\/\/blogs.correiobraziliense.com.br\/brasiliatododia\/wp-json\/wp\/v2\/media?parent=756"}],"wp:term":[{"taxonomy":"category","embeddable":true,"href":"https:\/\/blogs.correiobraziliense.com.br\/brasiliatododia\/wp-json\/wp\/v2\/categories?post=756"},{"taxonomy":"post_tag","embeddable":true,"href":"https:\/\/blogs.correiobraziliense.com.br\/brasiliatododia\/wp-json\/wp\/v2\/tags?post=756"}],"curies":[{"name":"wp","href":"https:\/\/api.w.org\/{rel}","templated":true}]}}