{"id":743,"date":"2026-07-11T14:27:18","date_gmt":"2026-07-11T17:27:18","guid":{"rendered":"https:\/\/blogs.correiobraziliense.com.br\/brasiliatododia\/?p=743"},"modified":"2026-07-13T19:32:01","modified_gmt":"2026-07-13T22:32:01","slug":"pontao-voar-abre-chamamento-para-atracoes-do-arraia-quebrada-viva","status":"publish","type":"post","link":"https:\/\/blogs.correiobraziliense.com.br\/brasiliatododia\/2026\/07\/11\/pontao-voar-abre-chamamento-para-atracoes-do-arraia-quebrada-viva\/","title":{"rendered":"Pont\u00e3o Voar abre chamamento para atra\u00e7\u00f5es do Arrai\u00e1 Quebrada Viva"},"content":{"rendered":"<p><strong>Inscri\u00e7\u00f5es seguem at\u00e9 16 de julho para artistas, grupos e coletivos culturais interessados em integrar a programa\u00e7\u00e3o do evento, que ser\u00e1 realizado em agosto, no Gama<\/strong><\/p>\n<div>\n<p>O\u00a0Pont\u00e3o\u00a0Popular e Perif\u00e9rico VOAR\u00a0 est\u00e1 com as inscri\u00e7\u00f5es abertas at\u00e9 o dia 16 de julho para selecionar apresenta\u00e7\u00f5es de quadrilha junina, grupos ou artistas de forr\u00f3 e batalhas de rima para a programa\u00e7\u00e3o do Arrai\u00e1 Quebrada Viva \u2013 Tradi\u00e7\u00e3o, Uni\u00e3o e Cultura. O evento ser\u00e1 realizado em 7 de agosto, no Espa\u00e7o Voar\u00a0 (SMA conjunto K lote 05 &#8211; PR\u00d3 DF), no Gama. As inscri\u00e7\u00f5es devem ser feitas por meio de formul\u00e1rio eletr\u00f4nico, com envio da documenta\u00e7\u00e3o exigida no edital, pelo link aqui:\u00a0<a href=\"https:\/\/shre.ink\/arraiaquebradaviva\" target=\"_blank\" rel=\"noopener\">https:\/\/shre.ink\/arraiaquebradaviva<\/a>\u00a0Informa\u00e7\u00f5es no Instagram @pontaovoar.<\/p>\n<div><\/div>\n<div>A iniciativa \u00e9 realizada pelo Pont\u00e3o Popular e Perif\u00e9rico VOAR com recursos da Pol\u00edtica Nacional Aldir Blanc de Fomento \u00e0 Cultura (PNAB-DF) e \u00e9 fruto de um Termo de Coopera\u00e7\u00e3o Cultural firmado entre o Instituto Voar Cultural, a Secretaria de Cultura e Economia Criativa do DF (SECEC-DF) e o Minist\u00e9rio da Cultura, no \u00e2mbito da Pol\u00edtica Nacional de Cultura Viva.<\/div>\n<div>\n<p>&#8220;O fortalecimento da cultura come\u00e7a quando surgem oportunidades concretas para que novos artistas ocupem os espa\u00e7os p\u00fablicos e apresentem seu trabalho. Este chamamento foi pensado exatamente para ampliar esse acesso, valorizar a produ\u00e7\u00e3o cultural das periferias e fortalecer as manifesta\u00e7\u00f5es populares do Distrito Federal&#8221;, afirma Jairo Mendon\u00e7a, presidente do Instituto Voar Cultural.<b>Quem pode participar &#8211;\u00a0<\/b>Podem se inscrever pessoas jur\u00eddicas de natureza cultural, microempreendedores individuais (MEIs), associa\u00e7\u00f5es, cooperativas, grupos representados por pessoa jur\u00eddica, coletivos sem CNPJ e novos artistas que possuam condi\u00e7\u00f5es t\u00e9cnicas e art\u00edsticas para realizar as apresenta\u00e7\u00f5es. Caso n\u00e3o haja n\u00famero suficiente de propostas habilitadas do Gama, poder\u00e3o ser selecionadas atra\u00e7\u00f5es de outras regi\u00f5es administrativas do Distrito Federal.<\/p>\n<p><b>Categorias selecionadas<\/b>\u00a0&#8211; A chamada p\u00fablica prev\u00ea a sele\u00e7\u00e3o de uma quadrilha junina, um grupo ou artista de forr\u00f3 e duas batalhas de rima. As apresenta\u00e7\u00f5es ter\u00e3o dura\u00e7\u00e3o entre 30 e 40 minutos, conforme a categoria, com ajuda de custo de R$ 500 a R$ 1.000, totalizando R$ 3 mil destinados ao chamamento.<\/p>\n<p><b>Como se inscrever<\/b>\u00a0-As inscri\u00e7\u00f5es permanecem abertas de 7 a 16 de julho. Os interessados dever\u00e3o preencher o formul\u00e1rio eletr\u00f4nico previsto no edital e encaminhar, por e-mail, o release da atra\u00e7\u00e3o, portf\u00f3lio, duas fotografias em boa resolu\u00e7\u00e3o, documento de identidade do representante, rider t\u00e9cnico e link de teaser ou v\u00eddeo de apresenta\u00e7\u00e3o.<\/p>\n<p><b>Resultado\u00a0<\/b>&#8211; O resultado da sele\u00e7\u00e3o ser\u00e1 divulgado em 20 de julho, e o contato com os artistas selecionados ser\u00e1 feito no dia seguinte. Todas as informa\u00e7\u00f5es oficiais, comunicados e eventuais atualiza\u00e7\u00f5es sobre o processo seletivo ser\u00e3o publicados exclusivamente no Instagram @pontaovoar.<\/p>\n<p><b>Conselho Gestor do Pont\u00e3o Popular e Perif\u00e9rico Voa<\/b>r &#8211; A gest\u00e3o do projeto \u00e9 compartilhada por um Conselho Gestor, formado por Pontos de Cultura da rede de atua\u00e7\u00e3o do Pont\u00e3o, garantindo participa\u00e7\u00e3o coletiva e articula\u00e7\u00e3o em rede. Integram o Conselho Gestor: Ciarticum, Menino de Ceil\u00e2ndia, Instituto Voar Cultural, Inven\u00e7\u00e3o Brasileira e Mamulengo Sem Fronteiras. O Conselho atua no planejamento, acompanhamento, mobiliza\u00e7\u00e3o, articula\u00e7\u00e3o em rede e avalia\u00e7\u00e3o das a\u00e7\u00f5es do Pont\u00e3o.<\/p>\n<\/div>\n<\/div>\n<div><\/div>\n","protected":false},"excerpt":{"rendered":"<p>Inscri\u00e7\u00f5es seguem at\u00e9 16 de julho para artistas, grupos e coletivos culturais interessados em integrar a programa\u00e7\u00e3o do evento, que ser\u00e1 realizado em agosto, no Gama O\u00a0Pont\u00e3o\u00a0Popular e Perif\u00e9rico VOAR\u00a0 est\u00e1 com as inscri\u00e7\u00f5es abertas at\u00e9 o dia 16 de julho para selecionar apresenta\u00e7\u00f5es de quadrilha junina, grupos ou artistas de forr\u00f3 e batalhas de rima para a programa\u00e7\u00e3o do [&hellip;]<\/p>\n","protected":false},"author":152,"featured_media":747,"comment_status":"open","ping_status":"open","sticky":false,"template":"","format":"standard","meta":{"footnotes":""},"categories":[2,1],"tags":[70,69,71],"class_list":["post-743","post","type-post","status-publish","format-standard","has-post-thumbnail","hentry","category-cultura","category-sem-categoria","tag-chamamento-cultutal","tag-inscricoes","tag-pontao-popular-e-periferico-voar"],"_links":{"self":[{"href":"https:\/\/blogs.correiobraziliense.com.br\/brasiliatododia\/wp-json\/wp\/v2\/posts\/743","targetHints":{"allow":["GET"]}}],"collection":[{"href":"https:\/\/blogs.correiobraziliense.com.br\/brasiliatododia\/wp-json\/wp\/v2\/posts"}],"about":[{"href":"https:\/\/blogs.correiobraziliense.com.br\/brasiliatododia\/wp-json\/wp\/v2\/types\/post"}],"author":[{"embeddable":true,"href":"https:\/\/blogs.correiobraziliense.com.br\/brasiliatododia\/wp-json\/wp\/v2\/users\/152"}],"replies":[{"embeddable":true,"href":"https:\/\/blogs.correiobraziliense.com.br\/brasiliatododia\/wp-json\/wp\/v2\/comments?post=743"}],"version-history":[{"count":3,"href":"https:\/\/blogs.correiobraziliense.com.br\/brasiliatododia\/wp-json\/wp\/v2\/posts\/743\/revisions"}],"predecessor-version":[{"id":749,"href":"https:\/\/blogs.correiobraziliense.com.br\/brasiliatododia\/wp-json\/wp\/v2\/posts\/743\/revisions\/749"}],"wp:featuredmedia":[{"embeddable":true,"href":"https:\/\/blogs.correiobraziliense.com.br\/brasiliatododia\/wp-json\/wp\/v2\/media\/747"}],"wp:attachment":[{"href":"https:\/\/blogs.correiobraziliense.com.br\/brasiliatododia\/wp-json\/wp\/v2\/media?parent=743"}],"wp:term":[{"taxonomy":"category","embeddable":true,"href":"https:\/\/blogs.correiobraziliense.com.br\/brasiliatododia\/wp-json\/wp\/v2\/categories?post=743"},{"taxonomy":"post_tag","embeddable":true,"href":"https:\/\/blogs.correiobraziliense.com.br\/brasiliatododia\/wp-json\/wp\/v2\/tags?post=743"}],"curies":[{"name":"wp","href":"https:\/\/api.w.org\/{rel}","templated":true}]}}