{"id":674,"date":"2026-05-10T18:46:56","date_gmt":"2026-05-10T21:46:56","guid":{"rendered":"https:\/\/blogs.correiobraziliense.com.br\/brasiliatododia\/?p=674"},"modified":"2026-05-18T03:24:15","modified_gmt":"2026-05-18T06:24:15","slug":"escolas-do-gama-recebem-o-projeto-herdeiras-do-mestre-as-donas-do-circo-a-partir-de-terca-12","status":"publish","type":"post","link":"https:\/\/blogs.correiobraziliense.com.br\/brasiliatododia\/2026\/05\/10\/escolas-do-gama-recebem-o-projeto-herdeiras-do-mestre-as-donas-do-circo-a-partir-de-terca-12\/","title":{"rendered":"Escolas do Gama recebem o Projeto \u201cHerdeiras do Mestre, As Donas do Circo!\u201d a partir de ter\u00e7a (12)"},"content":{"rendered":"<p>O projeto \u201cHerdeiras do Mestre, As Donas do Circo!&#8221; inicia sua circula\u00e7\u00e3o a alunos da rede p\u00fablica de ensino do Gama, na Escola Classe 9, com oficinas de confec\u00e7\u00e3o de brinquedos populares, na ter\u00e7a, 12 de maio, e apresenta\u00e7\u00f5es do espet\u00e1culo \u00a0\u201cHerdeiras do Mestre, As Donas do Circo!&#8221;, na quinta, 14 de maio. \u00a0A iniciativa reafirma o compromisso do grupo Circo Boneco e Riso com a valoriza\u00e7\u00e3o da cultura circense, a inclus\u00e3o social e a forma\u00e7\u00e3o de p\u00fablico. Informa\u00e7\u00f5es pelo Instagram @circo_boneco_e_riso<\/p>\n<p>O projeto \u00e9 realizado com recursos da Pol\u00edtica Nacional Aldir Blanc de Fomento \u00e0 Cultura (PNAB-DF) e integra as a\u00e7\u00f5es da Pol\u00edtica Nacional de Cultura Viva, por meio de parceria entre o Instituto Voar Cultural, a Secretaria de Cultura e Economia Criativa do DF e o Minist\u00e9rio da Cultura.<\/p>\n<p>Segundo a coordenadora geral do projeto, as atividades em cinco escolas buscam integrar arte, educa\u00e7\u00e3o e comunidade, promovendo acesso \u00e0 cultura para p\u00fablicos com menor acesso a a\u00e7\u00f5es culturais.<\/p>\n<p>&#8220;Com um elenco exclusivamente feminino, foco na diversidade cultural e na inclus\u00e3o, \u201cHerdeiras do Mestre, As Donas do Circo!&#8221; busca estimular o interesse pelas artes circenses, fortalecer v\u00ednculos comunit\u00e1rios e ampliar o repert\u00f3rio cultural dos participantes&#8221;, explica Mariana Fernandes, que tamb\u00e9m \u00e9 produtora cultural.<\/p>\n<p>Cronograma das apresenta\u00e7\u00f5es e oficinas<br \/>\n12 de maio (ter\u00e7a-feira) &#8211; OFICINAS<br \/>\nESCOLA CLASSE 09<br \/>\n10h \u00e0s 12h e 13h30 \u00e0s15h30<\/p>\n<p>14 de maio (quinta-feira) APRESENTA\u00c7\u00c3O<br \/>\nESCOLA CLASSE 09<br \/>\n11h e 13h30<\/p>\n<p>18 de maio (segunda-feira)- \u00a0OFICINA e \u00a0APRESENTA\u00c7\u00c3O<br \/>\nESCOLA CLASSE 28<br \/>\n8h e 14h30, oficina.<br \/>\n11h e 13h30, espet\u00e1culo<\/p>\n<p>20 de maio (quarta-feira) OFICINA<br \/>\nESCOLA CLASSE 15<br \/>\n8h \u00e0s 10h e 16h \u00e0s 18h<br \/>\nESCOLA CLASSE 29<br \/>\n10h \u00e0s 12h e 13h30 \u00e0s 15h30<\/p>\n<p>22 de MAIO (sexta-feira) &#8211; APRESENTA\u00c7\u00c3O<br \/>\nESCOLA CLASSE 15<br \/>\n9h e 16h<br \/>\nESCOLA CLASSE 29<br \/>\n11h e 13h30<\/p>\n<p>26 de maio &#8211; \u00a0OFICINA e \u00a0APRESENTA\u00c7\u00c3O<br \/>\nESCOLA CLASSE 07<br \/>\n8h e 14h30, oficina.<br \/>\n11h e 13h30, espet\u00e1culo<\/p>\n<p>&nbsp;<\/p>\n","protected":false},"excerpt":{"rendered":"<p>O projeto \u201cHerdeiras do Mestre, As Donas do Circo!&#8221; inicia sua circula\u00e7\u00e3o a alunos da rede p\u00fablica de ensino do Gama, na Escola Classe 9, com oficinas de confec\u00e7\u00e3o de brinquedos populares, na ter\u00e7a, 12 de maio, e apresenta\u00e7\u00f5es do espet\u00e1culo \u00a0\u201cHerdeiras do Mestre, As Donas do Circo!&#8221;, na quinta, 14 de maio. \u00a0A iniciativa reafirma o compromisso do grupo [&hellip;]<\/p>\n","protected":false},"author":152,"featured_media":675,"comment_status":"open","ping_status":"open","sticky":false,"template":"","format":"standard","meta":{"footnotes":""},"categories":[2,38],"tags":[63,55,61,64],"class_list":["post-674","post","type-post","status-publish","format-standard","has-post-thumbnail","hentry","category-cultura","category-formacao","tag-circo","tag-circo-boneco-e-riso","tag-cultura-popular","tag-herdeiras-do-mestre"],"_links":{"self":[{"href":"https:\/\/blogs.correiobraziliense.com.br\/brasiliatododia\/wp-json\/wp\/v2\/posts\/674","targetHints":{"allow":["GET"]}}],"collection":[{"href":"https:\/\/blogs.correiobraziliense.com.br\/brasiliatododia\/wp-json\/wp\/v2\/posts"}],"about":[{"href":"https:\/\/blogs.correiobraziliense.com.br\/brasiliatododia\/wp-json\/wp\/v2\/types\/post"}],"author":[{"embeddable":true,"href":"https:\/\/blogs.correiobraziliense.com.br\/brasiliatododia\/wp-json\/wp\/v2\/users\/152"}],"replies":[{"embeddable":true,"href":"https:\/\/blogs.correiobraziliense.com.br\/brasiliatododia\/wp-json\/wp\/v2\/comments?post=674"}],"version-history":[{"count":3,"href":"https:\/\/blogs.correiobraziliense.com.br\/brasiliatododia\/wp-json\/wp\/v2\/posts\/674\/revisions"}],"predecessor-version":[{"id":679,"href":"https:\/\/blogs.correiobraziliense.com.br\/brasiliatododia\/wp-json\/wp\/v2\/posts\/674\/revisions\/679"}],"wp:featuredmedia":[{"embeddable":true,"href":"https:\/\/blogs.correiobraziliense.com.br\/brasiliatododia\/wp-json\/wp\/v2\/media\/675"}],"wp:attachment":[{"href":"https:\/\/blogs.correiobraziliense.com.br\/brasiliatododia\/wp-json\/wp\/v2\/media?parent=674"}],"wp:term":[{"taxonomy":"category","embeddable":true,"href":"https:\/\/blogs.correiobraziliense.com.br\/brasiliatododia\/wp-json\/wp\/v2\/categories?post=674"},{"taxonomy":"post_tag","embeddable":true,"href":"https:\/\/blogs.correiobraziliense.com.br\/brasiliatododia\/wp-json\/wp\/v2\/tags?post=674"}],"curies":[{"name":"wp","href":"https:\/\/api.w.org\/{rel}","templated":true}]}}