{"id":643,"date":"2026-04-22T20:01:46","date_gmt":"2026-04-22T23:01:46","guid":{"rendered":"https:\/\/blogs.correiobraziliense.com.br\/brasiliatododia\/?p=643"},"modified":"2026-04-22T20:07:27","modified_gmt":"2026-04-22T23:07:27","slug":"no-gama-estreia-do-labneco-marca-nova-frente-da-animacao-com-bonecos-no","status":"publish","type":"post","link":"https:\/\/blogs.correiobraziliense.com.br\/brasiliatododia\/2026\/04\/22\/no-gama-estreia-do-labneco-marca-nova-frente-da-animacao-com-bonecos-no\/","title":{"rendered":"No Gama, estreia do\u00a0LABNECO marca nova frente da anima\u00e7\u00e3o com bonecos no DF"},"content":{"rendered":"<p><strong><img loading=\"lazy\" decoding=\"async\" class=\"alignright  wp-image-647\" src=\"https:\/\/blogs.correiobraziliense.com.br\/brasiliatododia\/wp-content\/uploads\/sites\/68\/2026\/04\/arte-Labneco.jpeg\" alt=\"\" width=\"299\" height=\"299\" srcset=\"https:\/\/blogs.correiobraziliense.com.br\/brasiliatododia\/wp-content\/uploads\/sites\/68\/2026\/04\/arte-Labneco.jpeg 1600w, https:\/\/blogs.correiobraziliense.com.br\/brasiliatododia\/wp-content\/uploads\/sites\/68\/2026\/04\/arte-Labneco-150x150.jpeg 150w, https:\/\/blogs.correiobraziliense.com.br\/brasiliatododia\/wp-content\/uploads\/sites\/68\/2026\/04\/arte-Labneco-300x300.jpeg 300w, https:\/\/blogs.correiobraziliense.com.br\/brasiliatododia\/wp-content\/uploads\/sites\/68\/2026\/04\/arte-Labneco-768x768.jpeg 768w, https:\/\/blogs.correiobraziliense.com.br\/brasiliatododia\/wp-content\/uploads\/sites\/68\/2026\/04\/arte-Labneco-1024x1024.jpeg 1024w, https:\/\/blogs.correiobraziliense.com.br\/brasiliatododia\/wp-content\/uploads\/sites\/68\/2026\/04\/arte-Labneco-1440x1440.jpeg 1440w, https:\/\/blogs.correiobraziliense.com.br\/brasiliatododia\/wp-content\/uploads\/sites\/68\/2026\/04\/arte-Labneco-800x800.jpeg 800w, https:\/\/blogs.correiobraziliense.com.br\/brasiliatododia\/wp-content\/uploads\/sites\/68\/2026\/04\/arte-Labneco-550x550.jpeg 550w, https:\/\/blogs.correiobraziliense.com.br\/brasiliatododia\/wp-content\/uploads\/sites\/68\/2026\/04\/arte-Labneco-230x230.jpeg 230w\" sizes=\"auto, (max-width: 299px) 100vw, 299px\" \/>Projeto lan\u00e7a centro criativo e apresenta curtas in\u00e9ditos em sess\u00e3o gratuita no Espa\u00e7o Voar<\/strong><\/p>\n<p>O projeto LABNECO \u2013 Laborat\u00f3rio de Anima\u00e7\u00e3o com Bonecos realiza no Gama, nesta quinta-feira, 23 de abril, \u00e0s 20h, no Espa\u00e7o Voar ((SMA Conjunto K Lote 05, na entrada do Pr\u00f3-DF), uma noite de estreia com a exibi\u00e7\u00e3o de\u00a0tr\u00eas curtas-metragens: Sim\u00e3o e Quit\u00e9ria \u2013 Um olhar sobre a Cultura Popular de Bras\u00edlia, Secos e Peludos \u2013 Uma com\u00e9dia intergal\u00e1ctica de bonecos e Largados e Peludos \u2013 Uma aventura sem fim (e sem roupas). Tudo para\u00a0marcar o in\u00edcio de suas atividades no Distrito Federal. A entrada \u00e9 gratuita, com Libras e Audiodescri\u00e7\u00e3o. A Censura indicativa \u00e9 livre. Informa\u00e7\u00f5es pelo Instagram @institutovoarcultural<\/p>\n<p>Projeto realizado pelo Instituto\u00a0Voar Cultural com recursos da Lei Paulo Gustavo, por meio do Termo de Execu\u00e7\u00e3o Cultural n\u00ba 39\/2024, e apoio da Secretaria de Cultura e Economia Criativa do Distrito Federal e do CIEDS.<\/p>\n<p>O coordenador-geral do Labneco, Marco Augusto de Rezende afirma que a iniciativa nasce com foco claro: implantar um centro criativo dedicado \u00e0 produ\u00e7\u00e3o audiovisual com t\u00e9cnicas de anima\u00e7\u00e3o com bonecos.<br \/>\n&#8220;A programa\u00e7\u00e3o de estreia apresenta tr\u00eas curtas-metragens que dialogam com identidade, linguagem e humor.\u00a0As obras apontam caminhos poss\u00edveis para a anima\u00e7\u00e3o com bonecos, explorando desde refer\u00eancias da cultura local at\u00e9 abordagens contempor\u00e2neas&#8221;, explica Marco, que tamb\u00e9m \u00e9 bonequeiro e diretor teatral.<\/p>\n<p><strong>Projeto<\/strong> &#8211; O LABNECO articula arte, tecnologia e cultura popular em um mesmo espa\u00e7o, com proposta voltada \u00e0 experimenta\u00e7\u00e3o, \u00e0 forma\u00e7\u00e3o e ao surgimento de novos realizadores.<\/p>\n","protected":false},"excerpt":{"rendered":"<p>Projeto lan\u00e7a centro criativo e apresenta curtas in\u00e9ditos em sess\u00e3o gratuita no Espa\u00e7o Voar O projeto LABNECO \u2013 Laborat\u00f3rio de Anima\u00e7\u00e3o com Bonecos realiza no Gama, nesta quinta-feira, 23 de abril, \u00e0s 20h, no Espa\u00e7o Voar ((SMA Conjunto K Lote 05, na entrada do Pr\u00f3-DF), uma noite de estreia com a exibi\u00e7\u00e3o de\u00a0tr\u00eas curtas-metragens: Sim\u00e3o e Quit\u00e9ria \u2013 Um olhar [&hellip;]<\/p>\n","protected":false},"author":152,"featured_media":644,"comment_status":"open","ping_status":"open","sticky":false,"template":"","format":"standard","meta":{"footnotes":""},"categories":[2],"tags":[],"class_list":["post-643","post","type-post","status-publish","format-standard","has-post-thumbnail","hentry","category-cultura"],"_links":{"self":[{"href":"https:\/\/blogs.correiobraziliense.com.br\/brasiliatododia\/wp-json\/wp\/v2\/posts\/643","targetHints":{"allow":["GET"]}}],"collection":[{"href":"https:\/\/blogs.correiobraziliense.com.br\/brasiliatododia\/wp-json\/wp\/v2\/posts"}],"about":[{"href":"https:\/\/blogs.correiobraziliense.com.br\/brasiliatododia\/wp-json\/wp\/v2\/types\/post"}],"author":[{"embeddable":true,"href":"https:\/\/blogs.correiobraziliense.com.br\/brasiliatododia\/wp-json\/wp\/v2\/users\/152"}],"replies":[{"embeddable":true,"href":"https:\/\/blogs.correiobraziliense.com.br\/brasiliatododia\/wp-json\/wp\/v2\/comments?post=643"}],"version-history":[{"count":3,"href":"https:\/\/blogs.correiobraziliense.com.br\/brasiliatododia\/wp-json\/wp\/v2\/posts\/643\/revisions"}],"predecessor-version":[{"id":648,"href":"https:\/\/blogs.correiobraziliense.com.br\/brasiliatododia\/wp-json\/wp\/v2\/posts\/643\/revisions\/648"}],"wp:featuredmedia":[{"embeddable":true,"href":"https:\/\/blogs.correiobraziliense.com.br\/brasiliatododia\/wp-json\/wp\/v2\/media\/644"}],"wp:attachment":[{"href":"https:\/\/blogs.correiobraziliense.com.br\/brasiliatododia\/wp-json\/wp\/v2\/media?parent=643"}],"wp:term":[{"taxonomy":"category","embeddable":true,"href":"https:\/\/blogs.correiobraziliense.com.br\/brasiliatododia\/wp-json\/wp\/v2\/categories?post=643"},{"taxonomy":"post_tag","embeddable":true,"href":"https:\/\/blogs.correiobraziliense.com.br\/brasiliatododia\/wp-json\/wp\/v2\/tags?post=643"}],"curies":[{"name":"wp","href":"https:\/\/api.w.org\/{rel}","templated":true}]}}