{"id":640,"date":"2025-10-15T12:57:33","date_gmt":"2025-10-15T15:57:33","guid":{"rendered":"https:\/\/blogs.correiobraziliense.com.br\/brasiliatododia\/?p=640"},"modified":"2026-04-20T22:59:03","modified_gmt":"2026-04-21T01:59:03","slug":"acao-educativa-para-protecao-de-criancas-de-adolescentes-inicia-circuito-em-escolas-publicas-do-df","status":"publish","type":"post","link":"https:\/\/blogs.correiobraziliense.com.br\/brasiliatododia\/2025\/10\/15\/acao-educativa-para-protecao-de-criancas-de-adolescentes-inicia-circuito-em-escolas-publicas-do-df\/","title":{"rendered":"A\u00e7\u00e3o educativa para prote\u00e7\u00e3o de crian\u00e7as de adolescentes inicia circuito em escolas p\u00fablicas do DF"},"content":{"rendered":"<figure id=\"attachment_641\" aria-describedby=\"caption-attachment-641\" style=\"width: 492px\" class=\"wp-caption alignright\"><img loading=\"lazy\" decoding=\"async\" class=\" wp-image-641\" src=\"https:\/\/blogs.correiobraziliense.com.br\/brasiliatododia\/wp-content\/uploads\/sites\/68\/2026\/04\/close-up-smiling-schoolchildren-e1776736623621.jpg\" alt=\"\" width=\"492\" height=\"328\" \/><figcaption id=\"caption-attachment-641\" class=\"wp-caption-text\">Cr\u00e9dito: Frepik<\/figcaption><\/figure>\n<p><em>Projeto O Gama Faz Bonito vai alcan\u00e7ar milhares de estudantes\u00a0<\/em><\/p>\n<p>O Projeto Gama Faz Bonito ser\u00e1 iniciado na quinta-feira, 16 de outubro , com duas conta\u00e7\u00f5es de hist\u00f3rias no CEF Casa Grande, no Gama, \u00e0s 11h e 14h. A partir da\u00ed, a iniciativa percorre escolas p\u00fablicas da regi\u00e3o com uma programa\u00e7\u00e3o voltada \u00e0 conscientiza\u00e7\u00e3o e \u00e0 preven\u00e7\u00e3o da viol\u00eancia contra crian\u00e7as e adolescentes.<\/p>\n<p>O Gama Faz Bonito \u00a0integra o projeto Gama Cultural 2025 e \u00e9 uma realiza\u00e7\u00e3o do Instituto Voar Cultural, por meio de Termo de Fomento da Secretaria de Cultura e Economia Criativa do DF (SECEC-DF), com apoio da Administra\u00e7\u00e3o Regional do Gama.<\/p>\n<p>A agenda segue no dia 17 de outubro, com atividades no CAIC e no Jardim de Inf\u00e2ncia 06. Nos dias 20 e 21 de outubro, o projeto passa por unidades como Escola Classe 10, Escola Classe 28, Jardim de Inf\u00e2ncia 04 e Jardim de Inf\u00e2ncia 05.<\/p>\n<p>Na sequ\u00eancia, as a\u00e7\u00f5es continuam no CED Engenho das Lajes no dia 23 de outubro, e na Escola Classe 18 no dia 24. No dia 27 de outubro, est\u00e3o previstas apresenta\u00e7\u00f5es no CEF Tamandu\u00e1 e na Escola Classe C\u00f3rrego Barreiro. O circuito segue no dia 29, no CEF Ponte Alta do Baixo.<\/p>\n<p>Nos dias 30 e 31 de outubro, o projeto atende escolas como Escola Classe 12, Escola Classe 02 e Escola Classe 7, ampliando o alcance das atividades dentro da rede p\u00fablica de ensino do Gama.<\/p>\n<p>At\u00e9 o final do ano, o projeto realiza dezenas de conta\u00e7\u00f5es de hist\u00f3rias em diferentes regi\u00f5es do Gama, com atividades distribu\u00eddas entre manh\u00e3 e tarde.<\/p>\n<p><strong>O Gama Faz Bonito<\/strong>&#8211; A\u00e7\u00e3o cultural com conta\u00e7\u00f5es de hist\u00f3rias voltada para o combate \u00e0 explora\u00e7\u00e3o sexual de crian\u00e7as e adolescentes e o trabalho infantil, que tem como principal objetivo promover a conscientiza\u00e7\u00e3o, preven\u00e7\u00e3o e apoio \u00e0s v\u00edtimas dessas pr\u00e1ticas prejudiciais \u00e0 nossa sociedade.<\/p>\n<p><strong>Gama Cultural 2025<\/strong> &#8211; O projeto re\u00fane o Festival de Cultura Popular do Gama, a Feira Cultural do Gama, o Festineco -Festival de Teatro de Bonecos, a a\u00e7\u00e3o educativa O Gama Faz Bonito, o Caminh\u00e3o do Forr\u00f3 e o espet\u00e1culo Bagagem 40 anos. As atividades v\u00eam movimentando a cidade com apresenta\u00e7\u00f5es, encontros e a\u00e7\u00f5es formativas.<\/p>\n<p><strong>Instituto Voar Cultural \u00a0<\/strong>&#8211; Organiza\u00e7\u00e3o com atua\u00e7\u00e3o consolidada no Distrito Federal, respons\u00e1vel pela realiza\u00e7\u00e3o de festivais, mostras, pr\u00eamios e a\u00e7\u00f5es formativas. A institui\u00e7\u00e3o desenvolve projetos voltados \u00e0 democratiza\u00e7\u00e3o do acesso \u00e0 cultura, \u00e0 valoriza\u00e7\u00e3o de artistas e \u00e0 forma\u00e7\u00e3o cultural em diferentes territ\u00f3rios.<\/p>\n","protected":false},"excerpt":{"rendered":"<p>Projeto O Gama Faz Bonito vai alcan\u00e7ar milhares de estudantes\u00a0 O Projeto Gama Faz Bonito ser\u00e1 iniciado na quinta-feira, 16 de outubro , com duas conta\u00e7\u00f5es de hist\u00f3rias no CEF Casa Grande, no Gama, \u00e0s 11h e 14h. A partir da\u00ed, a iniciativa percorre escolas p\u00fablicas da regi\u00e3o com uma programa\u00e7\u00e3o voltada \u00e0 conscientiza\u00e7\u00e3o e \u00e0 preven\u00e7\u00e3o da viol\u00eancia contra [&hellip;]<\/p>\n","protected":false},"author":152,"featured_media":0,"comment_status":"open","ping_status":"open","sticky":false,"template":"","format":"standard","meta":{"footnotes":""},"categories":[2],"tags":[],"class_list":["post-640","post","type-post","status-publish","format-standard","hentry","category-cultura"],"_links":{"self":[{"href":"https:\/\/blogs.correiobraziliense.com.br\/brasiliatododia\/wp-json\/wp\/v2\/posts\/640","targetHints":{"allow":["GET"]}}],"collection":[{"href":"https:\/\/blogs.correiobraziliense.com.br\/brasiliatododia\/wp-json\/wp\/v2\/posts"}],"about":[{"href":"https:\/\/blogs.correiobraziliense.com.br\/brasiliatododia\/wp-json\/wp\/v2\/types\/post"}],"author":[{"embeddable":true,"href":"https:\/\/blogs.correiobraziliense.com.br\/brasiliatododia\/wp-json\/wp\/v2\/users\/152"}],"replies":[{"embeddable":true,"href":"https:\/\/blogs.correiobraziliense.com.br\/brasiliatododia\/wp-json\/wp\/v2\/comments?post=640"}],"version-history":[{"count":1,"href":"https:\/\/blogs.correiobraziliense.com.br\/brasiliatododia\/wp-json\/wp\/v2\/posts\/640\/revisions"}],"predecessor-version":[{"id":642,"href":"https:\/\/blogs.correiobraziliense.com.br\/brasiliatododia\/wp-json\/wp\/v2\/posts\/640\/revisions\/642"}],"wp:attachment":[{"href":"https:\/\/blogs.correiobraziliense.com.br\/brasiliatododia\/wp-json\/wp\/v2\/media?parent=640"}],"wp:term":[{"taxonomy":"category","embeddable":true,"href":"https:\/\/blogs.correiobraziliense.com.br\/brasiliatododia\/wp-json\/wp\/v2\/categories?post=640"},{"taxonomy":"post_tag","embeddable":true,"href":"https:\/\/blogs.correiobraziliense.com.br\/brasiliatododia\/wp-json\/wp\/v2\/tags?post=640"}],"curies":[{"name":"wp","href":"https:\/\/api.w.org\/{rel}","templated":true}]}}