{"id":581,"date":"2026-03-30T17:46:27","date_gmt":"2026-03-30T20:46:27","guid":{"rendered":"https:\/\/blogs.correiobraziliense.com.br\/brasiliatododia\/?p=581"},"modified":"2026-03-30T17:46:35","modified_gmt":"2026-03-30T20:46:35","slug":"novo-livro-discute-os-desafios-juridicos-da-regulacao-da-inteligencia-artificial","status":"publish","type":"post","link":"https:\/\/blogs.correiobraziliense.com.br\/brasiliatododia\/2026\/03\/30\/novo-livro-discute-os-desafios-juridicos-da-regulacao-da-inteligencia-artificial\/","title":{"rendered":"Novo livro discute os desafios jur\u00eddicos da regula\u00e7\u00e3o da intelig\u00eancia artificial"},"content":{"rendered":"<figure id=\"attachment_582\" aria-describedby=\"caption-attachment-582\" style=\"width: 437px\" class=\"wp-caption alignleft\"><img loading=\"lazy\" decoding=\"async\" class=\" wp-image-582\" src=\"https:\/\/blogs.correiobraziliense.com.br\/brasiliatododia\/wp-content\/uploads\/sites\/68\/2026\/03\/WhatsApp-Image-2026-03-30-at-17.16.42.jpeg\" alt=\"\" width=\"437\" height=\"582\" srcset=\"https:\/\/blogs.correiobraziliense.com.br\/brasiliatododia\/wp-content\/uploads\/sites\/68\/2026\/03\/WhatsApp-Image-2026-03-30-at-17.16.42.jpeg 1080w, https:\/\/blogs.correiobraziliense.com.br\/brasiliatododia\/wp-content\/uploads\/sites\/68\/2026\/03\/WhatsApp-Image-2026-03-30-at-17.16.42-225x300.jpeg 225w, https:\/\/blogs.correiobraziliense.com.br\/brasiliatododia\/wp-content\/uploads\/sites\/68\/2026\/03\/WhatsApp-Image-2026-03-30-at-17.16.42-768x1024.jpeg 768w, https:\/\/blogs.correiobraziliense.com.br\/brasiliatododia\/wp-content\/uploads\/sites\/68\/2026\/03\/WhatsApp-Image-2026-03-30-at-17.16.42-800x1067.jpeg 800w, https:\/\/blogs.correiobraziliense.com.br\/brasiliatododia\/wp-content\/uploads\/sites\/68\/2026\/03\/WhatsApp-Image-2026-03-30-at-17.16.42-550x733.jpeg 550w, https:\/\/blogs.correiobraziliense.com.br\/brasiliatododia\/wp-content\/uploads\/sites\/68\/2026\/03\/WhatsApp-Image-2026-03-30-at-17.16.42-230x307.jpeg 230w\" sizes=\"auto, (max-width: 437px) 100vw, 437px\" \/><figcaption id=\"caption-attachment-582\" class=\"wp-caption-text\">Convite: Desafios regulat\u00f3rios da intelig\u00eancia artificial.<\/figcaption><\/figure>\n<p><b>\u201c<a href=\"https:\/\/amzn.to\/47RWhNZ\">Desafios Regulat\u00f3rios da Intelig\u00eancia Artificial \u2013 Human Rights by Design<\/a>\u201d, de G\u00e1udio Ribeiro de Paula, analisa os impactos da IA sobre os direitos humanos e prop\u00f5e modelos de regula\u00e7\u00e3o centrados na dignidade humana<\/b><\/p>\n<p><span style=\"font-weight: 400\">A r\u00e1pida evolu\u00e7\u00e3o da intelig\u00eancia artificial tem transformado mercados, rela\u00e7\u00f5es sociais e processos decis\u00f3rios em todo o mundo. Diante desse cen\u00e1rio, surge uma quest\u00e3o central: <\/span><b>como regular tecnologias capazes de produzir impactos imprevis\u00edveis na sociedade?<\/b><span style=\"font-weight: 400\"> Essa \u00e9 a pergunta que orienta o livro <\/span><i><span style=\"font-weight: 400\">Desafios Regulat\u00f3rios da Intelig\u00eancia Artificial \u2013 Human Rights by Design<\/span><\/i><span style=\"font-weight: 400\">, de <\/span><b>G\u00e1udio Ribeiro de Paula<\/b><span style=\"font-weight: 400\">, lan\u00e7amento da Editora Manole.\u00a0<\/span><\/p>\n<p><span style=\"font-weight: 400\">Na obra, o autor analisa os principais desafios \u00e9ticos e jur\u00eddicos impostos pela expans\u00e3o da intelig\u00eancia artificial, propondo um modelo de regula\u00e7\u00e3o capaz de antecipar riscos e preservar a dignidade humana. A proposta se baseia no conceito de <\/span><b>human rights by design<\/b><span style=\"font-weight: 400\">, que defende a incorpora\u00e7\u00e3o de valores e princ\u00edpios de direitos humanos diretamente no desenvolvimento e funcionamento dos sistemas algor\u00edtmicos.\u00a0<\/span><\/p>\n<p><span style=\"font-weight: 400\">Com abordagem interdisciplinar que re\u00fane <\/span><b>direito, tecnologia e filosofia<\/b><span style=\"font-weight: 400\">, o livro examina a trajet\u00f3ria hist\u00f3rica da intelig\u00eancia artificial, seus impactos concretos sobre direitos fundamentais e os modelos regulat\u00f3rios adotados em diferentes pa\u00edses. A obra tamb\u00e9m discute poss\u00edveis metodologias tecnorregulat\u00f3rias e apresenta reflex\u00f5es sobre o futuro da governan\u00e7a da IA em um contexto de r\u00e1pidas transforma\u00e7\u00f5es tecnol\u00f3gicas.\u00a0<\/span><\/p>\n<p><span style=\"font-weight: 400\">Voltado a juristas, pesquisadores e profissionais da \u00e1rea tecnol\u00f3gica, o livro busca contribuir para o debate contempor\u00e2neo sobre <\/span><b>regula\u00e7\u00e3o de algoritmos, prote\u00e7\u00e3o de direitos humanos e governan\u00e7a da intelig\u00eancia artificial<\/b><span style=\"font-weight: 400\">. A publica\u00e7\u00e3o \u00e9 indicada para operadores do Direito, estudantes e docentes de gradua\u00e7\u00e3o e p\u00f3s-gradua\u00e7\u00e3o em Direito, Ci\u00eancia Pol\u00edtica, Filosofia, Ci\u00eancia da Computa\u00e7\u00e3o e \u00e1reas correlatas, al\u00e9m de pesquisadores interessados em \u00e9tica aplicada, ci\u00eancia de dados e sociotecnologia.\u00a0<\/span><\/p>\n<p><span style=\"font-weight: 400\">Ao propor um modelo de regula\u00e7\u00e3o que coloca o ser humano no centro do desenvolvimento tecnol\u00f3gico, a obra convida juristas, tecn\u00f3logos e formuladores de pol\u00edticas p\u00fablicas a refletirem sobre o papel da sociedade na constru\u00e7\u00e3o de uma intelig\u00eancia artificial respons\u00e1vel e alinhada aos valores democr\u00e1ticos.\u00a0<\/span><\/p>\n<p><b>Sobre o autor<\/b><\/p>\n<p><b>G\u00e1udio Ribeiro de Paula<\/b><span style=\"font-weight: 400\"> \u00e9 advogado e s\u00f3cio fundador da SampLaw. Atuou por cerca de 15 anos como assessor de ministros no Tribunal Superior do Trabalho (TST). Tamb\u00e9m foi instrutor em cursos de forma\u00e7\u00e3o no TST e no Tribunal Superior Eleitoral (TSE), al\u00e9m de ministrar cursos para magistrados, servidores e advogados em diversas institui\u00e7\u00f5es e escolas de advocacia. \u00c9 professor de gradua\u00e7\u00e3o e p\u00f3s-gradua\u00e7\u00e3o em diferentes institui\u00e7\u00f5es de ensino.\u00a0<\/span><\/p>\n<p><b><br \/>\nFicha t\u00e9cnica<\/b><\/p>\n<p><b>T\u00edtulo:<\/b><a href=\"https:\/\/amzn.to\/47RWhNZ\"><span style=\"font-weight: 400\"> Desafios Regulat\u00f3rios da Intelig\u00eancia Artificial \u2013 Human Rights by Design<\/span><\/a><span style=\"font-weight: 400\"><br \/>\n<\/span><b>Autor:<\/b><span style=\"font-weight: 400\"> G\u00e1udio Ribeiro de Paula<\/span><span style=\"font-weight: 400\"><br \/>\n<\/span><b>Editora:<\/b><span style=\"font-weight: 400\"> Manole<\/span><span style=\"font-weight: 400\"><br \/>\n<\/span><b>ISBN:<\/b><span style=\"font-weight: 400\"> 9788520467268<\/span><span style=\"font-weight: 400\"><br \/>\n<\/span><b>Ano:<\/b><span style=\"font-weight: 400\"> 2025<\/span><span style=\"font-weight: 400\"><br \/>\n<\/span><b>Formato:<\/b><span style=\"font-weight: 400\"> 15,5 \u00d7 22,5 cm<\/span><span style=\"font-weight: 400\"><br \/>\n<\/span><b>P\u00e1ginas:<\/b><span style=\"font-weight: 400\"> 272<\/span><span style=\"font-weight: 400\"><br \/>\n<\/span><b>Acabamento:<\/b><span style=\"font-weight: 400\"> brochura<\/span><\/p>\n","protected":false},"excerpt":{"rendered":"<p>\u201cDesafios Regulat\u00f3rios da Intelig\u00eancia Artificial \u2013 Human Rights by Design\u201d, de G\u00e1udio Ribeiro de Paula, analisa os impactos da IA sobre os direitos humanos e prop\u00f5e modelos de regula\u00e7\u00e3o centrados na dignidade humana A r\u00e1pida evolu\u00e7\u00e3o da intelig\u00eancia artificial tem transformado mercados, rela\u00e7\u00f5es sociais e processos decis\u00f3rios em todo o mundo. Diante desse cen\u00e1rio, surge uma quest\u00e3o central: como regular [&hellip;]<\/p>\n","protected":false},"author":152,"featured_media":0,"comment_status":"open","ping_status":"open","sticky":false,"template":"","format":"standard","meta":{"footnotes":""},"categories":[5,2],"tags":[],"class_list":["post-581","post","type-post","status-publish","format-standard","hentry","category-agenda","category-cultura"],"_links":{"self":[{"href":"https:\/\/blogs.correiobraziliense.com.br\/brasiliatododia\/wp-json\/wp\/v2\/posts\/581","targetHints":{"allow":["GET"]}}],"collection":[{"href":"https:\/\/blogs.correiobraziliense.com.br\/brasiliatododia\/wp-json\/wp\/v2\/posts"}],"about":[{"href":"https:\/\/blogs.correiobraziliense.com.br\/brasiliatododia\/wp-json\/wp\/v2\/types\/post"}],"author":[{"embeddable":true,"href":"https:\/\/blogs.correiobraziliense.com.br\/brasiliatododia\/wp-json\/wp\/v2\/users\/152"}],"replies":[{"embeddable":true,"href":"https:\/\/blogs.correiobraziliense.com.br\/brasiliatododia\/wp-json\/wp\/v2\/comments?post=581"}],"version-history":[{"count":1,"href":"https:\/\/blogs.correiobraziliense.com.br\/brasiliatododia\/wp-json\/wp\/v2\/posts\/581\/revisions"}],"predecessor-version":[{"id":584,"href":"https:\/\/blogs.correiobraziliense.com.br\/brasiliatododia\/wp-json\/wp\/v2\/posts\/581\/revisions\/584"}],"wp:attachment":[{"href":"https:\/\/blogs.correiobraziliense.com.br\/brasiliatododia\/wp-json\/wp\/v2\/media?parent=581"}],"wp:term":[{"taxonomy":"category","embeddable":true,"href":"https:\/\/blogs.correiobraziliense.com.br\/brasiliatododia\/wp-json\/wp\/v2\/categories?post=581"},{"taxonomy":"post_tag","embeddable":true,"href":"https:\/\/blogs.correiobraziliense.com.br\/brasiliatododia\/wp-json\/wp\/v2\/tags?post=581"}],"curies":[{"name":"wp","href":"https:\/\/api.w.org\/{rel}","templated":true}]}}