{"id":523,"date":"2026-02-16T11:02:39","date_gmt":"2026-02-16T14:02:39","guid":{"rendered":"https:\/\/blogs.correiobraziliense.com.br\/brasiliatododia\/?p=523"},"modified":"2026-02-16T11:05:03","modified_gmt":"2026-02-16T14:05:03","slug":"perfil-de-cultura","status":"publish","type":"post","link":"https:\/\/blogs.correiobraziliense.com.br\/brasiliatododia\/2026\/02\/16\/perfil-de-cultura\/","title":{"rendered":"Perfil de Cultura: Carmen Gramacho, livro, biblioteca e cultura!"},"content":{"rendered":"<figure id=\"attachment_524\" aria-describedby=\"caption-attachment-524\" style=\"width: 211px\" class=\"wp-caption alignright\"><img loading=\"lazy\" decoding=\"async\" class=\" wp-image-524\" src=\"https:\/\/blogs.correiobraziliense.com.br\/brasiliatododia\/wp-content\/uploads\/sites\/68\/2026\/02\/WhatsApp-Image-2026-02-14-at-12.23.49.jpeg\" alt=\"\" width=\"211\" height=\"281\" srcset=\"https:\/\/blogs.correiobraziliense.com.br\/brasiliatododia\/wp-content\/uploads\/sites\/68\/2026\/02\/WhatsApp-Image-2026-02-14-at-12.23.49.jpeg 1199w, https:\/\/blogs.correiobraziliense.com.br\/brasiliatododia\/wp-content\/uploads\/sites\/68\/2026\/02\/WhatsApp-Image-2026-02-14-at-12.23.49-225x300.jpeg 225w, https:\/\/blogs.correiobraziliense.com.br\/brasiliatododia\/wp-content\/uploads\/sites\/68\/2026\/02\/WhatsApp-Image-2026-02-14-at-12.23.49-768x1024.jpeg 768w, https:\/\/blogs.correiobraziliense.com.br\/brasiliatododia\/wp-content\/uploads\/sites\/68\/2026\/02\/WhatsApp-Image-2026-02-14-at-12.23.49-800x1067.jpeg 800w, https:\/\/blogs.correiobraziliense.com.br\/brasiliatododia\/wp-content\/uploads\/sites\/68\/2026\/02\/WhatsApp-Image-2026-02-14-at-12.23.49-550x733.jpeg 550w, https:\/\/blogs.correiobraziliense.com.br\/brasiliatododia\/wp-content\/uploads\/sites\/68\/2026\/02\/WhatsApp-Image-2026-02-14-at-12.23.49-230x307.jpeg 230w\" sizes=\"auto, (max-width: 211px) 100vw, 211px\" \/><figcaption id=\"caption-attachment-524\" class=\"wp-caption-text\">Carmen Gramacho (arquivo pessoal)<\/figcaption><\/figure>\n<p>Carmen Ganzelevitch Gramacho \u00e9 uma das grandes promotoras do livro em Bras\u00edlia. Seu trabalho \u00e9, antes de tudo, uma miss\u00e3o, levada muito a s\u00e9rio. Carrega no DNA a mesma paix\u00e3o pelos livros e pelas crian\u00e7as, que seu av\u00f4 espanhol, Pl\u00e1cido Enrique Vargas Corpas, um professor que nos anos 30 trabalhou nas miss\u00f5es pedag\u00f3gicas pelas aldeias de Granada, na Espanha.<\/p>\n<p>Durante 10 anos, de 2007 a 2017, Carmen e Iza Antunes, bibliotec\u00e1ria abnegada e apaixonada pelo universo dos livros, trabalharam incansavelmente montando bibliotecas em escolas e pres\u00eddios no Distrito Federal e mais quatro estados, com o apoio do diretor da empresa Cascol de Combust\u00edveis, o Sr. Ant\u00f4nio Matias, e pela generosidade da comunidade de Bras\u00edlia que doava os livros para o projeto Bibliotecas do Saber.<\/p>\n<p>Carmen continuou depois sua miss\u00e3o em outro formato, com o apoio da Funda\u00e7\u00e3o de Apoio a Cultura, realizou outros projetos, sempre voltados para o apoio \u00e0 leitura nas escolas.<\/p>\n<p>Agora est\u00e1 em campanha selecionando livros que ser\u00e3o despachados para a cidade de Cascavel, no Cear\u00e1, para renovar o acervo da Biblioteca Prof. F\u00e1bio Coutinho daquela localidade.<\/p>\n<p>Seu compromisso tamb\u00e9m \u00e9 com os professores e auxiliares das escolas de modo geral, com quem gosta de trocar ideias e comentar diferentes projetos sobre est\u00edmulo de leitura.<\/p>\n<p>E desde a pandemia, quando foi convidada para participar de um projeto internacional como &#8220;audiodescritora&#8221; para um grupo de cinco deficientes visuais adultos, mantem-se em contato eles, compartilhando leituras e outras atividades culturais.<\/p>\n<p>Carmen acredita que \u201ca biblioteca \u00e9 o lugar mais democr\u00e1tico do mundo e que o conhecimento \u00e9 gratuito, basta ter curiosidade&#8221;.<\/p>\n","protected":false},"excerpt":{"rendered":"<p>Carmen Ganzelevitch Gramacho \u00e9 uma das grandes promotoras do livro em Bras\u00edlia. Seu trabalho \u00e9, antes de tudo, uma miss\u00e3o, levada muito a s\u00e9rio. Carrega no DNA a mesma paix\u00e3o pelos livros e pelas crian\u00e7as, que seu av\u00f4 espanhol, Pl\u00e1cido Enrique Vargas Corpas, um professor que nos anos 30 trabalhou nas miss\u00f5es pedag\u00f3gicas pelas aldeias de Granada, na Espanha. Durante [&hellip;]<\/p>\n","protected":false},"author":152,"featured_media":0,"comment_status":"open","ping_status":"open","sticky":false,"template":"","format":"standard","meta":{"footnotes":""},"categories":[2,47],"tags":[],"class_list":["post-523","post","type-post","status-publish","format-standard","hentry","category-cultura","category-perfil-de-cultura"],"_links":{"self":[{"href":"https:\/\/blogs.correiobraziliense.com.br\/brasiliatododia\/wp-json\/wp\/v2\/posts\/523","targetHints":{"allow":["GET"]}}],"collection":[{"href":"https:\/\/blogs.correiobraziliense.com.br\/brasiliatododia\/wp-json\/wp\/v2\/posts"}],"about":[{"href":"https:\/\/blogs.correiobraziliense.com.br\/brasiliatododia\/wp-json\/wp\/v2\/types\/post"}],"author":[{"embeddable":true,"href":"https:\/\/blogs.correiobraziliense.com.br\/brasiliatododia\/wp-json\/wp\/v2\/users\/152"}],"replies":[{"embeddable":true,"href":"https:\/\/blogs.correiobraziliense.com.br\/brasiliatododia\/wp-json\/wp\/v2\/comments?post=523"}],"version-history":[{"count":3,"href":"https:\/\/blogs.correiobraziliense.com.br\/brasiliatododia\/wp-json\/wp\/v2\/posts\/523\/revisions"}],"predecessor-version":[{"id":527,"href":"https:\/\/blogs.correiobraziliense.com.br\/brasiliatododia\/wp-json\/wp\/v2\/posts\/523\/revisions\/527"}],"wp:attachment":[{"href":"https:\/\/blogs.correiobraziliense.com.br\/brasiliatododia\/wp-json\/wp\/v2\/media?parent=523"}],"wp:term":[{"taxonomy":"category","embeddable":true,"href":"https:\/\/blogs.correiobraziliense.com.br\/brasiliatododia\/wp-json\/wp\/v2\/categories?post=523"},{"taxonomy":"post_tag","embeddable":true,"href":"https:\/\/blogs.correiobraziliense.com.br\/brasiliatododia\/wp-json\/wp\/v2\/tags?post=523"}],"curies":[{"name":"wp","href":"https:\/\/api.w.org\/{rel}","templated":true}]}}