{"id":515,"date":"2026-02-09T13:42:08","date_gmt":"2026-02-09T16:42:08","guid":{"rendered":"https:\/\/blogs.correiobraziliense.com.br\/brasiliatododia\/?p=515"},"modified":"2026-02-09T14:01:02","modified_gmt":"2026-02-09T17:01:02","slug":"o-carnaval-dos-brincantes-do-gama-com-atracoes-para-todas-as-idades-e-gostos","status":"publish","type":"post","link":"https:\/\/blogs.correiobraziliense.com.br\/brasiliatododia\/2026\/02\/09\/o-carnaval-dos-brincantes-do-gama-com-atracoes-para-todas-as-idades-e-gostos\/","title":{"rendered":"Carnaval dos Brincantes do Gama com atra\u00e7\u00f5es para todas as idades e gostos"},"content":{"rendered":"<p>&nbsp;<\/p>\n<figure id=\"attachment_518\" aria-describedby=\"caption-attachment-518\" style=\"width: 436px\" class=\"wp-caption alignright\"><img loading=\"lazy\" decoding=\"async\" class=\"wp-image-518\" src=\"https:\/\/blogs.correiobraziliense.com.br\/brasiliatododia\/wp-content\/uploads\/sites\/68\/2026\/02\/Rapaziada-Nota-Mil-divulgac\u0327a\u0303o.jpeg\" alt=\"\" width=\"436\" height=\"380\" srcset=\"https:\/\/blogs.correiobraziliense.com.br\/brasiliatododia\/wp-content\/uploads\/sites\/68\/2026\/02\/Rapaziada-Nota-Mil-divulgac\u0327a\u0303o.jpeg 1600w, https:\/\/blogs.correiobraziliense.com.br\/brasiliatododia\/wp-content\/uploads\/sites\/68\/2026\/02\/Rapaziada-Nota-Mil-divulgac\u0327a\u0303o-300x261.jpeg 300w, https:\/\/blogs.correiobraziliense.com.br\/brasiliatododia\/wp-content\/uploads\/sites\/68\/2026\/02\/Rapaziada-Nota-Mil-divulgac\u0327a\u0303o-768x669.jpeg 768w, https:\/\/blogs.correiobraziliense.com.br\/brasiliatododia\/wp-content\/uploads\/sites\/68\/2026\/02\/Rapaziada-Nota-Mil-divulgac\u0327a\u0303o-1024x892.jpeg 1024w, https:\/\/blogs.correiobraziliense.com.br\/brasiliatododia\/wp-content\/uploads\/sites\/68\/2026\/02\/Rapaziada-Nota-Mil-divulgac\u0327a\u0303o-1440x1255.jpeg 1440w, https:\/\/blogs.correiobraziliense.com.br\/brasiliatododia\/wp-content\/uploads\/sites\/68\/2026\/02\/Rapaziada-Nota-Mil-divulgac\u0327a\u0303o-800x697.jpeg 800w, https:\/\/blogs.correiobraziliense.com.br\/brasiliatododia\/wp-content\/uploads\/sites\/68\/2026\/02\/Rapaziada-Nota-Mil-divulgac\u0327a\u0303o-550x479.jpeg 550w, https:\/\/blogs.correiobraziliense.com.br\/brasiliatododia\/wp-content\/uploads\/sites\/68\/2026\/02\/Rapaziada-Nota-Mil-divulgac\u0327a\u0303o-230x200.jpeg 230w\" sizes=\"auto, (max-width: 436px) 100vw, 436px\" \/><figcaption id=\"caption-attachment-518\" class=\"wp-caption-text\">O grupo Rapaziada Nota Mil levar[a muito samba e pagode para a festa no Gama &#8211; foto-divulga\u00e7\u00e3o<\/figcaption><\/figure>\n<div><strong>H\u00e1 quase 20 anos, o Bloco dos gamenses leva alegria para a cidade<\/strong><\/div>\n<div>Neste s\u00e1bado (14 de fevereiro), na Pra\u00e7a Lourival Bandeira (Cine Itapu\u00e3), a partir das 16h, o tradicional Carnaval dos Brincantes do Gama receber\u00e1 fam\u00edlias, artistas e comunidade em geral. Ap\u00f3s o tradicional cortejo, os grupos Supimpa Trupe (marchinhas, bonecos gigantes e palha\u00e7aria), Comboio Kids \u00a0(m\u00fasicas infantis), Rapaziada Nota Mil (samba e pagode) e o Bloco Baiano de Quenguenh\u00e9m (Carnaval com rock- \u201cToca Raul\u201c) mostrar\u00e3o toda a riqueza da cultura popular brasileira, atendendo todas as idades e gostos. Tudo aberto, gratuito, com libras e audiodescri\u00e7\u00e3o. Informa\u00e7\u00f5es pelo Instagram @institutovoarculturalA programa\u00e7\u00e3o do Carnaval Brincantes do Gama faz parte do DF FOLIA 2026, este ano realizado pela Organiza\u00e7\u00e3o da Sociedade Civil (OSC) Associa\u00e7\u00e3o Artise de Arte, Cultura e Acessibilidade, por meio de um Termo de Colabora\u00e7\u00e3o com a Secretaria de Cultura e Economia Criativa. No total, 73 blocos sair\u00e3o nas ruas de diversas regi\u00f5es do DF, al\u00e9m de tr\u00eas territ\u00f3rios fixos com programa\u00e7\u00e3o no feriado. A iniciativa tamb\u00e9m conta com o apoio da Administra\u00e7\u00e3o Regional do Gama.<\/p>\n<p>O diretor art\u00edstico do Bloco, Marco Augusto de Rezende, diz que o Carnaval dos Brincantes do Gama 2026 reafirma seu compromisso com a democratiza\u00e7\u00e3o do acesso \u00e0 cultura.<\/p>\n<p>\u201cFeliz em termos alcan\u00e7ado a maioridade. Desde 2008, promovemos um carnaval gratuito, inclusivo e voltado \u00e0 valoriza\u00e7\u00e3o das tradi\u00e7\u00f5es populares, fortalecendo a identidade cultural da regi\u00e3o e estimulando a participa\u00e7\u00e3o comunit\u00e1ria\u201c, comemora o diretor, que tamb\u00e9m \u00e9 ator e bonequeiro.<\/p>\n<p><strong>Programa\u00e7\u00e3o<\/strong><\/p>\n<p><strong>16h &#8211;<\/strong> Concentra\u00e7\u00e3o do p\u00fablico e cortejo festivo<br \/>\n<strong>16h30- Supimpa Trupe<\/strong>, grupo musical oficial do Bloco Brincantes do Gama desde sua primeira edi\u00e7\u00e3o em 2008, abre o evento com um espet\u00e1culo que integra marchinhas carnavalescas, cirandas, reisados, cantigas populares, bonecos gigantes e performances de palha\u00e7aria, valorizando as express\u00f5es tradicionais da cultura popular brasileira.<br \/>\n<strong>17h30<\/strong> &#8211; <strong>Comboio Kids<\/strong>, apresentando o espet\u00e1culo \u201cM\u00fasicas que Brincam\u201d, um passeio musical pelo Brasil voltado ao p\u00fablico infantil e familiar, com repert\u00f3rio l\u00fadico e interativo que estimula a participa\u00e7\u00e3o das crian\u00e7as e promove o contato com a diversidade cultural do pa\u00eds.<br \/>\n<strong>19h-<\/strong> o grupo<strong> Rapaziada Nota Mil<\/strong> assume a programa\u00e7\u00e3o com um show de samba e pagode, trazendo ao carnaval a energia contagiante de m\u00fasicos experientes da cena brasiliense, conhecidos por animar o tradicional Samba do Eix\u00e3o, reunindo p\u00fablicos de diferentes gera\u00e7\u00f5es.<br \/>\n<strong>20h &#8211;<\/strong> <strong>Bloco Baiano de Quenguenh\u00e9m<\/strong>, conhecido como o bloco que \u201cToca Raul\u201d, com interpreta\u00e7\u00f5es de Jairo Mendon\u00e7a e banda em homenagem a Raul Seixas. Em 2026, o bloco celebra os 50 anos do cl\u00e1ssico \u201cEu Nasci H\u00e1 10 Mil Anos Atr\u00e1s\u201d, lan\u00e7ado em 1976, reafirmando a import\u00e2ncia da obra do artista para a m\u00fasica brasileira e para o imagin\u00e1rio cultural do carnaval.<\/p>\n<p><strong>Acessibilidade<\/strong><\/p>\n<\/div>\n<div>\n<p>A equipe recebeu forma\u00e7\u00e3o em acessibilidade atitudinal para melhor receber o p\u00fablico PCD.<\/p>\n<p><strong>Servi\u00e7o:<\/strong><br \/>\n<strong>O qu\u00ea:<\/strong> Carnaval dos Brincantes do Gama 2026<br \/>\n<strong>Quando:<\/strong> S\u00e1bado, 14 de fevereiro, a partir das 16h<br \/>\n<strong>Onde:<\/strong> Pra\u00e7a Lourival Bandeira (Cine Itapu\u00e3)<br \/>\n<strong>Tudo aberto, gratuito, com libras e audiodescri\u00e7\u00e3<\/strong>o.<br \/>\nO Carnaval Brincantes do Gama faz parte do DF FOLIA 2026, este ano realizado pela OSC Associa\u00e7\u00e3o Artise de Arte, Cultura e Acessibilidade, por meio de um Termo de Colabora\u00e7\u00e3o com a Secretaria de Cultura e Economia Criativa. A iniciativa tamb\u00e9m conta com o apoio da Administra\u00e7\u00e3o Regional do Gama.<\/p>\n<\/div>\n","protected":false},"excerpt":{"rendered":"<p>&nbsp; H\u00e1 quase 20 anos, o Bloco dos gamenses leva alegria para a cidade Neste s\u00e1bado (14 de fevereiro), na Pra\u00e7a Lourival Bandeira (Cine Itapu\u00e3), a partir das 16h, o tradicional Carnaval dos Brincantes do Gama receber\u00e1 fam\u00edlias, artistas e comunidade em geral. Ap\u00f3s o tradicional cortejo, os grupos Supimpa Trupe (marchinhas, bonecos gigantes e palha\u00e7aria), Comboio Kids \u00a0(m\u00fasicas infantis), [&hellip;]<\/p>\n","protected":false},"author":152,"featured_media":516,"comment_status":"open","ping_status":"open","sticky":false,"template":"","format":"standard","meta":{"footnotes":""},"categories":[5],"tags":[46],"class_list":["post-515","post","type-post","status-publish","format-standard","has-post-thumbnail","hentry","category-agenda","tag-carnaval-dos-brincantes-do-gama"],"_links":{"self":[{"href":"https:\/\/blogs.correiobraziliense.com.br\/brasiliatododia\/wp-json\/wp\/v2\/posts\/515","targetHints":{"allow":["GET"]}}],"collection":[{"href":"https:\/\/blogs.correiobraziliense.com.br\/brasiliatododia\/wp-json\/wp\/v2\/posts"}],"about":[{"href":"https:\/\/blogs.correiobraziliense.com.br\/brasiliatododia\/wp-json\/wp\/v2\/types\/post"}],"author":[{"embeddable":true,"href":"https:\/\/blogs.correiobraziliense.com.br\/brasiliatododia\/wp-json\/wp\/v2\/users\/152"}],"replies":[{"embeddable":true,"href":"https:\/\/blogs.correiobraziliense.com.br\/brasiliatododia\/wp-json\/wp\/v2\/comments?post=515"}],"version-history":[{"count":2,"href":"https:\/\/blogs.correiobraziliense.com.br\/brasiliatododia\/wp-json\/wp\/v2\/posts\/515\/revisions"}],"predecessor-version":[{"id":520,"href":"https:\/\/blogs.correiobraziliense.com.br\/brasiliatododia\/wp-json\/wp\/v2\/posts\/515\/revisions\/520"}],"wp:featuredmedia":[{"embeddable":true,"href":"https:\/\/blogs.correiobraziliense.com.br\/brasiliatododia\/wp-json\/wp\/v2\/media\/516"}],"wp:attachment":[{"href":"https:\/\/blogs.correiobraziliense.com.br\/brasiliatododia\/wp-json\/wp\/v2\/media?parent=515"}],"wp:term":[{"taxonomy":"category","embeddable":true,"href":"https:\/\/blogs.correiobraziliense.com.br\/brasiliatododia\/wp-json\/wp\/v2\/categories?post=515"},{"taxonomy":"post_tag","embeddable":true,"href":"https:\/\/blogs.correiobraziliense.com.br\/brasiliatododia\/wp-json\/wp\/v2\/tags?post=515"}],"curies":[{"name":"wp","href":"https:\/\/api.w.org\/{rel}","templated":true}]}}