{"id":46,"date":"2024-04-05T15:00:39","date_gmt":"2024-04-05T18:00:39","guid":{"rendered":"https:\/\/blogs.correiobraziliense.com.br\/brasiliatododia\/?p=46"},"modified":"2024-04-05T15:00:54","modified_gmt":"2024-04-05T18:00:54","slug":"brasilia-todo-dia-comeca-no-mes-de-brasilia","status":"publish","type":"post","link":"https:\/\/blogs.correiobraziliense.com.br\/brasiliatododia\/2024\/04\/05\/brasilia-todo-dia-comeca-no-mes-de-brasilia\/","title":{"rendered":"Bras\u00edlia todo dia, come\u00e7a no m\u00eas de Bras\u00edlia"},"content":{"rendered":"<div class=\"w-full text-token-text-primary\">\n<div class=\"px-4 py-2 justify-center text-base md:gap-6 m-auto\">\n<div class=\"flex flex-1 text-base mx-auto gap-3 md:px-5 lg:px-1 xl:px-5 md:max-w-3xl lg:max-w-[40rem] xl:max-w-[48rem] group final-completion\">\n<div class=\"relative flex w-full flex-col agent-turn\">\n<div class=\"flex-col gap-1 md:gap-3\">\n<div class=\"flex flex-grow flex-col max-w-full\">\n<div class=\"min-h-[20px] text-message flex flex-col items-start gap-3 whitespace-pre-wrap break-words [.text-message+&amp;]:mt-5 overflow-x-auto\">\n<div class=\"markdown prose w-full break-words dark:prose-invert dark\">\n<div class=\"w-full text-token-text-primary\">\n<div class=\"px-4 py-2 justify-center text-base md:gap-6 m-auto\">\n<div class=\"flex flex-1 text-base mx-auto gap-3 md:px-5 lg:px-1 xl:px-5 md:max-w-3xl lg:max-w-[40rem] xl:max-w-[48rem] group\">\n<div class=\"relative flex w-full flex-col agent-turn\">\n<div class=\"absolute\">\n<div class=\"flex w-full gap-2 items-center justify-center\">\n<p>Este um novo espa\u00e7o dedicado exclusivamente \u00e0 nossa vibrante capital: o blog &#8220;Bras\u00edlia Todo Dia&#8221;, uma iniciativa inovadora do jornal Correio Braziliense. Este blog surge como um tributo \u00e0 din\u00e2mica e \u00e0 riqueza cultural de Bras\u00edlia, prometendo uma jornada \u00fanica pelas suas hist\u00f3rias, seus personagens e suas novidades.<\/p>\n<p>Adirson Vasconcelos, figura pioneira, jornalista renomado e historiador dedicado \u00e0 nossa capital, ser\u00e1 a voz principal deste projeto. Com uma vida inteira de imers\u00e3o nos acontecimentos de Bras\u00edlia, Adirson trar\u00e1 para os leitores relatos di\u00e1rios repletos de acontecimentos marcantes, fatos curiosos e hist\u00f3rias escondidas que apenas um verdadeiro conhecedor da cidade poderia desvendar.<\/p>\n<p>Al\u00e9m disso, o &#8220;Bras\u00edlia Todo Dia&#8221; se orgulha de contar com a colabora\u00e7\u00e3o especial de Tagore Alegria, editor de livros e apaixonado pela literatura brasiliense. Tagore estar\u00e1 \u00e0 frente da nossa se\u00e7\u00e3o dedicada \u00e0 literatura, trazendo lan\u00e7amentos, novidades e discuss\u00f5es sobre o mundo dos livros e da cultura local. Juntos, eles formam uma dupla pronta para oferecer aos nossos leitores uma vis\u00e3o \u00fanica e aprofundada sobre Bras\u00edlia, sua hist\u00f3ria, sua cultura e sua gente.<\/p>\n<p>Convidamos todos a se juntarem a n\u00f3s nesta jornada di\u00e1ria pelo cora\u00e7\u00e3o do Brasil. O &#8220;Bras\u00edlia Todo Dia&#8221; n\u00e3o \u00e9 apenas um blog; \u00e9 um convite para explorar, conhecer e se apaixonar ainda mais pela nossa capital. Sejam bem-vindos a este novo cap\u00edtulo do Correio Braziliense, onde todos os dias s\u00e3o uma nova oportunidade para descobrir Bras\u00edlia.<\/p>\n<\/div>\n<\/div>\n<\/div>\n<\/div>\n<\/div>\n<\/div>\n<div class=\"w-full text-token-text-primary\">\n<div class=\"px-4 py-2 justify-center text-base md:gap-6 m-auto\">\n<div class=\"flex flex-1 text-base mx-auto gap-3 md:px-5 lg:px-1 xl:px-5 md:max-w-3xl lg:max-w-[40rem] xl:max-w-[48rem] group\">\n<div class=\"flex-shrink-0 flex flex-col relative items-end\">\n<div>\n<div class=\"pt-0.5\">\n<div class=\"gizmo-shadow-stroke flex h-6 w-6 items-center justify-center overflow-hidden rounded-full\"><\/div>\n<\/div>\n<\/div>\n<\/div>\n<\/div>\n<\/div>\n<\/div>\n<\/div>\n<\/div>\n<\/div>\n<\/div>\n<\/div>\n<\/div>\n<\/div>\n<\/div>\n","protected":false},"excerpt":{"rendered":"<p>Este um novo espa\u00e7o dedicado exclusivamente \u00e0 nossa vibrante capital: o blog &#8220;Bras\u00edlia Todo Dia&#8221;, uma iniciativa inovadora do jornal Correio Braziliense. Este blog surge como um tributo \u00e0 din\u00e2mica e \u00e0 riqueza cultural de Bras\u00edlia, prometendo uma jornada \u00fanica pelas suas hist\u00f3rias, seus personagens e suas novidades. Adirson Vasconcelos, figura pioneira, jornalista renomado e historiador dedicado \u00e0 nossa capital, [&hellip;]<\/p>\n","protected":false},"author":152,"featured_media":0,"comment_status":"open","ping_status":"open","sticky":false,"template":"","format":"standard","meta":{"footnotes":""},"categories":[1],"tags":[],"class_list":["post-46","post","type-post","status-publish","format-standard","hentry","category-sem-categoria"],"_links":{"self":[{"href":"https:\/\/blogs.correiobraziliense.com.br\/brasiliatododia\/wp-json\/wp\/v2\/posts\/46","targetHints":{"allow":["GET"]}}],"collection":[{"href":"https:\/\/blogs.correiobraziliense.com.br\/brasiliatododia\/wp-json\/wp\/v2\/posts"}],"about":[{"href":"https:\/\/blogs.correiobraziliense.com.br\/brasiliatododia\/wp-json\/wp\/v2\/types\/post"}],"author":[{"embeddable":true,"href":"https:\/\/blogs.correiobraziliense.com.br\/brasiliatododia\/wp-json\/wp\/v2\/users\/152"}],"replies":[{"embeddable":true,"href":"https:\/\/blogs.correiobraziliense.com.br\/brasiliatododia\/wp-json\/wp\/v2\/comments?post=46"}],"version-history":[{"count":5,"href":"https:\/\/blogs.correiobraziliense.com.br\/brasiliatododia\/wp-json\/wp\/v2\/posts\/46\/revisions"}],"predecessor-version":[{"id":52,"href":"https:\/\/blogs.correiobraziliense.com.br\/brasiliatododia\/wp-json\/wp\/v2\/posts\/46\/revisions\/52"}],"wp:attachment":[{"href":"https:\/\/blogs.correiobraziliense.com.br\/brasiliatododia\/wp-json\/wp\/v2\/media?parent=46"}],"wp:term":[{"taxonomy":"category","embeddable":true,"href":"https:\/\/blogs.correiobraziliense.com.br\/brasiliatododia\/wp-json\/wp\/v2\/categories?post=46"},{"taxonomy":"post_tag","embeddable":true,"href":"https:\/\/blogs.correiobraziliense.com.br\/brasiliatododia\/wp-json\/wp\/v2\/tags?post=46"}],"curies":[{"name":"wp","href":"https:\/\/api.w.org\/{rel}","templated":true}]}}