{"id":421,"date":"2025-09-17T16:16:01","date_gmt":"2025-09-17T19:16:01","guid":{"rendered":"https:\/\/blogs.correiobraziliense.com.br\/brasiliatododia\/?p=421"},"modified":"2025-09-17T16:16:01","modified_gmt":"2025-09-17T19:16:01","slug":"tereza-cruvinel-e-a-tagore-editora-lancam-dia-17-de-setembro-livro-no-beirute","status":"publish","type":"post","link":"https:\/\/blogs.correiobraziliense.com.br\/brasiliatododia\/2025\/09\/17\/tereza-cruvinel-e-a-tagore-editora-lancam-dia-17-de-setembro-livro-no-beirute\/","title":{"rendered":"Tereza Cruvinel e a Tagore Editora lan\u00e7am dia 17 de setembro livro no Beirute"},"content":{"rendered":"<p>&nbsp;<\/p>\n<figure id=\"attachment_423\" aria-describedby=\"caption-attachment-423\" style=\"width: 250px\" class=\"wp-caption alignright\"><img loading=\"lazy\" decoding=\"async\" class=\" wp-image-423\" src=\"https:\/\/blogs.correiobraziliense.com.br\/brasiliatododia\/wp-content\/uploads\/sites\/68\/2025\/09\/WhatsApp-Image-2025-09-17-at-16.11.45.jpeg\" alt=\"\" width=\"250\" height=\"250\" srcset=\"https:\/\/blogs.correiobraziliense.com.br\/brasiliatododia\/wp-content\/uploads\/sites\/68\/2025\/09\/WhatsApp-Image-2025-09-17-at-16.11.45.jpeg 1024w, https:\/\/blogs.correiobraziliense.com.br\/brasiliatododia\/wp-content\/uploads\/sites\/68\/2025\/09\/WhatsApp-Image-2025-09-17-at-16.11.45-150x150.jpeg 150w, https:\/\/blogs.correiobraziliense.com.br\/brasiliatododia\/wp-content\/uploads\/sites\/68\/2025\/09\/WhatsApp-Image-2025-09-17-at-16.11.45-300x300.jpeg 300w, https:\/\/blogs.correiobraziliense.com.br\/brasiliatododia\/wp-content\/uploads\/sites\/68\/2025\/09\/WhatsApp-Image-2025-09-17-at-16.11.45-768x768.jpeg 768w, https:\/\/blogs.correiobraziliense.com.br\/brasiliatododia\/wp-content\/uploads\/sites\/68\/2025\/09\/WhatsApp-Image-2025-09-17-at-16.11.45-800x800.jpeg 800w, https:\/\/blogs.correiobraziliense.com.br\/brasiliatododia\/wp-content\/uploads\/sites\/68\/2025\/09\/WhatsApp-Image-2025-09-17-at-16.11.45-550x550.jpeg 550w, https:\/\/blogs.correiobraziliense.com.br\/brasiliatododia\/wp-content\/uploads\/sites\/68\/2025\/09\/WhatsApp-Image-2025-09-17-at-16.11.45-230x230.jpeg 230w\" sizes=\"auto, (max-width: 250px) 100vw, 250px\" \/><figcaption id=\"caption-attachment-423\" class=\"wp-caption-text\">Tereza Cruvinel &#8211; foto: Ruth Cruvinel<\/figcaption><\/figure>\n<figure id=\"attachment_422\" aria-describedby=\"caption-attachment-422\" style=\"width: 217px\" class=\"wp-caption alignleft\"><img loading=\"lazy\" decoding=\"async\" class=\" wp-image-422\" src=\"https:\/\/blogs.correiobraziliense.com.br\/brasiliatododia\/wp-content\/uploads\/sites\/68\/2025\/09\/WhatsApp-Image-2025-09-15-at-17.12.51.jpeg\" alt=\"\" width=\"217\" height=\"326\" srcset=\"https:\/\/blogs.correiobraziliense.com.br\/brasiliatododia\/wp-content\/uploads\/sites\/68\/2025\/09\/WhatsApp-Image-2025-09-15-at-17.12.51.jpeg 1063w, https:\/\/blogs.correiobraziliense.com.br\/brasiliatododia\/wp-content\/uploads\/sites\/68\/2025\/09\/WhatsApp-Image-2025-09-15-at-17.12.51-199x300.jpeg 199w, https:\/\/blogs.correiobraziliense.com.br\/brasiliatododia\/wp-content\/uploads\/sites\/68\/2025\/09\/WhatsApp-Image-2025-09-15-at-17.12.51-768x1156.jpeg 768w, https:\/\/blogs.correiobraziliense.com.br\/brasiliatododia\/wp-content\/uploads\/sites\/68\/2025\/09\/WhatsApp-Image-2025-09-15-at-17.12.51-680x1024.jpeg 680w, https:\/\/blogs.correiobraziliense.com.br\/brasiliatododia\/wp-content\/uploads\/sites\/68\/2025\/09\/WhatsApp-Image-2025-09-15-at-17.12.51-800x1204.jpeg 800w, https:\/\/blogs.correiobraziliense.com.br\/brasiliatododia\/wp-content\/uploads\/sites\/68\/2025\/09\/WhatsApp-Image-2025-09-15-at-17.12.51-550x828.jpeg 550w, https:\/\/blogs.correiobraziliense.com.br\/brasiliatododia\/wp-content\/uploads\/sites\/68\/2025\/09\/WhatsApp-Image-2025-09-15-at-17.12.51-230x346.jpeg 230w\" sizes=\"auto, (max-width: 217px) 100vw, 217px\" \/><figcaption id=\"caption-attachment-422\" class=\"wp-caption-text\">Livro da jornalista Tereza Cruvinel &#8211; MEM\u00d3RIA DE UM DESAFIO: A GUERRA DA TV P\u00daBLICA E A CONSTRU\u00c7\u00c3O DO SISTEMA EBC<\/figcaption><\/figure>\n<p>A jornalista Tereza Cruvinel e a Tagore Editora lan\u00e7am no pr\u00f3ximo dia 17 de setembro o livro <strong>\u201c<a href=\"https:\/\/www.escritoresbrasileiros.com.br\/brasilia\/memoria-de-um-desafio-a-guerra-da-tv-publica-e-a-construcao-do-sistema-ebc\">Mem\u00f3ria de um Desafio \u2013 A guerra da TV p\u00fablica e a cria\u00e7\u00e3o do sistema EBC<\/a>\u201d<\/strong>\u00a0(208 p\u00e1ginas, R$ 67,00). O lan\u00e7amento em Bras\u00edlia, com sess\u00e3o de aut\u00f3grafos, ser\u00e1 no velho Bar Beirute (109 sul), a partir das 18hs30 min. No Rio, haver\u00e1 lan\u00e7amento na sede da ABI no dia 7 de outubro, a partir das 18 horas.<\/p>\n<p>Trata-se de um livro que combina mem\u00f3ria, depoimento e reflex\u00f5es sobre m\u00eddia, democracia e comunica\u00e7\u00e3o p\u00fablica. Em 2007, a proposta de cria\u00e7\u00e3o de uma TV p\u00fablica nacional, lan\u00e7ada pelo ent\u00e3o ministro da Cultura, Gilberto Gil, agitou a m\u00eddia e o meio pol\u00edtico, e gerou o movimento social que realizou o F\u00f3rum da TV P\u00fablica. O presidente Lula comprometeu-se com a cria\u00e7\u00e3o da emissora, defendida por cineastas e produtores audiovisuais, personalidades da cultura e da academia e entidades defensoras da democratiza\u00e7\u00e3o das comunica\u00e7\u00f5es.\u00b7.<\/p>\n<p>No Congresso, a proposta foi aprovada ap\u00f3s uma dura disputa pol\u00edtica. O jornalista Franklin Martins, que havia se tornado ministro-chefe da Secom, foi encarregado por Lula da implanta\u00e7\u00e3o do projeto, incorporando membros da equipe de Gil. \u00a0Ele e Tereza, bem sucedidos no setor privado, haviam discordado dos rumos de um jornalismo que foi tomado pelo antipetismo e o combate a Lula. No grupo Globo ele foi diretor em Bras\u00edlia e comentarista do Jornal Nacional. Ela tinha uma influente coluna em O Globo e era comentarista da Globonews.<\/p>\n<p>Tereza n\u00e3o exagera quando fala em guerra da TV p\u00fablica. Nos quatro anos seguintes, a convite de Lula e Franklin, ela liderou o processo de implanta\u00e7\u00e3o como presidente fundadora da EBC. O cineasta Orlando Senna, da equipe de Gil, foi o primeiro diretor-geral.<\/p>\n<p>A iniciativa enfrentou a hostilidade de quase toda a m\u00eddia (o que ela chama de bullying midi\u00e1tico), dos partidos de oposi\u00e7\u00e3o e da extrema direita em ascens\u00e3o, afora as dificuldades t\u00e9cnicas para implantar uma TV p\u00fablica tardia em rela\u00e7\u00e3o \u00e0s TVs comerciais hegem\u00f4nicas.<\/p>\n<p>No livro, ela conta a hist\u00f3ria da EBC e da TV Brasil, da cria\u00e7\u00e3o aos dias de hoje, passando pelo desmonte sob Temer e o aparelhamento por Bolsonaro, ap\u00f3s desistir de privatizar a empresa. Lula acaba de nomear um novo presidente da EBC, o jornalista Andr\u00e9 Basbaum, que vem da TV Record.<\/p>\n<p>Tereza o faz com seu traquejo de colunista pol\u00edtica. Junta na moldura elementos da conjuntura da \u00e9poca, revela bastidores e comenta os conflitos internos em sua gest\u00e3o, escancara as disputas com o Conselho Curador e aponta os colegas que mais atacaram o projeto. \u00a0Escreve na primeira pessoa, mas reconhece o tempo todo a natureza coletiva do trabalho e o papel de seus colegas e de Franklin.<\/p>\n<p>O livro de Tereza traz subs\u00eddios importantes para os que se interessam pelo tema e ser\u00e1, com certeza, uma boa contribui\u00e7\u00e3o para a hist\u00f3ria da radiodifus\u00e3o p\u00fablica no Brasil.<\/p>\n","protected":false},"excerpt":{"rendered":"<p>&nbsp; A jornalista Tereza Cruvinel e a Tagore Editora lan\u00e7am no pr\u00f3ximo dia 17 de setembro o livro \u201cMem\u00f3ria de um Desafio \u2013 A guerra da TV p\u00fablica e a cria\u00e7\u00e3o do sistema EBC\u201d\u00a0(208 p\u00e1ginas, R$ 67,00). O lan\u00e7amento em Bras\u00edlia, com sess\u00e3o de aut\u00f3grafos, ser\u00e1 no velho Bar Beirute (109 sul), a partir das 18hs30 min. No Rio, haver\u00e1 [&hellip;]<\/p>\n","protected":false},"author":152,"featured_media":0,"comment_status":"open","ping_status":"open","sticky":false,"template":"","format":"standard","meta":{"footnotes":""},"categories":[1],"tags":[],"class_list":["post-421","post","type-post","status-publish","format-standard","hentry","category-sem-categoria"],"_links":{"self":[{"href":"https:\/\/blogs.correiobraziliense.com.br\/brasiliatododia\/wp-json\/wp\/v2\/posts\/421","targetHints":{"allow":["GET"]}}],"collection":[{"href":"https:\/\/blogs.correiobraziliense.com.br\/brasiliatododia\/wp-json\/wp\/v2\/posts"}],"about":[{"href":"https:\/\/blogs.correiobraziliense.com.br\/brasiliatododia\/wp-json\/wp\/v2\/types\/post"}],"author":[{"embeddable":true,"href":"https:\/\/blogs.correiobraziliense.com.br\/brasiliatododia\/wp-json\/wp\/v2\/users\/152"}],"replies":[{"embeddable":true,"href":"https:\/\/blogs.correiobraziliense.com.br\/brasiliatododia\/wp-json\/wp\/v2\/comments?post=421"}],"version-history":[{"count":1,"href":"https:\/\/blogs.correiobraziliense.com.br\/brasiliatododia\/wp-json\/wp\/v2\/posts\/421\/revisions"}],"predecessor-version":[{"id":424,"href":"https:\/\/blogs.correiobraziliense.com.br\/brasiliatododia\/wp-json\/wp\/v2\/posts\/421\/revisions\/424"}],"wp:attachment":[{"href":"https:\/\/blogs.correiobraziliense.com.br\/brasiliatododia\/wp-json\/wp\/v2\/media?parent=421"}],"wp:term":[{"taxonomy":"category","embeddable":true,"href":"https:\/\/blogs.correiobraziliense.com.br\/brasiliatododia\/wp-json\/wp\/v2\/categories?post=421"},{"taxonomy":"post_tag","embeddable":true,"href":"https:\/\/blogs.correiobraziliense.com.br\/brasiliatododia\/wp-json\/wp\/v2\/tags?post=421"}],"curies":[{"name":"wp","href":"https:\/\/api.w.org\/{rel}","templated":true}]}}