{"id":330,"date":"2025-04-07T12:10:05","date_gmt":"2025-04-07T15:10:05","guid":{"rendered":"https:\/\/blogs.correiobraziliense.com.br\/brasiliatododia\/?p=330"},"modified":"2025-04-11T12:12:35","modified_gmt":"2025-04-11T15:12:35","slug":"330","status":"publish","type":"post","link":"https:\/\/blogs.correiobraziliense.com.br\/brasiliatododia\/2025\/04\/07\/330\/","title":{"rendered":"Lan\u00e7amento do livro \u201cPoemas e Sonetos para Gra\u00e7a\u201d, de Bonfim Tobias \u2014 uma ode ao amor eterno"},"content":{"rendered":"<figure id=\"attachment_323\" aria-describedby=\"caption-attachment-323\" style=\"width: 580px\" class=\"wp-caption alignright\"><img loading=\"lazy\" decoding=\"async\" class=\" wp-image-323\" src=\"https:\/\/blogs.correiobraziliense.com.br\/brasiliatododia\/wp-content\/uploads\/sites\/68\/2025\/04\/1744382769-e1744383269227.png\" alt=\"Capa do livro do escritor Bonfim Tobias\" width=\"580\" height=\"535\" \/><figcaption id=\"caption-attachment-323\" class=\"wp-caption-text\">Capa do livro\u00a0<strong>\u00a0\u201cPoemas e Sonetos para Gra\u00e7a\u201d, de Bonfim Tobias\u00a0<\/strong><\/figcaption><\/figure>\n<p class=\"\">Nesta ter\u00e7a-feira, dia <strong>8 de abril de 2025<\/strong>, das <strong>18h \u00e0s 21h<\/strong>, o charmoso <strong>Ernesto Caf\u00e9<\/strong> (SQS 115 Sul, Bloco B, Bras\u00edlia \u2013 DF) ser\u00e1 o cen\u00e1rio do lan\u00e7amento de <em>Poemas e Sonetos para Gra\u00e7a<\/em>, do escritor <strong>Bonfim Tobias<\/strong>.<\/p>\n<p class=\"\">Trabalhado ao longo de muitos anos e publicado em uma edi\u00e7\u00e3o de luxo pela <strong>Tagore Editora<\/strong>, o livro \u00e9 um tributo po\u00e9tico \u00e0 sua esposa, Maria das Gra\u00e7as Lopes Tobias \u2014 uma obra delicada, intensa e profunda, composta por versos que atravessam o tempo e celebram o amor em sua forma mais aut\u00eantica.<\/p>\n<p class=\"\">Mais que um livro de poesia, <em>Poemas e Sonetos para Gra\u00e7a<\/em> \u00e9 uma declara\u00e7\u00e3o de afeto que toca a alma de quem ama, de quem j\u00e1 amou e de quem acredita na poesia como ref\u00fagio, mem\u00f3ria e perman\u00eancia.<\/p>\n<p class=\"\">\ud83d\udcda <strong>Destaque da obra:<\/strong><\/p>\n<blockquote>\n<p class=\"\"><strong>INTEGRA\u00c7\u00c3O<\/strong><br \/>\n<em>N\u00e3o morro mais! Eternizei-me em ti,<\/em><br \/>\n<em>No nosso amor, na ess\u00eancia de n\u00f3s dois!<\/em><br \/>\n<em>\u00c9 o que h\u00e1 de passado e porvir,<\/em><br \/>\n<em>\u00c9 tudo o que ficou e o depois!<\/em><\/p>\n<p class=\"\"><em>\u00c9 o que vivo, \u00e9 o que vivi,<\/em><br \/>\n<em>Realismo que \u00e9 e sempre foi!<\/em><br \/>\n<em>Recuperaste aquilo que perdi,<\/em><br \/>\n<em>Tornaste-me o que sou e o depois!<\/em><\/p>\n<p class=\"\"><em>Por isso, n\u00e3o h\u00e1 mais o que morrer!<\/em><br \/>\n<em>E, em n\u00f3s, tudo tem o seu porqu\u00ea<\/em><br \/>\n<em>Eternizando s\u00f3 uma idade:<\/em><\/p>\n<p class=\"\"><em>O agora, o passado e o futuro<\/em><br \/>\n<em>E o que h\u00e1 na exist\u00eancia de mais puro:<\/em><br \/>\n<em>\u00c9 termos desta vida j\u00e1 saudade!<\/em><\/p>\n<\/blockquote>\n<p class=\"\">Al\u00e9m da celebra\u00e7\u00e3o po\u00e9tica, o evento carrega um gesto de generosidade: <strong>toda a renda obtida com a venda dos exemplares ser\u00e1 revertida para a Creche Vov\u00f3 Zoraide, em Uberaba \u2013 MG<\/strong>, fortalecendo o elo entre literatura e solidariedade.<\/p>\n<p class=\"\">Se voc\u00ea aprecia literatura sens\u00edvel, inspiradora e feita com verdade, este encontro \u00e9 para voc\u00ea.<\/p>\n<p class=\"\"><strong>Esperamos por voc\u00ea no Ernesto Caf\u00e9. Traga seus sentidos.<\/strong><\/p>\n","protected":false},"excerpt":{"rendered":"<p>Nesta ter\u00e7a-feira, dia 8 de abril de 2025, das 18h \u00e0s 21h, o charmoso Ernesto Caf\u00e9 (SQS 115 Sul, Bloco B, Bras\u00edlia \u2013 DF) ser\u00e1 o cen\u00e1rio do lan\u00e7amento de Poemas e Sonetos para Gra\u00e7a, do escritor Bonfim Tobias. Trabalhado ao longo de muitos anos e publicado em uma edi\u00e7\u00e3o de luxo pela Tagore Editora, o livro \u00e9 um tributo [&hellip;]<\/p>\n","protected":false},"author":152,"featured_media":0,"comment_status":"open","ping_status":"open","sticky":false,"template":"","format":"standard","meta":{"footnotes":""},"categories":[5,4],"tags":[],"class_list":["post-330","post","type-post","status-publish","format-standard","hentry","category-agenda","category-literautura-de-brasilia"],"_links":{"self":[{"href":"https:\/\/blogs.correiobraziliense.com.br\/brasiliatododia\/wp-json\/wp\/v2\/posts\/330","targetHints":{"allow":["GET"]}}],"collection":[{"href":"https:\/\/blogs.correiobraziliense.com.br\/brasiliatododia\/wp-json\/wp\/v2\/posts"}],"about":[{"href":"https:\/\/blogs.correiobraziliense.com.br\/brasiliatododia\/wp-json\/wp\/v2\/types\/post"}],"author":[{"embeddable":true,"href":"https:\/\/blogs.correiobraziliense.com.br\/brasiliatododia\/wp-json\/wp\/v2\/users\/152"}],"replies":[{"embeddable":true,"href":"https:\/\/blogs.correiobraziliense.com.br\/brasiliatododia\/wp-json\/wp\/v2\/comments?post=330"}],"version-history":[{"count":5,"href":"https:\/\/blogs.correiobraziliense.com.br\/brasiliatododia\/wp-json\/wp\/v2\/posts\/330\/revisions"}],"predecessor-version":[{"id":335,"href":"https:\/\/blogs.correiobraziliense.com.br\/brasiliatododia\/wp-json\/wp\/v2\/posts\/330\/revisions\/335"}],"wp:attachment":[{"href":"https:\/\/blogs.correiobraziliense.com.br\/brasiliatododia\/wp-json\/wp\/v2\/media?parent=330"}],"wp:term":[{"taxonomy":"category","embeddable":true,"href":"https:\/\/blogs.correiobraziliense.com.br\/brasiliatododia\/wp-json\/wp\/v2\/categories?post=330"},{"taxonomy":"post_tag","embeddable":true,"href":"https:\/\/blogs.correiobraziliense.com.br\/brasiliatododia\/wp-json\/wp\/v2\/tags?post=330"}],"curies":[{"name":"wp","href":"https:\/\/api.w.org\/{rel}","templated":true}]}}