{"id":302,"date":"2025-03-18T08:26:12","date_gmt":"2025-03-18T11:26:12","guid":{"rendered":"https:\/\/blogs.correiobraziliense.com.br\/brasiliatododia\/?p=302"},"modified":"2025-03-23T17:39:50","modified_gmt":"2025-03-23T20:39:50","slug":"a-poesia-como-mensagem-da-vida","status":"publish","type":"post","link":"https:\/\/blogs.correiobraziliense.com.br\/brasiliatododia\/2025\/03\/18\/a-poesia-como-mensagem-da-vida\/","title":{"rendered":"A poesia como mensagem da vida"},"content":{"rendered":"<p class=\"\"><em>Uma homenagem \u00e0 f\u00e9, ao amor e \u00e0 mem\u00f3ria familiar nas palavras de M\u00e1rio-Zam Belmiro Rosa<\/em><\/p>\n<p><img loading=\"lazy\" decoding=\"async\" class=\" wp-image-303 alignleft\" src=\"https:\/\/blogs.correiobraziliense.com.br\/brasiliatododia\/wp-content\/uploads\/sites\/68\/2025\/03\/Captura-de-Tela-2025-03-23-a\u0300s-17.31.52.png\" alt=\"\" width=\"280\" height=\"401\" srcset=\"https:\/\/blogs.correiobraziliense.com.br\/brasiliatododia\/wp-content\/uploads\/sites\/68\/2025\/03\/Captura-de-Tela-2025-03-23-a\u0300s-17.31.52.png 386w, https:\/\/blogs.correiobraziliense.com.br\/brasiliatododia\/wp-content\/uploads\/sites\/68\/2025\/03\/Captura-de-Tela-2025-03-23-a\u0300s-17.31.52-209x300.png 209w, https:\/\/blogs.correiobraziliense.com.br\/brasiliatododia\/wp-content\/uploads\/sites\/68\/2025\/03\/Captura-de-Tela-2025-03-23-a\u0300s-17.31.52-230x330.png 230w\" sizes=\"auto, (max-width: 280px) 100vw, 280px\" \/><\/p>\n<p class=\"\">No \u00faltimo dia 18 de mar\u00e7o, foi lan\u00e7ado no Tribunal de Justi\u00e7a do Distrito Federal (TJDFT) o novo livro de poesias de M\u00e1rio-Zam Belmiro Rosa: <em>A for\u00e7a do amor em poesia \u2013 poemas e quadrinhas com temas diversos<\/em>. Magistrado, escritor e membro da Academia Evang\u00e9lica de Letras do Distrito Federal (AELDF), M\u00e1rio-Zam entrega ao p\u00fablico uma obra que transborda sensibilidade, espiritualidade e humanidade.<\/p>\n<p class=\"\">Com pref\u00e1cio assinado pelo desembargador Roberval Casemiro Belinati, que define a obra como um reflexo da \u201cess\u00eancia do amor em sua forma mais pura\u201d, o livro re\u00fane mais de 170 p\u00e1ginas de poemas, sonetos, elegias e quadrinhas. Os temas transitam entre o amor divino, o afeto familiar, as lembran\u00e7as da inf\u00e2ncia, as experi\u00eancias espirituais e as intensas viv\u00eancias l\u00edricas.<\/p>\n<p class=\"\">Dividida em quatro partes, a colet\u00e2nea revela as m\u00faltiplas facetas do autor: o M\u00e1rio crist\u00e3o, o M\u00e1rio da fam\u00edlia, o M\u00e1rio l\u00edrico e o poeta popular das trovas. Os poemas trazem homenagens comoventes a seus pais, retratos do cotidiano afetivo e espiritual, reflex\u00f5es sobre a f\u00e9 crist\u00e3 e declara\u00e7\u00f5es sinceras de amor e saudade. A religiosidade perpassa toda a obra, exaltando o amor como caminho de reden\u00e7\u00e3o, for\u00e7a e consolo.<\/p>\n<p class=\"\">A obra tamb\u00e9m surpreende ao incluir mem\u00f3rias e epis\u00f3dios que costuram a biografia do autor com seu universo po\u00e9tico. Destacam-se, por exemplo, os poemas dedicados \u00e0 m\u00e3e, S\u00f4nia Guedes Rosa, e ao pai, Manoel Belmiro Rosa, figuras centrais em sua trajet\u00f3ria, al\u00e9m de passagens sobre sua inf\u00e2ncia em Minas Gerais e experi\u00eancias como magistrado no Distrito Federal.<\/p>\n<p class=\"\">Al\u00e9m da densidade emocional e espiritual de seus versos, <em>A for\u00e7a do amor em poesia<\/em> revela a sensibilidade de um homem de f\u00e9, que nunca perdeu a ternura nem o lirismo, mesmo diante das adversidades da vida. Em tempos marcados por pressa e superficialidade, o livro de M\u00e1rio-Zam \u00e9 um convite ao recolhimento, \u00e0 reflex\u00e3o e \u00e0 valoriza\u00e7\u00e3o dos la\u00e7os humanos e divinos.<\/p>\n<figure id=\"attachment_304\" aria-describedby=\"caption-attachment-304\" style=\"width: 570px\" class=\"wp-caption alignnone\"><img loading=\"lazy\" decoding=\"async\" class=\"wp-image-304\" src=\"https:\/\/blogs.correiobraziliense.com.br\/brasiliatododia\/wp-content\/uploads\/sites\/68\/2025\/03\/WhatsApp-Image-2025-03-23-at-17.35.49.jpeg\" alt=\"\" width=\"570\" height=\"428\" srcset=\"https:\/\/blogs.correiobraziliense.com.br\/brasiliatododia\/wp-content\/uploads\/sites\/68\/2025\/03\/WhatsApp-Image-2025-03-23-at-17.35.49.jpeg 1600w, https:\/\/blogs.correiobraziliense.com.br\/brasiliatododia\/wp-content\/uploads\/sites\/68\/2025\/03\/WhatsApp-Image-2025-03-23-at-17.35.49-300x225.jpeg 300w, https:\/\/blogs.correiobraziliense.com.br\/brasiliatododia\/wp-content\/uploads\/sites\/68\/2025\/03\/WhatsApp-Image-2025-03-23-at-17.35.49-768x576.jpeg 768w, https:\/\/blogs.correiobraziliense.com.br\/brasiliatododia\/wp-content\/uploads\/sites\/68\/2025\/03\/WhatsApp-Image-2025-03-23-at-17.35.49-1024x768.jpeg 1024w, https:\/\/blogs.correiobraziliense.com.br\/brasiliatododia\/wp-content\/uploads\/sites\/68\/2025\/03\/WhatsApp-Image-2025-03-23-at-17.35.49-1440x1080.jpeg 1440w, https:\/\/blogs.correiobraziliense.com.br\/brasiliatododia\/wp-content\/uploads\/sites\/68\/2025\/03\/WhatsApp-Image-2025-03-23-at-17.35.49-800x600.jpeg 800w, https:\/\/blogs.correiobraziliense.com.br\/brasiliatododia\/wp-content\/uploads\/sites\/68\/2025\/03\/WhatsApp-Image-2025-03-23-at-17.35.49-550x413.jpeg 550w, https:\/\/blogs.correiobraziliense.com.br\/brasiliatododia\/wp-content\/uploads\/sites\/68\/2025\/03\/WhatsApp-Image-2025-03-23-at-17.35.49-230x173.jpeg 230w\" sizes=\"auto, (max-width: 570px) 100vw, 570px\" \/><figcaption id=\"caption-attachment-304\" class=\"wp-caption-text\">Momento do aut\u00f3grafo do livro &#8220;A for\u00e7a do amor em poesia&#8221;<\/figcaption><\/figure>\n<p class=\"\">A publica\u00e7\u00e3o \u00e9 da Trampolim Editora\u00a0 e conta com edi\u00e7\u00e3o de Josu\u00e9 Mendes e capa de L\u00edvia Bezerra de Godoy Ferreira. Um livro que toca profundamente e nos recorda que a poesia, quando nasce do amor, \u00e9 mais do que arte: \u00e9 mensagem de vida.<\/p>\n<figure id=\"attachment_305\" aria-describedby=\"caption-attachment-305\" style=\"width: 584px\" class=\"wp-caption alignnone\"><img loading=\"lazy\" decoding=\"async\" class=\" wp-image-305\" src=\"https:\/\/blogs.correiobraziliense.com.br\/brasiliatododia\/wp-content\/uploads\/sites\/68\/2025\/03\/WhatsApp-Image-2025-03-20-at-17.18.07-1.jpeg\" alt=\"\" width=\"584\" height=\"779\" srcset=\"https:\/\/blogs.correiobraziliense.com.br\/brasiliatododia\/wp-content\/uploads\/sites\/68\/2025\/03\/WhatsApp-Image-2025-03-20-at-17.18.07-1.jpeg 1200w, https:\/\/blogs.correiobraziliense.com.br\/brasiliatododia\/wp-content\/uploads\/sites\/68\/2025\/03\/WhatsApp-Image-2025-03-20-at-17.18.07-1-225x300.jpeg 225w, https:\/\/blogs.correiobraziliense.com.br\/brasiliatododia\/wp-content\/uploads\/sites\/68\/2025\/03\/WhatsApp-Image-2025-03-20-at-17.18.07-1-768x1024.jpeg 768w, https:\/\/blogs.correiobraziliense.com.br\/brasiliatododia\/wp-content\/uploads\/sites\/68\/2025\/03\/WhatsApp-Image-2025-03-20-at-17.18.07-1-800x1067.jpeg 800w, https:\/\/blogs.correiobraziliense.com.br\/brasiliatododia\/wp-content\/uploads\/sites\/68\/2025\/03\/WhatsApp-Image-2025-03-20-at-17.18.07-1-550x733.jpeg 550w, https:\/\/blogs.correiobraziliense.com.br\/brasiliatododia\/wp-content\/uploads\/sites\/68\/2025\/03\/WhatsApp-Image-2025-03-20-at-17.18.07-1-230x307.jpeg 230w\" sizes=\"auto, (max-width: 584px) 100vw, 584px\" \/><figcaption id=\"caption-attachment-305\" class=\"wp-caption-text\">O lan\u00e7amento contou com a presen\u00e7a do editor pioneiro Victor Alegria.<\/figcaption><\/figure><\/p>\n","protected":false},"excerpt":{"rendered":"<p>Uma homenagem \u00e0 f\u00e9, ao amor e \u00e0 mem\u00f3ria familiar nas palavras de M\u00e1rio-Zam Belmiro Rosa No \u00faltimo dia 18 de mar\u00e7o, foi lan\u00e7ado no Tribunal de Justi\u00e7a do Distrito Federal (TJDFT) o novo livro de poesias de M\u00e1rio-Zam Belmiro Rosa: A for\u00e7a do amor em poesia \u2013 poemas e quadrinhas com temas diversos. Magistrado, escritor e membro da Academia [&hellip;]<\/p>\n","protected":false},"author":152,"featured_media":0,"comment_status":"open","ping_status":"open","sticky":false,"template":"","format":"standard","meta":{"footnotes":""},"categories":[2,4],"tags":[],"class_list":["post-302","post","type-post","status-publish","format-standard","hentry","category-cultura","category-literautura-de-brasilia"],"_links":{"self":[{"href":"https:\/\/blogs.correiobraziliense.com.br\/brasiliatododia\/wp-json\/wp\/v2\/posts\/302","targetHints":{"allow":["GET"]}}],"collection":[{"href":"https:\/\/blogs.correiobraziliense.com.br\/brasiliatododia\/wp-json\/wp\/v2\/posts"}],"about":[{"href":"https:\/\/blogs.correiobraziliense.com.br\/brasiliatododia\/wp-json\/wp\/v2\/types\/post"}],"author":[{"embeddable":true,"href":"https:\/\/blogs.correiobraziliense.com.br\/brasiliatododia\/wp-json\/wp\/v2\/users\/152"}],"replies":[{"embeddable":true,"href":"https:\/\/blogs.correiobraziliense.com.br\/brasiliatododia\/wp-json\/wp\/v2\/comments?post=302"}],"version-history":[{"count":1,"href":"https:\/\/blogs.correiobraziliense.com.br\/brasiliatododia\/wp-json\/wp\/v2\/posts\/302\/revisions"}],"predecessor-version":[{"id":306,"href":"https:\/\/blogs.correiobraziliense.com.br\/brasiliatododia\/wp-json\/wp\/v2\/posts\/302\/revisions\/306"}],"wp:attachment":[{"href":"https:\/\/blogs.correiobraziliense.com.br\/brasiliatododia\/wp-json\/wp\/v2\/media?parent=302"}],"wp:term":[{"taxonomy":"category","embeddable":true,"href":"https:\/\/blogs.correiobraziliense.com.br\/brasiliatododia\/wp-json\/wp\/v2\/categories?post=302"},{"taxonomy":"post_tag","embeddable":true,"href":"https:\/\/blogs.correiobraziliense.com.br\/brasiliatododia\/wp-json\/wp\/v2\/tags?post=302"}],"curies":[{"name":"wp","href":"https:\/\/api.w.org\/{rel}","templated":true}]}}