{"id":120,"date":"2024-04-18T16:44:40","date_gmt":"2024-04-18T19:44:40","guid":{"rendered":"https:\/\/blogs.correiobraziliense.com.br\/brasiliatododia\/?p=120"},"modified":"2024-04-18T16:59:52","modified_gmt":"2024-04-18T19:59:52","slug":"debate-sobre-legislacao-sobre-livro-e-leitura-no-df","status":"publish","type":"post","link":"https:\/\/blogs.correiobraziliense.com.br\/brasiliatododia\/2024\/04\/18\/debate-sobre-legislacao-sobre-livro-e-leitura-no-df\/","title":{"rendered":"Debate sobre Legisla\u00e7\u00e3o sobre livro e leitura no DF"},"content":{"rendered":"<p>Nesta sexta (19), Sindescritores promove debate sobre o tema na Biblioteca Nacional de Bras\u00edlia<\/p>\n<p>Nesta sexta-feira, dia 19 de abril, \u00e0s 18h30, na Biblioteca Nacional de Bras\u00edlia, o Sindescritores seguir\u00e1 com seu Ciclo de Debates com o tema &#8220;Legisla\u00e7\u00e3o sobre Livro e Leitura em Vigor+Colegiados&#8221;.\u00a0 O evento contar\u00e1 com o presidente do Conselho de Cultura do DF e membro suplente do Conselho Nacional de Pol\u00edtica Cultural (do MinC), Luiz Felipe Vitelli.\u00a0 Al\u00e9m dele, a diretora da Biblioteca Nacional de Bras\u00edlia (BNB), Marmenha Ros\u00e1rio e a Vice-Presidente da Academia Gamense de Letras (AGL), Arlene Muniz, tamb\u00e9m participar\u00e3o.<\/p>\n<blockquote><p>&#8220;A ideia \u00e9 explicar e debater assuntos como o Decreto N\u00ba 44.922, de 04 de setembro de 2023 (institui a Pol\u00edtica de Leitura, Escrita e Oralidade do Distrito Federal, o Pr\u00eamio Candango de Literatura e o Pr\u00eamio Candanguinho de Literatura Infantojuvenil), a Lei a lei n\u00ba 7.393\/2024 (cria o programa de valoriza\u00e7\u00e3o da escritora e do escritor brasilienses e de incentivo \u00e0 difus\u00e3o de suas obras liter\u00e1rias) e o Colegiado Setorial de Cultura Livro, Leitura, Literatura e Bibliotecas do DF&#8221;,<\/p><\/blockquote>\n<p>explica o presidente interino do Sindescritores, Marcos Linhares.<\/p>\n<p>Linhares tamb\u00e9m diz que ser\u00e1 uma oportunidade de se falar sobre dificuldades, caminhos e solu\u00e7\u00f5es. \u00a0&#8220;A ideia \u00e9 de que todos possam participar e contribuir com o bom e respeitoso debate&#8221;, enfatiza o escritor.<\/p>\n<blockquote><p>&#8220;Temos que trazer a comunidade do livro e da leitura para esses momentos de esclarecimento e ades\u00e3o ao movimento de constru\u00e7\u00e3o de pol\u00edticas p\u00fablicas&#8221;,<\/p><\/blockquote>\n<p>pontua Luiz Felipe Vitelli.<\/p>\n<blockquote><p>&#8220;A Biblioteca Nacional apoia e participa desse ciclo de debates e de outras iniciativas. As bibliotecas s\u00e3o lugares fant\u00e1sticos de troca de experi\u00eancias, aprendizado e crescimento&#8221;, defende a diretora da BNB, Marmenha Ros\u00e1rio.<\/p><\/blockquote>\n<p><strong>Pr\u00f3ximo Debate<\/strong><br \/>\nO pr\u00f3ximo debate ser\u00e1 realizado na quinta-feira, dia 25 de abril, com o tema &#8220;Formas de financiamento e estimulo\u2013 FAC- LIC- LPG, Aldir Blanc e Emendas&#8221;.<\/p>\n<p><strong>Celebra\u00e7\u00e3o de 45 anos<\/strong><br \/>\nO Ciclo de Debates Sindescritores integra a comemora\u00e7\u00e3o dos 45 anos de funda\u00e7\u00e3o da associa\u00e7\u00e3o. A celebra\u00e7\u00e3o ir\u00e1 at\u00e9 novembro de 2024.<\/p>\n<p>A iniciativa conta o apoio do Instituto Fazer o Bem, da Biblioteca Nacional de Bras\u00edlia e da Secretaria de Cultura e Economia Criativa do DF.<\/p>\n","protected":false},"excerpt":{"rendered":"<p>Nesta sexta (19), Sindescritores promove debate sobre o tema na Biblioteca Nacional de Bras\u00edlia Nesta sexta-feira, dia 19 de abril, \u00e0s 18h30, na Biblioteca Nacional de Bras\u00edlia, o Sindescritores seguir\u00e1 com seu Ciclo de Debates com o tema &#8220;Legisla\u00e7\u00e3o sobre Livro e Leitura em Vigor+Colegiados&#8221;.\u00a0 O evento contar\u00e1 com o presidente do Conselho de Cultura do DF e membro suplente [&hellip;]<\/p>\n","protected":false},"author":152,"featured_media":0,"comment_status":"open","ping_status":"open","sticky":false,"template":"","format":"standard","meta":{"footnotes":""},"categories":[5,4],"tags":[],"class_list":["post-120","post","type-post","status-publish","format-standard","hentry","category-agenda","category-literautura-de-brasilia"],"_links":{"self":[{"href":"https:\/\/blogs.correiobraziliense.com.br\/brasiliatododia\/wp-json\/wp\/v2\/posts\/120","targetHints":{"allow":["GET"]}}],"collection":[{"href":"https:\/\/blogs.correiobraziliense.com.br\/brasiliatododia\/wp-json\/wp\/v2\/posts"}],"about":[{"href":"https:\/\/blogs.correiobraziliense.com.br\/brasiliatododia\/wp-json\/wp\/v2\/types\/post"}],"author":[{"embeddable":true,"href":"https:\/\/blogs.correiobraziliense.com.br\/brasiliatododia\/wp-json\/wp\/v2\/users\/152"}],"replies":[{"embeddable":true,"href":"https:\/\/blogs.correiobraziliense.com.br\/brasiliatododia\/wp-json\/wp\/v2\/comments?post=120"}],"version-history":[{"count":3,"href":"https:\/\/blogs.correiobraziliense.com.br\/brasiliatododia\/wp-json\/wp\/v2\/posts\/120\/revisions"}],"predecessor-version":[{"id":123,"href":"https:\/\/blogs.correiobraziliense.com.br\/brasiliatododia\/wp-json\/wp\/v2\/posts\/120\/revisions\/123"}],"wp:attachment":[{"href":"https:\/\/blogs.correiobraziliense.com.br\/brasiliatododia\/wp-json\/wp\/v2\/media?parent=120"}],"wp:term":[{"taxonomy":"category","embeddable":true,"href":"https:\/\/blogs.correiobraziliense.com.br\/brasiliatododia\/wp-json\/wp\/v2\/categories?post=120"},{"taxonomy":"post_tag","embeddable":true,"href":"https:\/\/blogs.correiobraziliense.com.br\/brasiliatododia\/wp-json\/wp\/v2\/tags?post=120"}],"curies":[{"name":"wp","href":"https:\/\/api.w.org\/{rel}","templated":true}]}}