{"id":113,"date":"2024-04-18T16:38:51","date_gmt":"2024-04-18T19:38:51","guid":{"rendered":"https:\/\/blogs.correiobraziliense.com.br\/brasiliatododia\/?p=113"},"modified":"2024-04-18T16:41:21","modified_gmt":"2024-04-18T19:41:21","slug":"nesta-quinta-18-4-lancamento-do-projeto-infancia-na-biblioteca","status":"publish","type":"post","link":"https:\/\/blogs.correiobraziliense.com.br\/brasiliatododia\/2024\/04\/18\/nesta-quinta-18-4-lancamento-do-projeto-infancia-na-biblioteca\/","title":{"rendered":"Nesta quinta (18\/4), lan\u00e7amento do projeto Inf\u00e2ncia na Biblioteca"},"content":{"rendered":"<div>\n<div><\/div>\n<div>No Dia Nacional da Literatura Infantil, a Biblioteca do Gama recebe teatro de Bonecos e conta\u00e7\u00e3o de hist\u00f3rias<\/div>\n<\/div>\n<div><\/div>\n<div>\n<figure id=\"attachment_114\" aria-describedby=\"caption-attachment-114\" style=\"width: 300px\" class=\"wp-caption alignleft\"><img loading=\"lazy\" decoding=\"async\" class=\"size-medium wp-image-114\" src=\"https:\/\/blogs.correiobraziliense.com.br\/brasiliatododia\/wp-content\/uploads\/sites\/68\/2024\/04\/A-Infa\u0302ncia-na-Biblioteca-300x300.jpeg\" alt=\"\" width=\"300\" height=\"300\" srcset=\"https:\/\/blogs.correiobraziliense.com.br\/brasiliatododia\/wp-content\/uploads\/sites\/68\/2024\/04\/A-Infa\u0302ncia-na-Biblioteca-300x300.jpeg 300w, https:\/\/blogs.correiobraziliense.com.br\/brasiliatododia\/wp-content\/uploads\/sites\/68\/2024\/04\/A-Infa\u0302ncia-na-Biblioteca-150x150.jpeg 150w, https:\/\/blogs.correiobraziliense.com.br\/brasiliatododia\/wp-content\/uploads\/sites\/68\/2024\/04\/A-Infa\u0302ncia-na-Biblioteca-768x768.jpeg 768w, https:\/\/blogs.correiobraziliense.com.br\/brasiliatododia\/wp-content\/uploads\/sites\/68\/2024\/04\/A-Infa\u0302ncia-na-Biblioteca-1024x1024.jpeg 1024w, https:\/\/blogs.correiobraziliense.com.br\/brasiliatododia\/wp-content\/uploads\/sites\/68\/2024\/04\/A-Infa\u0302ncia-na-Biblioteca-800x800.jpeg 800w, https:\/\/blogs.correiobraziliense.com.br\/brasiliatododia\/wp-content\/uploads\/sites\/68\/2024\/04\/A-Infa\u0302ncia-na-Biblioteca-550x550.jpeg 550w, https:\/\/blogs.correiobraziliense.com.br\/brasiliatododia\/wp-content\/uploads\/sites\/68\/2024\/04\/A-Infa\u0302ncia-na-Biblioteca-230x230.jpeg 230w, https:\/\/blogs.correiobraziliense.com.br\/brasiliatododia\/wp-content\/uploads\/sites\/68\/2024\/04\/A-Infa\u0302ncia-na-Biblioteca.jpeg 1080w\" sizes=\"auto, (max-width: 300px) 100vw, 300px\" \/><figcaption id=\"caption-attachment-114\" class=\"wp-caption-text\">Projeto Inf\u00e2ncia na Biblioteca<\/figcaption><\/figure>\n<\/div>\n<div>\n<p>A Voar Arte para a Inf\u00e2ncia e Juventude lan\u00e7ar\u00e1 nesta quinta (18\/4), a partir das 9h30, na Biblioteca do Gama (Sal\u00e3o de M\u00faltiplas Fun\u00e7\u00f5es, Setor Central, Pra\u00e7a 2), o projeto &#8220;A Inf\u00e2ncia na Biblioteca&#8221; para celebrar o Dia Nacional da Literatura Infantil. A programa\u00e7\u00e3o contar\u00e1 com espet\u00e1culos de teatro de bonecos e conta\u00e7\u00f5es de hist\u00f3rias. Tudo com acessibilidade em LIBRAS e Audiodescri\u00e7\u00e3o. Al\u00e9m das apresenta\u00e7\u00f5es serem abertas, o projeto levar\u00e1 alunos da Escola Classe 22 do Gama. &#8220;A Inf\u00e2ncia na Biblioteca&#8221; \u00e9 realizado por meio de um termo de fomento em parceria com o Minist\u00e9rio da Cultura. Informa\u00e7\u00f5es sobre a programa\u00e7\u00e3o no Instagram\u00a0<a id=\"m_-726936015852224342plusReplyChip-0\" class=\"gmail_plusreply\"><\/a>@voarteatrodebonecoO produtor executivo do projeto, Marco Augusto, disse que a iniciativa levar\u00e1 \u00a0programac\u0327a\u0303o cultural e formativa, ou seja, apresentac\u0327o\u0303es teatrais, contac\u0327a\u0303o de histo\u0301rias, palestras, oficinas, visitas guiadas e exibic\u0327o\u0303es de audiovisual para as bibliotecas pu\u0301blicas do Gama, Santa Maria, Ceila\u0302ndia e Samambaia.<\/p>\n<p>&#8220;Nossa meta \u00e9 fortalecer as cadeias criativa, produtiva e mediadora do livro e da leitura, sabendo que isso \u00e9 fator relevante para o desenvolvimento da produc\u0327a\u0303o e difusa\u0303o intelectual para crianc\u0327as, promovendo o acesso aos bens culturais, \u00e0 democratizac\u0327a\u0303o do livro e \u00e0 promoc\u0327a\u0303o da cidadania plena&#8221;, explica Marco.<\/p>\n<p>Segundo ele, a proposta preve\u0302 uma se\u0301rie de atividades presenciais que envolvem a literatura e diversidade cultural para criar uma execuc\u0327a\u0303o consistente visando que seja replicada em bibliotecas do Sistema Nacional de Bibliotecas Pu\u0301blicas.<\/p>\n<p>&#8220;Tamb\u00e9m visamos estimular a leitura, a produc\u0327a\u0303o, a formac\u0327a\u0303o de pu\u0301blico infantil nas bibliotecas da periferia de Brasi\u0301lia, em especial a difusa\u0303o das obras arti\u0301sticas e especialmente, a viabilizac\u0327a\u0303o do acesso ao teatro e \u00e0 literatura. O pu\u0301blico-alvo \u00e9 a comunidade local e alunos da rede pu\u0301blica de ensino&#8221;, explica o produtor, que tamb\u00e9m \u00e9 ator, manipulador de bonecos e diretor teatral.<\/p>\n<\/div>\n<div><\/div>\n<p><b>\u00a0Programa\u00e7\u00e3o especial do dia 18<\/b><\/p>\n<p><b>\u00a0<\/b><\/p>\n<p>Os\u00a0espet\u00e1culos escolhidos para esse dia s\u00e3o baseados em obras liter\u00e1rias, o que \u00e9 uma caracter\u00edstica da Cia. Voar.\u00a0<b><br \/>\n<\/b><\/p>\n<p><b>\u00a0<\/b><\/p>\n<div>\n<p>\u00a09h30:\u00a0<b>Teatro de Bonecos &#8211; &#8220;Os Meninos Verdes&#8221;<\/b><\/p>\n<p>A pe\u00e7a infantil adaptada do livro hom\u00f4nimo de Cora Coralina,\u00a0mostra as pequenas criaturas\u00a0verdes\u00a0encontradas no jardim de Dona Cora. Elas conquistam o afeto da poetisa atrav\u00e9s de suas brincadeiras, estripulias, do exerc\u00edcio da imagina\u00e7\u00e3o e da pureza. Tudo com simplicidade, assim como no livro, onde a autora usou ternura para narrar meninices, brincadeiras e sonhos, provocando a identifica\u00e7\u00e3o n\u00e3o somente nas crian\u00e7as, mas tamb\u00e9m nos adultos. A hist\u00f3ria original \u00e9 preservada em sua ess\u00eancia, rica em met\u00e1foras e simbolismo, revelando o lado da autora que poucas pessoas conhecem. A literatura para crian\u00e7as de Cora Coralina e as situa\u00e7\u00f5es do livro s\u00e3o transportadas para o palco atrav\u00e9s do teatro de bonecos, permitindo criar belas cenas repletas de poesia. Conto l\u00fadico sobre a aceita\u00e7\u00e3o do desconhecido encenado por bonecos manipulados pelos atores Alessandra Barros, Gabriel Calasans e Marco Augusto.<\/p>\n<p class=\"gmail_quote\">10h:\u00a0<b>Conta\u00e7\u00e3o de Hist\u00f3rias com Arlene Muniz<\/b><\/p>\n<p>A magia das palavras ganha vida com Arlene Muniz! Venha participar de uma viagem pelo mundo da literatura, onde cada hist\u00f3ria \u00e9 um convite para imaginar, sonhar e se emocionar. Imperd\u00edvel para crian\u00e7as de todas as idades!<\/p>\n<p>14h:\u00a0<b>Teatro de Bonecos &#8211;\u00a0<\/b><b>&#8220;Jo\u00e3o e o P\u00e9 de Feij\u00e3o&#8221;<\/b><\/p>\n<p>A vers\u00e3o conhecida mais antiga \u00e9 a de Benjamin Tabart, publicada em 1807 e popularizada por Joseph Jacobs em 1890, com a publica\u00e7\u00e3o de &#8220;English Fairy Tales&#8221;.\u00a0<b>\u00a0<\/b>A pe\u00e7a narra a hist\u00f3ria de um menino que, movido pela curiosidade e ast\u00facia, vence um gigante e acaba com a fome e a aridez do lugar onde mora, mudando seu destino e de sua fam\u00edlia. Um conto popular rico em simbolismo, uma aventura fant\u00e1stica e de elementos m\u00e1gicos: a semente que brota at\u00e9 o c\u00e9u, a galinha dos ovos de ouro, o terr\u00edvel gigante, a harpa encantada, tudo isso encenado com o encanto do teatro de bonecos.<\/p>\n<p>&nbsp;<\/p>\n<p>14h30:\u00a0<b>Conta\u00e7\u00e3o de Hist\u00f3rias com Alice de Sousa<\/b><\/p>\n<p>Venha se perder nas p\u00e1ginas de hist\u00f3rias encantadas com Alice de Sousa! Em sua companhia, viajaremos por mundos fant\u00e1sticos, conheceremos personagens inesquec\u00edveis e viveremos aventuras sem igual. Uma tarde dedicada ao poder da imagina\u00e7\u00e3o e da literatura!<br \/>\nN\u00e3o percam essa oportunidade \u00fanica de celebrar o Dia da Literatura Infantil conosco!<\/p>\n<div><\/div>\n<div><img loading=\"lazy\" decoding=\"async\" class=\"alignnone wp-image-115\" src=\"https:\/\/blogs.correiobraziliense.com.br\/brasiliatododia\/wp-content\/uploads\/sites\/68\/2024\/04\/5-Os-meninos-verdes-foto-de-Lucas-Rezende-.j-1-300x200.jpg\" alt=\"\" width=\"555\" height=\"370\" srcset=\"https:\/\/blogs.correiobraziliense.com.br\/brasiliatododia\/wp-content\/uploads\/sites\/68\/2024\/04\/5-Os-meninos-verdes-foto-de-Lucas-Rezende-.j-1-300x200.jpg 300w, https:\/\/blogs.correiobraziliense.com.br\/brasiliatododia\/wp-content\/uploads\/sites\/68\/2024\/04\/5-Os-meninos-verdes-foto-de-Lucas-Rezende-.j-1-768x512.jpg 768w, https:\/\/blogs.correiobraziliense.com.br\/brasiliatododia\/wp-content\/uploads\/sites\/68\/2024\/04\/5-Os-meninos-verdes-foto-de-Lucas-Rezende-.j-1-1024x683.jpg 1024w, https:\/\/blogs.correiobraziliense.com.br\/brasiliatododia\/wp-content\/uploads\/sites\/68\/2024\/04\/5-Os-meninos-verdes-foto-de-Lucas-Rezende-.j-1-1440x960.jpg 1440w, https:\/\/blogs.correiobraziliense.com.br\/brasiliatododia\/wp-content\/uploads\/sites\/68\/2024\/04\/5-Os-meninos-verdes-foto-de-Lucas-Rezende-.j-1-800x533.jpg 800w, https:\/\/blogs.correiobraziliense.com.br\/brasiliatododia\/wp-content\/uploads\/sites\/68\/2024\/04\/5-Os-meninos-verdes-foto-de-Lucas-Rezende-.j-1-550x367.jpg 550w, https:\/\/blogs.correiobraziliense.com.br\/brasiliatododia\/wp-content\/uploads\/sites\/68\/2024\/04\/5-Os-meninos-verdes-foto-de-Lucas-Rezende-.j-1-230x153.jpg 230w\" sizes=\"auto, (max-width: 555px) 100vw, 555px\" \/><\/div>\n<\/div>\n","protected":false},"excerpt":{"rendered":"<p>No Dia Nacional da Literatura Infantil, a Biblioteca do Gama recebe teatro de Bonecos e conta\u00e7\u00e3o de hist\u00f3rias A Voar Arte para a Inf\u00e2ncia e Juventude lan\u00e7ar\u00e1 nesta quinta (18\/4), a partir das 9h30, na Biblioteca do Gama (Sal\u00e3o de M\u00faltiplas Fun\u00e7\u00f5es, Setor Central, Pra\u00e7a 2), o projeto &#8220;A Inf\u00e2ncia na Biblioteca&#8221; para celebrar o Dia Nacional da Literatura Infantil. [&hellip;]<\/p>\n","protected":false},"author":152,"featured_media":0,"comment_status":"open","ping_status":"open","sticky":false,"template":"","format":"standard","meta":{"footnotes":""},"categories":[5,4],"tags":[],"class_list":["post-113","post","type-post","status-publish","format-standard","hentry","category-agenda","category-literautura-de-brasilia"],"_links":{"self":[{"href":"https:\/\/blogs.correiobraziliense.com.br\/brasiliatododia\/wp-json\/wp\/v2\/posts\/113","targetHints":{"allow":["GET"]}}],"collection":[{"href":"https:\/\/blogs.correiobraziliense.com.br\/brasiliatododia\/wp-json\/wp\/v2\/posts"}],"about":[{"href":"https:\/\/blogs.correiobraziliense.com.br\/brasiliatododia\/wp-json\/wp\/v2\/types\/post"}],"author":[{"embeddable":true,"href":"https:\/\/blogs.correiobraziliense.com.br\/brasiliatododia\/wp-json\/wp\/v2\/users\/152"}],"replies":[{"embeddable":true,"href":"https:\/\/blogs.correiobraziliense.com.br\/brasiliatododia\/wp-json\/wp\/v2\/comments?post=113"}],"version-history":[{"count":4,"href":"https:\/\/blogs.correiobraziliense.com.br\/brasiliatododia\/wp-json\/wp\/v2\/posts\/113\/revisions"}],"predecessor-version":[{"id":119,"href":"https:\/\/blogs.correiobraziliense.com.br\/brasiliatododia\/wp-json\/wp\/v2\/posts\/113\/revisions\/119"}],"wp:attachment":[{"href":"https:\/\/blogs.correiobraziliense.com.br\/brasiliatododia\/wp-json\/wp\/v2\/media?parent=113"}],"wp:term":[{"taxonomy":"category","embeddable":true,"href":"https:\/\/blogs.correiobraziliense.com.br\/brasiliatododia\/wp-json\/wp\/v2\/categories?post=113"},{"taxonomy":"post_tag","embeddable":true,"href":"https:\/\/blogs.correiobraziliense.com.br\/brasiliatododia\/wp-json\/wp\/v2\/tags?post=113"}],"curies":[{"name":"wp","href":"https:\/\/api.w.org\/{rel}","templated":true}]}}