{"id":365,"date":"2025-03-19T17:10:37","date_gmt":"2025-03-19T20:10:37","guid":{"rendered":"https:\/\/blogs.correiobraziliense.com.br\/blog-tecnologia-tony-ventura\/?p=365"},"modified":"2025-03-19T17:10:37","modified_gmt":"2025-03-19T20:10:37","slug":"melhor-cafeteira-espresso-portatil-outin-nano","status":"publish","type":"post","link":"https:\/\/blogs.correiobraziliense.com.br\/blog-tecnologia-tony-ventura\/melhor-cafeteira-espresso-portatil-outin-nano\/","title":{"rendered":"Uma Cafeteira Espresso Port\u00e1til com Tecnologia de Ponta"},"content":{"rendered":"<p><span style=\"font-weight: 400\">Que Caf\u00e9 e Tecnologia combinam, n\u00e3o \u00e9 nenhuma surpresa.<\/span><\/p>\n<p><span style=\"font-weight: 400\">Afinal, o consumo moderado de caf\u00e9 comprovadamente \u00e9 ben\u00e9fico para o c\u00e9rebro e a cogni\u00e7\u00e3o no longo prazo.<\/span><\/p>\n<p>&nbsp;<\/p>\n<p><span style=\"font-weight: 400\">E em janeiro deste ano na CES Las Vegas, um dos maiores eventos de tecnologia do mundo, fui apresentado a uma <\/span><b>cafeteira que impressionou o mercado internacional e at\u00e9 os especialistas<\/b><span style=\"font-weight: 400\"> em caf\u00e9: a OutIn Nano.<\/span><\/p>\n<p>&nbsp;<\/p>\n<p><span style=\"font-weight: 400\">Uma cafeteira <\/span><b>verdadeiramente port\u00e1til capaz de extrair um espresso de qualidade<\/b><span style=\"font-weight: 400\"> (encorpado e com uma bela crema) com sua bomba de 20 bar de press\u00e3o, al\u00e9m de conseguir <\/span><b>aquecer o caf\u00e9 em 3 minutos<\/b><span style=\"font-weight: 400\">, se necess\u00e1rio.<\/span><\/p>\n<p>&nbsp;<\/p>\n<p><span style=\"font-weight: 400\">N\u00e3o \u00e0 toa, j\u00e1 figura entre as <\/span><a href=\"https:\/\/universidadedocafe.com\/cafeteiras\/melhores-cafeteiras-expresso\/\" target=\"_blank\" rel=\"noopener\"><span style=\"font-weight: 400\">melhores cafeteiras espresso<\/span><\/a><span style=\"font-weight: 400\"> e as <\/span><a href=\"https:\/\/universidadedocafe.com\/cafeteiras\/melhores-cafeteiras-de-capsula\" target=\"_blank\" rel=\"noopener\"><span style=\"font-weight: 400\">melhores cafeteiras de c\u00e1psula<\/span><\/a><span style=\"font-weight: 400\"> no Portal Universidade do Caf\u00e9.<\/span><\/p>\n<p>&nbsp;<\/p>\n<p><span style=\"font-weight: 400\">Ou seja,<\/span><b> at\u00e9 durante um voo ou numa trilha<\/b><span style=\"font-weight: 400\"> sem acesso a fogo, voc\u00ea agora consegue tomar um caf\u00e9 espresso, que \u00e9 o tipo de caf\u00e9 mais complexo e apreciado pelos cafezeiros.<\/span><\/p>\n<p>&nbsp;<\/p>\n<p><span style=\"font-weight: 400\">E n\u00e3o para por a\u00ed, ela<\/span><b> aceita tanto c\u00e1psulas Nespresso quanto o caf\u00e9 em p\u00f3<\/b><span style=\"font-weight: 400\">, vindo com um filtro que acomoda at\u00e9 7 gramas de caf\u00e9.<\/span><\/p>\n<p>&nbsp;<\/p>\n<p><span style=\"font-weight: 400\">N\u00e3o resisti e adquiri a minha. E, agora, em qualquer lugar e em menos de 5 minutos, eu consigo preparar um caf\u00e9 espresso de verdade.<\/span><\/p>\n","protected":false},"excerpt":{"rendered":"<p>Que Caf\u00e9 e Tecnologia combinam, n\u00e3o \u00e9 nenhuma surpresa. Afinal, o consumo moderado de caf\u00e9 comprovadamente \u00e9 ben\u00e9fico para o c\u00e9rebro e a cogni\u00e7\u00e3o no longo prazo. &nbsp; E em janeiro deste ano na CES Las Vegas, um dos maiores eventos de tecnologia do mundo, fui apresentado a uma cafeteira que impressionou o mercado internacional e at\u00e9 os especialistas em [&hellip;]<\/p>\n","protected":false},"author":109,"featured_media":366,"comment_status":"open","ping_status":"open","sticky":false,"template":"","format":"standard","meta":{"footnotes":""},"categories":[1],"tags":[],"class_list":["post-365","post","type-post","status-publish","format-standard","has-post-thumbnail","hentry","category-sem-categoria"],"_links":{"self":[{"href":"https:\/\/blogs.correiobraziliense.com.br\/blog-tecnologia-tony-ventura\/wp-json\/wp\/v2\/posts\/365","targetHints":{"allow":["GET"]}}],"collection":[{"href":"https:\/\/blogs.correiobraziliense.com.br\/blog-tecnologia-tony-ventura\/wp-json\/wp\/v2\/posts"}],"about":[{"href":"https:\/\/blogs.correiobraziliense.com.br\/blog-tecnologia-tony-ventura\/wp-json\/wp\/v2\/types\/post"}],"author":[{"embeddable":true,"href":"https:\/\/blogs.correiobraziliense.com.br\/blog-tecnologia-tony-ventura\/wp-json\/wp\/v2\/users\/109"}],"replies":[{"embeddable":true,"href":"https:\/\/blogs.correiobraziliense.com.br\/blog-tecnologia-tony-ventura\/wp-json\/wp\/v2\/comments?post=365"}],"version-history":[{"count":1,"href":"https:\/\/blogs.correiobraziliense.com.br\/blog-tecnologia-tony-ventura\/wp-json\/wp\/v2\/posts\/365\/revisions"}],"predecessor-version":[{"id":367,"href":"https:\/\/blogs.correiobraziliense.com.br\/blog-tecnologia-tony-ventura\/wp-json\/wp\/v2\/posts\/365\/revisions\/367"}],"wp:featuredmedia":[{"embeddable":true,"href":"https:\/\/blogs.correiobraziliense.com.br\/blog-tecnologia-tony-ventura\/wp-json\/wp\/v2\/media\/366"}],"wp:attachment":[{"href":"https:\/\/blogs.correiobraziliense.com.br\/blog-tecnologia-tony-ventura\/wp-json\/wp\/v2\/media?parent=365"}],"wp:term":[{"taxonomy":"category","embeddable":true,"href":"https:\/\/blogs.correiobraziliense.com.br\/blog-tecnologia-tony-ventura\/wp-json\/wp\/v2\/categories?post=365"},{"taxonomy":"post_tag","embeddable":true,"href":"https:\/\/blogs.correiobraziliense.com.br\/blog-tecnologia-tony-ventura\/wp-json\/wp\/v2\/tags?post=365"}],"curies":[{"name":"wp","href":"https:\/\/api.w.org\/{rel}","templated":true}]}}