{"id":343,"date":"2024-03-18T16:53:46","date_gmt":"2024-03-18T19:53:46","guid":{"rendered":"https:\/\/blogs.correiobraziliense.com.br\/blog-tecnologia-tony-ventura\/?p=343"},"modified":"2024-03-18T16:57:32","modified_gmt":"2024-03-18T19:57:32","slug":"eventos-de-inovacao-tecnologia-e-informatica-em-brasilia-que-voce-nao-pode-perder-em-2024","status":"publish","type":"post","link":"https:\/\/blogs.correiobraziliense.com.br\/blog-tecnologia-tony-ventura\/eventos-de-inovacao-tecnologia-e-informatica-em-brasilia-que-voce-nao-pode-perder-em-2024\/","title":{"rendered":"Eventos de Inova\u00e7\u00e3o, Tecnologia e Inform\u00e1tica em Bras\u00edlia que voc\u00ea n\u00e3o pode perder em 2024!"},"content":{"rendered":"<p><img loading=\"lazy\" decoding=\"async\" class=\"alignnone wp-image-345\" src=\"https:\/\/blogs.correiobraziliense.com.br\/blog-tecnologia-tony-ventura\/wp-content\/uploads\/sites\/50\/2024\/03\/WhatsApp-Image-2024-03-18-at-10.51.35-AM.jpeg\" alt=\"\" width=\"751\" height=\"422\" srcset=\"https:\/\/blogs.correiobraziliense.com.br\/blog-tecnologia-tony-ventura\/wp-content\/uploads\/sites\/50\/2024\/03\/WhatsApp-Image-2024-03-18-at-10.51.35-AM.jpeg 1600w, https:\/\/blogs.correiobraziliense.com.br\/blog-tecnologia-tony-ventura\/wp-content\/uploads\/sites\/50\/2024\/03\/WhatsApp-Image-2024-03-18-at-10.51.35-AM-300x169.jpeg 300w, https:\/\/blogs.correiobraziliense.com.br\/blog-tecnologia-tony-ventura\/wp-content\/uploads\/sites\/50\/2024\/03\/WhatsApp-Image-2024-03-18-at-10.51.35-AM-768x432.jpeg 768w, https:\/\/blogs.correiobraziliense.com.br\/blog-tecnologia-tony-ventura\/wp-content\/uploads\/sites\/50\/2024\/03\/WhatsApp-Image-2024-03-18-at-10.51.35-AM-1024x576.jpeg 1024w, https:\/\/blogs.correiobraziliense.com.br\/blog-tecnologia-tony-ventura\/wp-content\/uploads\/sites\/50\/2024\/03\/WhatsApp-Image-2024-03-18-at-10.51.35-AM-1440x810.jpeg 1440w, https:\/\/blogs.correiobraziliense.com.br\/blog-tecnologia-tony-ventura\/wp-content\/uploads\/sites\/50\/2024\/03\/WhatsApp-Image-2024-03-18-at-10.51.35-AM-800x450.jpeg 800w, https:\/\/blogs.correiobraziliense.com.br\/blog-tecnologia-tony-ventura\/wp-content\/uploads\/sites\/50\/2024\/03\/WhatsApp-Image-2024-03-18-at-10.51.35-AM-550x309.jpeg 550w, https:\/\/blogs.correiobraziliense.com.br\/blog-tecnologia-tony-ventura\/wp-content\/uploads\/sites\/50\/2024\/03\/WhatsApp-Image-2024-03-18-at-10.51.35-AM-230x129.jpeg 230w\" sizes=\"auto, (max-width: 751px) 100vw, 751px\" \/><\/p>\n<p>Web3 &#8211; Angel 3.0:<\/p>\n<p>Este evento de imers\u00e3o tecnol\u00f3gica, agendado para o dia 20 de mar\u00e7o no espa\u00e7o BRBLAB do Centro de Inova\u00e7\u00e3o Tecnol\u00f3gica na Granja do Torto, \u00e9 um marco para aqueles que buscam compreender e ingressar no emergente ecossistema das empresas Web3. Com uma programa\u00e7\u00e3o repleta de palestrantes renomados, pain\u00e9is informativos e oportunidades de networking, o Angel 3.0 \u00e9 uma iniciativa da Web3Valley, a primeira aceleradora brasileira dedicada exclusivamente a startups da Web3. A miss\u00e3o do Angel 3.0 vai al\u00e9m de simplesmente fornecer informa\u00e7\u00f5es. Os organizadores, liderados por Guto Farias e Daniel Constantino, est\u00e3o empenhados em criar um ambiente colaborativo que impulsione o crescimento e a educa\u00e7\u00e3o no mercado.<\/p>\n<p>O cronograma do evento foi cuidadosamente elaborado para proporcionar uma experi\u00eancia enriquecedora. \u00c0s 14h30, o Painel 1 &#8220;Entendendo o est\u00e1gio atual do mercado de startups Web3&#8221; contar\u00e1 com a participa\u00e7\u00e3o de Guto Farias e Daniel Constantino, ambos da Web3Valley, trazendo uma perspectiva valiosa sobre o panorama atual do setor. Em seguida, \u00e0s 15h10, no Painel 2 &#8220;Como encontrar projetos promissores na Web3&#8221;, os participantes ter\u00e3o insights valiosos de Ana Westfal, da Consensys, Gilberto Albuquerque, da Kadmotec Ventures, e Diego Dias, Head da America Latina da Solana Foundation.<\/p>\n<p>O evento continua com discuss\u00f5es sobre \u201cO impacto do Drex no desenvolvimento de novos modelos de neg\u00f3cio\u201d, no Painel 3, com Fabio Ara\u00fajo, do Banco Central; e a \u201cRegulamenta\u00e7\u00e3o em pauta: o que de fato esperar\u201d, no Painel 4, que contar\u00e1 com a participa\u00e7\u00e3o de nomes de peso como o deputado federal Lafayette de Andrada; o juiz de Direito do Tribunal de Justi\u00e7a do Estado de Roraima Esdras Benchimol, o advogado especialista em blockchain, Art\u00eamio Pican\u00e7o, que atuou no conhecido caso do \u2018Fara\u00f3 dos Bitcoins\u2019 e det\u00e9m hoje uma das maiores cartelas de clientes do pa\u00eds em processos que envolvem golpes financeiros dessa natureza; e a CEO do N\u00facleo de Direito Digital Presidente Comiss\u00e3o IA e Inova\u00e7\u00e3o do Instituto dos Advogados Brasileiros, Ana Amelia Barreto. O \u00faltimo painel ser\u00e1 a apresenta\u00e7\u00e3o de cases de startups de sucesso na Web3.<\/p>\n<p>O evento n\u00e3o \u00e9 apenas uma oportunidade para adquirir conhecimento de ponta, o Angel 3.0 tamb\u00e9m oferece uma plataforma \u00fanica para estabelecer conex\u00f5es valiosas com outros investidores e especialistas. Se voc\u00ea est\u00e1 interessado em explorar o potencial do mercado da Web3 e fazer parte de uma comunidade em r\u00e1pida expans\u00e3o, o Angel 3.0 \u00e9 o lugar certo para estar. Prepare-se para desvendar o futuro da Web3 e impulsionar seu investimento nesta emocionante nova era tecnol\u00f3gica.<\/p>\n<p>&nbsp;<\/p>\n<p><img loading=\"lazy\" decoding=\"async\" class=\"alignnone size-full wp-image-344\" src=\"https:\/\/blogs.correiobraziliense.com.br\/blog-tecnologia-tony-ventura\/wp-content\/uploads\/sites\/50\/2024\/03\/083DCDC0-7CAE-4068-A738-CF87E142E8B9.jpeg\" alt=\"\" width=\"741\" height=\"414\" srcset=\"https:\/\/blogs.correiobraziliense.com.br\/blog-tecnologia-tony-ventura\/wp-content\/uploads\/sites\/50\/2024\/03\/083DCDC0-7CAE-4068-A738-CF87E142E8B9.jpeg 741w, https:\/\/blogs.correiobraziliense.com.br\/blog-tecnologia-tony-ventura\/wp-content\/uploads\/sites\/50\/2024\/03\/083DCDC0-7CAE-4068-A738-CF87E142E8B9-300x168.jpeg 300w, https:\/\/blogs.correiobraziliense.com.br\/blog-tecnologia-tony-ventura\/wp-content\/uploads\/sites\/50\/2024\/03\/083DCDC0-7CAE-4068-A738-CF87E142E8B9-550x307.jpeg 550w, https:\/\/blogs.correiobraziliense.com.br\/blog-tecnologia-tony-ventura\/wp-content\/uploads\/sites\/50\/2024\/03\/083DCDC0-7CAE-4068-A738-CF87E142E8B9-230x129.jpeg 230w\" sizes=\"auto, (max-width: 741px) 100vw, 741px\" \/><\/p>\n<p>Innova Summit 2024:<\/p>\n<p>Prepare-se para o evento mais aguardado do ano em Bras\u00edlia! O Innova Summit 2024 est\u00e1 chegando \u00e0 capital brasileira nos dias 12, 13 e 14 de junho no Centro de Conven\u00e7\u00f5es Ulisses Guimar\u00e3es, prometendo ser uma das maiores confer\u00eancias de inova\u00e7\u00e3o e oportunidades de neg\u00f3cios da Am\u00e9rica Latina. Com uma estimativa de atrair 30 mil participantes, incluindo 150 startups e mais de 40 mil leads qualificados, este evento \u00e9 uma oportunidade imperd\u00edvel para conectar-se com os l\u00edderes do setor e impulsionar sua empresa. O an\u00fancio oficial foi feito durante uma cerim\u00f4nia especial no centro H\u00edpica Hall, trazendo consigo a expectativa de gerar mais de R$ 150 milh\u00f5es em neg\u00f3cios. N\u00e3o perca a chance de fazer parte desta experi\u00eancia inovadora e transformadora!<\/p>\n<div class=\"flex flex-grow flex-col max-w-full\">\n<div class=\"min-h-[20px] text-message flex flex-col items-start gap-3 whitespace-pre-wrap break-words [.text-message+&amp;]:mt-5 overflow-x-auto\">\n<div class=\"markdown prose w-full break-words dark:prose-invert light\">\n<p>&#8220;Inclus\u00e3o 5.0 &#8211; Um Mundo Novo para Todos&#8221;. Eduardo Moreira, presidente do Instituto Conecta Brasil, assegura que esta 4\u00aa edi\u00e7\u00e3o oferecer\u00e1 uma experi\u00eancia \u00fanica e cativante para os participantes, mantendo a entrada gratuita. Com uma abordagem centrada em cinco pilares essenciais &#8211; Inova\u00e7\u00e3o \u00c1gil, Empreendedorismo Disruptivo, Sustentabilidade 360\u00ba, Gera\u00e7\u00e3o de Neg\u00f3cios e Diversidade Inclusiva &#8211; o evento visa impulsionar a transforma\u00e7\u00e3o e a colabora\u00e7\u00e3o no ecossistema de inova\u00e7\u00e3o. O Secret\u00e1rio de Ci\u00eancia e Tecnologia, Leonardo Reisman, destaca o Innova Summit como um catalisador fundamental para o desenvolvimento do setor. Ele enfatiza seu papel crucial na forma\u00e7\u00e3o de comunidades e na promo\u00e7\u00e3o da economia criativa, al\u00e9m de consolidar Bras\u00edlia como um hub de inova\u00e7\u00e3o de destaque na Am\u00e9rica Latina. Prepare-se para uma jornada inspiradora e revolucion\u00e1ria no Innova Summit 2024!<\/p>\n<\/div>\n<\/div>\n<\/div>\n<div class=\"flex-1 overflow-hidden\">\n<div class=\"react-scroll-to-bottom--css-lgyex-79elbk h-full\">\n<div class=\"react-scroll-to-bottom--css-lgyex-1n7m0yu\">\n<div class=\"flex flex-col text-sm pb-9\">\n<div class=\"w-full text-token-text-primary\">\n<div class=\"px-4 py-2 justify-center text-base md:gap-6 m-auto\">\n<div class=\"flex flex-1 text-base mx-auto gap-3 md:px-5 lg:px-1 xl:px-5 md:max-w-3xl lg:max-w-[40rem] xl:max-w-[48rem] group final-completion\">\n<div class=\"relative flex w-full flex-col agent-turn\">\n<div class=\"flex-col gap-1 md:gap-3\">\n<div class=\"flex flex-grow flex-col max-w-full\">\n<div class=\"min-h-[20px] text-message flex flex-col items-start gap-3 whitespace-pre-wrap break-words [.text-message+&amp;]:mt-5 overflow-x-auto\">\n<div class=\"markdown prose w-full break-words dark:prose-invert light\">\n<p>&nbsp;<\/p>\n<\/div>\n<p><img loading=\"lazy\" decoding=\"async\" class=\"alignnone wp-image-346\" src=\"https:\/\/blogs.correiobraziliense.com.br\/blog-tecnologia-tony-ventura\/wp-content\/uploads\/sites\/50\/2024\/03\/Screenshot_2.png\" alt=\"\" width=\"756\" height=\"390\" srcset=\"https:\/\/blogs.correiobraziliense.com.br\/blog-tecnologia-tony-ventura\/wp-content\/uploads\/sites\/50\/2024\/03\/Screenshot_2.png 1579w, https:\/\/blogs.correiobraziliense.com.br\/blog-tecnologia-tony-ventura\/wp-content\/uploads\/sites\/50\/2024\/03\/Screenshot_2-300x155.png 300w, https:\/\/blogs.correiobraziliense.com.br\/blog-tecnologia-tony-ventura\/wp-content\/uploads\/sites\/50\/2024\/03\/Screenshot_2-768x396.png 768w, https:\/\/blogs.correiobraziliense.com.br\/blog-tecnologia-tony-ventura\/wp-content\/uploads\/sites\/50\/2024\/03\/Screenshot_2-1024x528.png 1024w, https:\/\/blogs.correiobraziliense.com.br\/blog-tecnologia-tony-ventura\/wp-content\/uploads\/sites\/50\/2024\/03\/Screenshot_2-1440x742.png 1440w, https:\/\/blogs.correiobraziliense.com.br\/blog-tecnologia-tony-ventura\/wp-content\/uploads\/sites\/50\/2024\/03\/Screenshot_2-800x412.png 800w, https:\/\/blogs.correiobraziliense.com.br\/blog-tecnologia-tony-ventura\/wp-content\/uploads\/sites\/50\/2024\/03\/Screenshot_2-550x284.png 550w, https:\/\/blogs.correiobraziliense.com.br\/blog-tecnologia-tony-ventura\/wp-content\/uploads\/sites\/50\/2024\/03\/Screenshot_2-230x119.png 230w\" sizes=\"auto, (max-width: 756px) 100vw, 756px\" \/><\/p>\n<\/div>\n<\/div>\n<\/div>\n<\/div>\n<\/div>\n<\/div>\n<\/div>\n<\/div>\n<\/div>\n<\/div>\n<\/div>\n<div class=\"w-full pt-2 md:pt-0 dark:border-white\/20 md:border-transparent md:dark:border-transparent md:w-[calc(100%-.5rem)]\">\n<form class=\"stretch mx-2 flex flex-row gap-3 last:mb-2 md:mx-4 md:last:mb-6 lg:mx-auto lg:max-w-2xl xl:max-w-3xl\">\n<div class=\"flex w-full items-center\">CSBC 2024 &#8211;\u00a0<span class=\"home_tema_l1\">Congresso da Sociedade Brasileira de Computa\u00e7\u00e3o<\/span><\/div>\n<div>\n<p>A Sociedade Brasileira de Computa\u00e7\u00e3o (SBC) \u00e9 uma institui\u00e7\u00e3o cient\u00edfica sem fins lucrativos, estabelecida em julho de 1978, que congrega uma ampla gama de membros, incluindo estudantes, professores, profissionais, pesquisadores e entusiastas da \u00e1rea de Computa\u00e7\u00e3o e Inform\u00e1tica em todo o pa\u00eds.A miss\u00e3o da SBC \u00e9 promover o acesso \u00e0 informa\u00e7\u00e3o e \u00e0 cultura por meio da inform\u00e1tica, al\u00e9m de impulsionar a inclus\u00e3o digital e incentivar tanto a pesquisa quanto o ensino em computa\u00e7\u00e3o no Brasil. A organiza\u00e7\u00e3o tamb\u00e9m se compromete em contribuir para a forma\u00e7\u00e3o de profissionais da computa\u00e7\u00e3o com um forte senso de responsabilidade social.<\/p>\n<p>Em 2024, a 44\u00aa edi\u00e7\u00e3o do Congresso da SBC ser\u00e1 sediada em Bras\u00edlia, DF, sob o tema &#8220;Deserto Digital: O Mundo Desconectado e N\u00e3o Visto&#8221;. Este congresso, conhecido como CSBC, \u00e9 o maior evento de computa\u00e7\u00e3o e tecnologia da informa\u00e7\u00e3o da Am\u00e9rica Latina. A cada ano, o CSBC re\u00fane milhares de participantes, entre professores, alunos e profissionais do Brasil e do exterior, para apresentar e discutir os mais recentes avan\u00e7os educacionais, cient\u00edficos e tecnol\u00f3gicos nas diversas \u00e1reas da Computa\u00e7\u00e3o.A reputa\u00e7\u00e3o excepcional do CSBC \u00e9 atribu\u00edda \u00e0 dedica\u00e7\u00e3o e seriedade dos membros dos comit\u00eas de organiza\u00e7\u00e3o, dire\u00e7\u00e3o e programa, ao longo dos anos. A diversidade e a amplitude das atividades propostas durante o congresso tornam-no o principal ponto de encontro da comunidade de computa\u00e7\u00e3o brasileira e latino-americana.<\/p>\n<\/div>\n<\/form>\n<\/div>\n","protected":false},"excerpt":{"rendered":"<p>Web3 &#8211; Angel 3.0: Este evento de imers\u00e3o tecnol\u00f3gica, agendado para o dia 20 de mar\u00e7o no espa\u00e7o BRBLAB do Centro de Inova\u00e7\u00e3o Tecnol\u00f3gica na Granja do Torto, \u00e9 um marco para aqueles que buscam compreender e ingressar no emergente ecossistema das empresas Web3. Com uma programa\u00e7\u00e3o repleta de palestrantes renomados, pain\u00e9is informativos e oportunidades de networking, o Angel 3.0 [&hellip;]<\/p>\n","protected":false},"author":109,"featured_media":0,"comment_status":"open","ping_status":"open","sticky":false,"template":"","format":"standard","meta":{"footnotes":""},"categories":[1],"tags":[],"class_list":["post-343","post","type-post","status-publish","format-standard","hentry","category-sem-categoria"],"_links":{"self":[{"href":"https:\/\/blogs.correiobraziliense.com.br\/blog-tecnologia-tony-ventura\/wp-json\/wp\/v2\/posts\/343","targetHints":{"allow":["GET"]}}],"collection":[{"href":"https:\/\/blogs.correiobraziliense.com.br\/blog-tecnologia-tony-ventura\/wp-json\/wp\/v2\/posts"}],"about":[{"href":"https:\/\/blogs.correiobraziliense.com.br\/blog-tecnologia-tony-ventura\/wp-json\/wp\/v2\/types\/post"}],"author":[{"embeddable":true,"href":"https:\/\/blogs.correiobraziliense.com.br\/blog-tecnologia-tony-ventura\/wp-json\/wp\/v2\/users\/109"}],"replies":[{"embeddable":true,"href":"https:\/\/blogs.correiobraziliense.com.br\/blog-tecnologia-tony-ventura\/wp-json\/wp\/v2\/comments?post=343"}],"version-history":[{"count":5,"href":"https:\/\/blogs.correiobraziliense.com.br\/blog-tecnologia-tony-ventura\/wp-json\/wp\/v2\/posts\/343\/revisions"}],"predecessor-version":[{"id":351,"href":"https:\/\/blogs.correiobraziliense.com.br\/blog-tecnologia-tony-ventura\/wp-json\/wp\/v2\/posts\/343\/revisions\/351"}],"wp:attachment":[{"href":"https:\/\/blogs.correiobraziliense.com.br\/blog-tecnologia-tony-ventura\/wp-json\/wp\/v2\/media?parent=343"}],"wp:term":[{"taxonomy":"category","embeddable":true,"href":"https:\/\/blogs.correiobraziliense.com.br\/blog-tecnologia-tony-ventura\/wp-json\/wp\/v2\/categories?post=343"},{"taxonomy":"post_tag","embeddable":true,"href":"https:\/\/blogs.correiobraziliense.com.br\/blog-tecnologia-tony-ventura\/wp-json\/wp\/v2\/tags?post=343"}],"curies":[{"name":"wp","href":"https:\/\/api.w.org\/{rel}","templated":true}]}}