{"id":311,"date":"2022-01-14T20:57:22","date_gmt":"2022-01-14T23:57:22","guid":{"rendered":"https:\/\/blogs.correiobraziliense.com.br\/blog-tecnologia-tony-ventura\/?p=311"},"modified":"2022-01-14T20:57:22","modified_gmt":"2022-01-14T23:57:22","slug":"ces-las-vegas-carro-que-muda-de-cor-bmw","status":"publish","type":"post","link":"https:\/\/blogs.correiobraziliense.com.br\/blog-tecnologia-tony-ventura\/ces-las-vegas-carro-que-muda-de-cor-bmw\/","title":{"rendered":"CES LAS VEGAS &#8211; Carro que muda de cor BMW"},"content":{"rendered":"<p>A CES \u00e9 a maior feira de tecnologia do mundo e apresentou essa fant\u00e1stica inova\u00e7\u00e3o da BMW. Um carro que muda de cor da marca BMW. Eles usam um plastico duro, similar ao do Kindle, aparelho que usamos para ler livros digitais.<\/p>\n<p>Eu, Tony Ventura especialista em tecnologia fui conferir na feira essa inovacao e fiz um v\u00eddeo do carro<\/p>\n<p>&nbsp;<\/p>\n<p>Confira<\/p>\n<p>&nbsp;<\/p>\n<p><iframe loading=\"lazy\" width=\"1440\" height=\"810\" src=\"https:\/\/www.youtube.com\/embed\/yUF2I8wg8Fs?feature=oembed\" frameborder=\"0\" allow=\"accelerometer; autoplay; clipboard-write; encrypted-media; gyroscope; picture-in-picture\" allowfullscreen><\/iframe><\/p>\n","protected":false},"excerpt":{"rendered":"<p>A CES \u00e9 a maior feira de tecnologia do mundo e apresentou essa fant\u00e1stica inova\u00e7\u00e3o da BMW. Um carro que muda de cor da marca BMW. Eles usam um plastico duro, similar ao do Kindle, aparelho que usamos para ler livros digitais. Eu, Tony Ventura especialista em tecnologia fui conferir na feira essa inovacao e fiz um v\u00eddeo do carro [&hellip;]<\/p>\n","protected":false},"author":109,"featured_media":0,"comment_status":"open","ping_status":"open","sticky":false,"template":"","format":"standard","meta":{"footnotes":""},"categories":[73],"tags":[102,101,16,20,17,3],"class_list":["post-311","post","type-post","status-publish","format-standard","hentry","category-ces-las-vegas","tag-bmw","tag-carro-que-muda-de-cor","tag-ces-las-vegas","tag-especialista-em-tecnologia","tag-feira-de-tecnologia","tag-tony-ventura"],"_links":{"self":[{"href":"https:\/\/blogs.correiobraziliense.com.br\/blog-tecnologia-tony-ventura\/wp-json\/wp\/v2\/posts\/311","targetHints":{"allow":["GET"]}}],"collection":[{"href":"https:\/\/blogs.correiobraziliense.com.br\/blog-tecnologia-tony-ventura\/wp-json\/wp\/v2\/posts"}],"about":[{"href":"https:\/\/blogs.correiobraziliense.com.br\/blog-tecnologia-tony-ventura\/wp-json\/wp\/v2\/types\/post"}],"author":[{"embeddable":true,"href":"https:\/\/blogs.correiobraziliense.com.br\/blog-tecnologia-tony-ventura\/wp-json\/wp\/v2\/users\/109"}],"replies":[{"embeddable":true,"href":"https:\/\/blogs.correiobraziliense.com.br\/blog-tecnologia-tony-ventura\/wp-json\/wp\/v2\/comments?post=311"}],"version-history":[{"count":1,"href":"https:\/\/blogs.correiobraziliense.com.br\/blog-tecnologia-tony-ventura\/wp-json\/wp\/v2\/posts\/311\/revisions"}],"predecessor-version":[{"id":313,"href":"https:\/\/blogs.correiobraziliense.com.br\/blog-tecnologia-tony-ventura\/wp-json\/wp\/v2\/posts\/311\/revisions\/313"}],"wp:attachment":[{"href":"https:\/\/blogs.correiobraziliense.com.br\/blog-tecnologia-tony-ventura\/wp-json\/wp\/v2\/media?parent=311"}],"wp:term":[{"taxonomy":"category","embeddable":true,"href":"https:\/\/blogs.correiobraziliense.com.br\/blog-tecnologia-tony-ventura\/wp-json\/wp\/v2\/categories?post=311"},{"taxonomy":"post_tag","embeddable":true,"href":"https:\/\/blogs.correiobraziliense.com.br\/blog-tecnologia-tony-ventura\/wp-json\/wp\/v2\/tags?post=311"}],"curies":[{"name":"wp","href":"https:\/\/api.w.org\/{rel}","templated":true}]}}