{"id":145,"date":"2019-03-10T11:47:45","date_gmt":"2019-03-10T14:47:45","guid":{"rendered":"https:\/\/blogs.correiobraziliense.com.br\/blog-tecnologia-tony-ventura\/?p=145"},"modified":"2019-03-10T11:49:28","modified_gmt":"2019-03-10T14:49:28","slug":"essa-tecnologia-estara-no-proximo-iphone-one-plus-6t","status":"publish","type":"post","link":"https:\/\/blogs.correiobraziliense.com.br\/blog-tecnologia-tony-ventura\/essa-tecnologia-estara-no-proximo-iphone-one-plus-6t\/","title":{"rendered":"Essa Tecnologia estar\u00e1 no pr\u00f3ximo Iphone! One Plus 6T"},"content":{"rendered":"<p>Sim, o Face ID (desbloqueio do Iphone usando seu rosto) foi o maior tiro no p\u00e9 da hist\u00f3ria.<\/p>\n<p>O ideal era ter mantido a digital junto com o FaceID. Quem gosta de acordar de madrugada e receber uma forte luz no rosto para desbloquear o celular? Digitar a senha as 3 AM tamb\u00e9m n\u00e3o \u00e9 uma boa op\u00e7\u00e3o.<\/p>\n<p>O celular lan\u00e7ado no final do ano passado, one plus 6T, foi um dos primeiros do mundo a implementar a tecnologia que desbloqueia o celular usando a digital na pr\u00f3pria tela.<\/p>\n<p>Tudo indica que o novo Iphone 2019\u00a0\/ 2020 implementar\u00e1 essa nova tecnologia.<\/p>\n<p>&nbsp;<\/p>\n<p>Veja o v\u00eddeo de 1 minutos que fiz<\/p>\n<p>&nbsp;<\/p>\n<p><iframe loading=\"lazy\" width=\"1440\" height=\"810\" src=\"https:\/\/www.youtube.com\/embed\/SvTp3aQlSwA?feature=oembed\" frameborder=\"0\" allow=\"accelerometer; autoplay; encrypted-media; gyroscope; picture-in-picture\" allowfullscreen><\/iframe><\/p>\n<p>&nbsp;<\/p>\n<p>E a\u00ed Apple, vamos inovar mais um pouco?<\/p>\n<p>&nbsp;<\/p>\n<p>Tony Ventura<\/p>\n<p>Especialista em Tecnologia<\/p>\n","protected":false},"excerpt":{"rendered":"<p>Sim, o Face ID (desbloqueio do Iphone usando seu rosto) foi o maior tiro no p\u00e9 da hist\u00f3ria. O ideal era ter mantido a digital junto com o FaceID. Quem gosta de acordar de madrugada e receber uma forte luz no rosto para desbloquear o celular? Digitar a senha as 3 AM tamb\u00e9m n\u00e3o \u00e9 uma boa op\u00e7\u00e3o. O celular [&hellip;]<\/p>\n","protected":false},"author":109,"featured_media":0,"comment_status":"open","ping_status":"open","sticky":false,"template":"","format":"standard","meta":{"footnotes":""},"categories":[1],"tags":[38,39,20,37,7,36,3],"class_list":["post-145","post","type-post","status-publish","format-standard","hentry","category-sem-categoria","tag-apple","tag-celular-apple","tag-especialista-em-tecnologia","tag-iphone","tag-novas-tecnologias","tag-one-plus-6t","tag-tony-ventura"],"_links":{"self":[{"href":"https:\/\/blogs.correiobraziliense.com.br\/blog-tecnologia-tony-ventura\/wp-json\/wp\/v2\/posts\/145","targetHints":{"allow":["GET"]}}],"collection":[{"href":"https:\/\/blogs.correiobraziliense.com.br\/blog-tecnologia-tony-ventura\/wp-json\/wp\/v2\/posts"}],"about":[{"href":"https:\/\/blogs.correiobraziliense.com.br\/blog-tecnologia-tony-ventura\/wp-json\/wp\/v2\/types\/post"}],"author":[{"embeddable":true,"href":"https:\/\/blogs.correiobraziliense.com.br\/blog-tecnologia-tony-ventura\/wp-json\/wp\/v2\/users\/109"}],"replies":[{"embeddable":true,"href":"https:\/\/blogs.correiobraziliense.com.br\/blog-tecnologia-tony-ventura\/wp-json\/wp\/v2\/comments?post=145"}],"version-history":[{"count":3,"href":"https:\/\/blogs.correiobraziliense.com.br\/blog-tecnologia-tony-ventura\/wp-json\/wp\/v2\/posts\/145\/revisions"}],"predecessor-version":[{"id":149,"href":"https:\/\/blogs.correiobraziliense.com.br\/blog-tecnologia-tony-ventura\/wp-json\/wp\/v2\/posts\/145\/revisions\/149"}],"wp:attachment":[{"href":"https:\/\/blogs.correiobraziliense.com.br\/blog-tecnologia-tony-ventura\/wp-json\/wp\/v2\/media?parent=145"}],"wp:term":[{"taxonomy":"category","embeddable":true,"href":"https:\/\/blogs.correiobraziliense.com.br\/blog-tecnologia-tony-ventura\/wp-json\/wp\/v2\/categories?post=145"},{"taxonomy":"post_tag","embeddable":true,"href":"https:\/\/blogs.correiobraziliense.com.br\/blog-tecnologia-tony-ventura\/wp-json\/wp\/v2\/tags?post=145"}],"curies":[{"name":"wp","href":"https:\/\/api.w.org\/{rel}","templated":true}]}}