{"id":11697,"date":"2026-09-04T08:55:19","date_gmt":"2026-09-04T11:55:19","guid":{"rendered":"https:\/\/blogs.correiobraziliense.com.br\/azedo\/?p=11697"},"modified":"2026-09-04T08:55:20","modified_gmt":"2026-09-04T11:55:20","slug":"os-irmaos-cara-de-pau-o-supremo-e-a-agenda-de-lula-no-congresso","status":"publish","type":"post","link":"https:\/\/blogs.correiobraziliense.com.br\/azedo\/os-irmaos-cara-de-pau-o-supremo-e-a-agenda-de-lula-no-congresso\/","title":{"rendered":"Os Irm\u00e3os Cara de Pau, o Supremo e a agenda de Lula no Congresso"},"content":{"rendered":"\n<p class=\"wp-block-paragraph\"><strong><em>A tens\u00e3o deixou de envolver apenas dois ministros: as grava\u00e7\u00f5es arrastaram para o centro do palco o STF, a PGR e a pr\u00f3pria PF<\/em><\/strong><br><br>Cenas antol\u00f3gicas de &#8220;Os Irm\u00e3os Cara de Pau (The Blues Brothers)&#8221;, com\u00e9dia musical dirigida por John Landis em 1980, parecem ter sido filmadas para servir de met\u00e1fora \u00e0 atual crise pol\u00edtica brasileira. Jake e Elwood Blues, interpretados por John Belushi e Dan Aykroyd, respectivamente, re\u00fanem uma antiga banda para levantar o dinheiro necess\u00e1rio \u00e0 salva\u00e7\u00e3o do orfanato cat\u00f3lico onde foram criados. Acreditam estar numa &#8220;miss\u00e3o divina&#8221;, embora sejam perseguidos pela pol\u00edcia, por neonazistas, por uma ex-noiva vingativa e por uma banda de m\u00fasica country.<br><br>No Bob&#8217;s Country Bunker, os m\u00fasicos sobem ao palco protegidos por uma tela de arame, atr\u00e1s da qual continuam tocando enquanto garrafas s\u00e3o atiradas pela plateia. Mais tarde, no grande concerto do Palace Hotel Ballroom, o espet\u00e1culo prossegue em meio \u00e0 presen\u00e7a de policiais, rivais e advers\u00e1rios dispostos a capturar os irm\u00e3os. A confus\u00e3o toma conta do sal\u00e3o, mas a banda n\u00e3o interrompe a m\u00fasica. O repert\u00f3rio se adapta \u00e0s circunst\u00e2ncias, o ritmo \u00e9 mantido e o p\u00fablico dan\u00e7a em meio ao caos.<br><br>\u00c9 mais ou menos o que est\u00e1 acontecendo no Congresso. Enquanto o Supremo Tribunal Federal mergulha numa crise sem precedentes por causa das revela\u00e7\u00f5es do Caso Master, C\u00e2mara e Senado tentam manter a m\u00fasica tocando. A orquestra parlamentar executa uma pauta negociada pelo presidente Luiz In\u00e1cio Lula da Silva com os presidentes da C\u00e2mara, Hugo Motta (Republicanos-PB), e do Senado, Davi Alcolumbre (Uni\u00e3o-AP) que \u00e9 pura m\u00fasica para os eleitores: a chamada &#8220;taxa das blusinhas&#8221;, al\u00e9m do fim da escala 6 x 1.<br><br>Do outro lado da Pra\u00e7a dos Tr\u00eas Poderes, por\u00e9m, voam garrafas e cadeiras. O ministro Andr\u00e9 Mendon\u00e7a retirou o sigilo de um relat\u00f3rio da Pol\u00edcia Federal (PF) que re\u00fane mensagens extra\u00eddas do celular do ex-banqueiro Daniel Vorcaro. Segundo a investiga\u00e7\u00e3o, elas teriam sido trocadas com o ministro Alexandre de Moraes em momentos cr\u00edticos das apura\u00e7\u00f5es sobre o Master. Os registros mencionam o procurador-geral da Rep\u00fablica, Paulo Gonet, e o diretor-geral da PF, Andrei Rodrigues, e sugerem tentativas do ex-baqueiro de obter informa\u00e7\u00f5es ou prote\u00e7\u00e3o diante do avan\u00e7o das investiga\u00e7\u00f5es.<br><br>Moraes reagiu e questiona Mendon\u00e7a por permitir uma apura\u00e7\u00e3o capaz de atingi-lo sem autoriza\u00e7\u00e3o pr\u00e9via do Plen\u00e1rio. Mendon\u00e7a, por sua vez, pediu que a Corte analisasse publicamente o caso. Gonet entrou na disputa para sustentar que o relator n\u00e3o tinha compet\u00eancia para investigar um colega do Supremo e pediu a anula\u00e7\u00e3o dos elementos relacionados a Moraes. A tens\u00e3o deixou de envolver apenas dois ministros: as grava\u00e7\u00f5es arrastaram para o centro do palco o STF, a PGR e a pr\u00f3pria PF. O presidente da Corte, Edson Fachin, parece perdido diante de uma crise sem precedentes no Supremo.<\/p>\n\n\n\n<p class=\"wp-block-paragraph\"><em>Leia tamb\u00e9m:<\/em><strong><a href=\"https:\/\/www.correiobraziliense.com.br\/politica\/2026\/09\/7493713-moraes-acusa-mendonca-de-crime-de-responsabilidade.html\"> Moraes acusa Mendon\u00e7a de crime de responsabilidade<\/a><\/strong><br><br>Mensagens, encontros e rela\u00e7\u00f5es pessoais precisam ser examinados no devido processo legal. Entretanto, a tentativa de anular as provas antes do esclarecimento completo dos fatos, em vez de dissipar, amplia  as suspeitas. A Corte que exigiu transpar\u00eancia e rigor quando investigou pol\u00edticos, empres\u00e1rios, militares e manifestantes ser\u00e1 capaz de adotar os mesmos crit\u00e9rios quando as d\u00favidas alcan\u00e7am seus integrantes? Esse \u00e9 a quest\u00e3o.<br><br><strong>Segue o baile<br><\/strong><br>\u00c9 inevit\u00e1vel a politiza\u00e7\u00e3o do epis\u00f3dio. Candidatos de oposi\u00e7\u00e3o passaram a exigir o afastamento de Moraes, enquanto aliados do governo cobram a retirada integral do sigilo da investiga\u00e7\u00e3o. A eventual colabora\u00e7\u00e3o premiada de Vorcaro \u2014 ainda dependente de negocia\u00e7\u00e3o, formaliza\u00e7\u00e3o e homologa\u00e7\u00e3o \u2014 assombra autoridades de diferentes Poderes e partidos. O banqueiro construiu uma rede de rela\u00e7\u00f5es que atravessava fronteiras ideol\u00f3gicas. Por isso, quase todos t\u00eam interesse em descobrir o que ele sabe, mas muitos n\u00e3o querem que seja divulgado.<br><br>\u00c9 nesse ambiente que o Congresso atua como a orquestra que toca freneticamente durante o conflito generalizado. A C\u00e2mara e o Senado aprovaram a toque de caixa o fim da chamada &#8220;taxa das blusinhas&#8221;, imposto federal de 20% sobre compras internacionais de at\u00e9 US$ 50. O texto preserva a cobran\u00e7a do ICMS pelos estados e estabelece avalia\u00e7\u00f5es peri\u00f3dicas dos efeitos da isen\u00e7\u00e3o sobre emprego, arrecada\u00e7\u00e3o, com\u00e9rcio e ind\u00fastria nacionais. \u00c9 uma medida de forte apelo popular, principalmente entre consumidores de baixa renda.<\/p>\n\n\n\n<p class=\"wp-block-paragraph\"><em>Leia mais:<\/em> <strong><a href=\"https:\/\/www.correiobraziliense.com.br\/politica\/2026\/09\/7493368-camara-aprova-fim-da-taxa-das-blusinhas-texto-segue-para-o-senado.html\">C\u00e2mara aprova fim da &#8220;taxa das blusinhas&#8221;; texto segue para o Senado<\/a><\/strong><br><br>A pauta avan\u00e7ou gra\u00e7as a um acordo de Lula com Motta e Alcolumbre. O governo revogou uma taxa que ele pr\u00f3prio havia criado, mas pretende apresentar a decis\u00e3o como demonstra\u00e7\u00e3o de sensibilidade social. O que importa \u00e9 o consumidor voltar a comprar produtos baratos no exterior sem o imposto federal.<br><br>Entretanto, o fim da escala 6 x 1 est\u00e1 a meio caminho. A proposta reduz gradualmente a jornada semanal de 44 para 40 horas, assegura dois dias de descanso e pro\u00edbe a redu\u00e7\u00e3o salarial. O tema enfrenta obje\u00e7\u00f5es empresariais e da oposi\u00e7\u00e3o, que alertam para o aumento dos custos de contrata\u00e7\u00e3o, sobretudo no com\u00e9rcio, na gastronomia, na sa\u00fade, na log\u00edstica e nos servi\u00e7os de funcionamento cont\u00ednuo.<br><br>Para contornar essas resist\u00eancias, o MDB prop\u00f4s uma PEC paralela com transi\u00e7\u00e3o gradual, negocia\u00e7\u00e3o coletiva, amplia\u00e7\u00e3o do banco de horas e mecanismos de compensa\u00e7\u00e3o. Mesmo assim, a aprova\u00e7\u00e3o da proposta na Comiss\u00e3o de Constitui\u00e7\u00e3o e Justi\u00e7a (CCJ) representa uma vit\u00f3ria de Lula. \u00c0s v\u00e9speras da elei\u00e7\u00e3o, poucos parlamentares desejam explicar aos eleitores por que votaram contra mais tempo de descanso para os trabalhadores.<\/p>\n\n\n\n<p class=\"wp-block-paragraph\">Vale a pena ler de novo:<\/p>\n\n\n\n<p class=\"wp-block-paragraph\"><strong><a href=\"https:\/\/blogs.correiobraziliense.com.br\/azedo\/o-conto-noir-o-detetive-durao-os-negocios-da-politica-e-o-caso-master\/\">O conto noir, o detetive dur\u00e3o, os neg\u00f3cios da pol\u00edtica e o caso Master<\/a><\/strong><\/p>\n\n\n\n<p class=\"wp-block-paragraph\"><strong><a href=\"https:\/\/blogs.correiobraziliense.com.br\/azedo\/lula-dobra-aposta-na-economia-do-afeto-e-na-alianca-com-alcolumbre-e-motta\/\">Lula dobra aposta na economia do afeto e na alian\u00e7a com Alcolumbre e Motta<\/a><\/strong><\/p>\n\n\n\n<p class=\"wp-block-paragraph\"><strong>Nas entrelinhas<\/strong><em>: todas as colunas no<\/em>\u00a0<a href=\"https:\/\/blogs.correiobraziliense.com.br\/azedo\/\"><strong>Blog do Azedo<\/strong><\/a><\/p>\n\n\n\n<p class=\"wp-block-paragraph\"><\/p>\n","protected":false},"excerpt":{"rendered":"<p>A tens\u00e3o deixou de envolver apenas dois ministros: as grava\u00e7\u00f5es arrastaram para o centro do palco o STF, a PGR e a pr\u00f3pria PF Cenas antol\u00f3gicas de &#8220;Os Irm\u00e3os Cara de Pau (The Blues Brothers)&#8221;, com\u00e9dia musical dirigida por John Landis em 1980, parecem ter sido filmadas para servir de met\u00e1fora \u00e0 atual crise pol\u00edtica brasileira. Jake e Elwood Blues, [&hellip;]<\/p>\n","protected":false},"author":39,"featured_media":11702,"comment_status":"open","ping_status":"closed","sticky":false,"template":"","format":"standard","meta":{"footnotes":""},"categories":[1223,677,6,46,371,4,485,7,92,972,8,3],"tags":[2205,307,2204,77,2054,973,2216,1809,79],"class_list":["post-11697","post","type-post","status-publish","format-standard","has-post-thumbnail","hentry","category-brasilia","category-comunicacao","category-congresso","category-eleicoes","category-etica","category-governo","category-imposto","category-justica","category-literatura","category-memoria","category-partidos","category-politica","tag-6-x-1","tag-alcolumbre","tag-blusinha","tag-congresso","tag-master","tag-mendonca","tag-mo0raes","tag-motta","tag-supremo"],"_links":{"self":[{"href":"https:\/\/blogs.correiobraziliense.com.br\/azedo\/wp-json\/wp\/v2\/posts\/11697","targetHints":{"allow":["GET"]}}],"collection":[{"href":"https:\/\/blogs.correiobraziliense.com.br\/azedo\/wp-json\/wp\/v2\/posts"}],"about":[{"href":"https:\/\/blogs.correiobraziliense.com.br\/azedo\/wp-json\/wp\/v2\/types\/post"}],"author":[{"embeddable":true,"href":"https:\/\/blogs.correiobraziliense.com.br\/azedo\/wp-json\/wp\/v2\/users\/39"}],"replies":[{"embeddable":true,"href":"https:\/\/blogs.correiobraziliense.com.br\/azedo\/wp-json\/wp\/v2\/comments?post=11697"}],"version-history":[{"count":2,"href":"https:\/\/blogs.correiobraziliense.com.br\/azedo\/wp-json\/wp\/v2\/posts\/11697\/revisions"}],"predecessor-version":[{"id":11703,"href":"https:\/\/blogs.correiobraziliense.com.br\/azedo\/wp-json\/wp\/v2\/posts\/11697\/revisions\/11703"}],"wp:featuredmedia":[{"embeddable":true,"href":"https:\/\/blogs.correiobraziliense.com.br\/azedo\/wp-json\/wp\/v2\/media\/11702"}],"wp:attachment":[{"href":"https:\/\/blogs.correiobraziliense.com.br\/azedo\/wp-json\/wp\/v2\/media?parent=11697"}],"wp:term":[{"taxonomy":"category","embeddable":true,"href":"https:\/\/blogs.correiobraziliense.com.br\/azedo\/wp-json\/wp\/v2\/categories?post=11697"},{"taxonomy":"post_tag","embeddable":true,"href":"https:\/\/blogs.correiobraziliense.com.br\/azedo\/wp-json\/wp\/v2\/tags?post=11697"}],"curies":[{"name":"wp","href":"https:\/\/api.w.org\/{rel}","templated":true}]}}