{"id":11688,"date":"2026-09-02T07:47:18","date_gmt":"2026-09-02T10:47:18","guid":{"rendered":"https:\/\/blogs.correiobraziliense.com.br\/azedo\/?p=11688"},"modified":"2026-09-02T07:47:19","modified_gmt":"2026-09-02T10:47:19","slug":"vorcaro-arrasta-ministros-do-stf-para-o-centro-do-escandalo-do-master","status":"publish","type":"post","link":"https:\/\/blogs.correiobraziliense.com.br\/azedo\/vorcaro-arrasta-ministros-do-stf-para-o-centro-do-escandalo-do-master\/","title":{"rendered":"Vorcaro arrasta ministros do STF para o centro do esc\u00e2ndalo do Master"},"content":{"rendered":"\n<p class=\"wp-block-paragraph\"><strong><em>A PF investiga uma mensagem que cita seu diretor-geral; a PGR deve esclarecer di\u00e1logos que citam seu procurador-geral; e o Supremo precisar\u00e1 decidir se investiga seus ministros<\/em><\/strong><br><br>Uma discuss\u00e3o acalorada entre Alexandre de Moraes e Andr\u00e9 Mendon\u00e7a, ocorrida nos bastidores do Supremo Tribunal Federal, \u00e9 a manifesta\u00e7\u00e3o de que o caso Master arrastou o STF para uma crise muito grave. O esc\u00e2ndalo, agora, alcan\u00e7a ministros da mais alta Corte do pa\u00eds, a Procuradoria-Geral da Rep\u00fablica (PGR) e a dire\u00e7\u00e3o da Pol\u00edcia Federal (PF), justamente as institui\u00e7\u00f5es respons\u00e1veis por investigar, denunciar e julgar crimes praticados por autoridades.<br><br>Moraes teria se irritado ao saber que Mendon\u00e7a, relator da Opera\u00e7\u00e3o Compliance Zero no STF, determinara \u00e0 PF que identificasse o destinat\u00e1rio de uma mensagem de Daniel Vorcaro. Nela, o banqueiro dizia precisar da &#8220;prote\u00e7\u00e3o&#8221; de &#8220;Andrei&#8221; e &#8220;Paulo&#8221;, refer\u00eancias que a investiga\u00e7\u00e3o atribuiu ao diretor-geral da PF, Andrei Rodrigues, e ao procurador-geral da Rep\u00fablica, Paulo Gonet. A apura\u00e7\u00e3o preliminar da pr\u00f3pria pol\u00edcia indicou que o interlocutor seria Moraes.<br><br>O epis\u00f3dio coloca em rota de colis\u00e3o dois ministros do Supremo. Moraes teria questionado Mendon\u00e7a por permitir uma apura\u00e7\u00e3o que poderia atingi-lo sem autoriza\u00e7\u00e3o pr\u00e9via do Tribunal. Mendon\u00e7a, por sua vez, solicitou manifesta\u00e7\u00e3o da PGR e conversou com o presidente do Supremo, Edson Fachin, sobre a eventual abertura formal de uma investiga\u00e7\u00e3o. Tamb\u00e9m pediu a Fachin a convoca\u00e7\u00e3o de uma sess\u00e3o presencial para que o plen\u00e1rio examine publicamente as mensagens atribu\u00eddas a Vorcaro.<\/p>\n\n\n\n<p class=\"wp-block-paragraph\"><em>Leia tamb\u00e9m<\/em>:<strong><a href=\"https:\/\/www.correiobraziliense.com.br\/politica\/2026\/09\/7491800-ministros-do-supremo-avaliam-que-provas-contra-moraes-podem-ser-anuladas.html\"> Ministros do Supremo avaliam que provas contra Moraes podem ser anuladas<\/a><\/strong><br><br>O imbr\u00f3glio mostra que as institui\u00e7\u00f5es encarregadas de esclarecer os fatos aparecem nas pr\u00f3prias conversas sob suspeita de terem sido acionadas a favor do banqueiro. A PF investiga uma mensagem que menciona seu diretor-geral. A PGR deve se pronunciar sobre di\u00e1logos que citam seu procurador-geral. E o Supremo precisar\u00e1 decidir se investiga um dos seus ministros. Forma-se um c\u00edrculo perverso capaz de comprometer a credibilidade de todo o sistema de Justi\u00e7a.<br><br>N\u00e3o h\u00e1, at\u00e9 agora, comprova\u00e7\u00e3o de que Andrei Rodrigues ou Paulo Gonet tenham concedido a prote\u00e7\u00e3o pretendida por Vorcaro. Tampouco a simples men\u00e7\u00e3o aos nomes constitui prova de participa\u00e7\u00e3o em qualquer irregularidade. Entretanto, diante da posi\u00e7\u00e3o ocupada pelos envolvidos, j\u00e1 n\u00e3o basta uma negativa gen\u00e9rica. Ser\u00e1 preciso esclarecer se houve contatos, qual foi o teor das conversas e se alguma provid\u00eancia da PF ou da PGR foi solicitada, retardada ou alterada.<br><br>As mensagens recuperadas no celular do banqueiro tornam o quadro mais comprometedor. Dois dias antes de sua primeira pris\u00e3o, Vorcaro teria perguntado ao interlocutor apontado pela PF como Moraes: &#8220;Acha que segunda j\u00e1 tenho que estar fora?&#8221;. Em outros momentos, buscou informa\u00e7\u00f5es sobre medidas policiais e pediu encontros urgentes. Vorcaro foi preso quando se preparava para deixar o pa\u00eds num jato particular. O di\u00e1logo suscita uma quest\u00e3o inevit\u00e1vel: o banqueiro possu\u00eda conhecimento antecipado de uma opera\u00e7\u00e3o sigilosa?<br><br><strong>Revis\u00e3o de contrato<\/strong><br><br>Outro di\u00e1logo atribu\u00eddo a Vorcaro revela a tentativa de usar a influ\u00eancia de Moraes. Durante as negocia\u00e7\u00f5es para a venda de parte do Master ao BRB, Vorcaro afirmou a um ex-diretor do Banco Central que o ministro chamaria &#8220;Paulo para dar um aperto&#8221;. A identidade desse &#8220;Paulo&#8221;, e a exist\u00eancia da suposta interven\u00e7\u00e3o ainda precisam ser comprovadas. O conjunto das conversas, entretanto, mostra um banqueiro que dispunha de acesso privilegiado aos centros de poder e tentava mobiliz\u00e1-los para salvar seu banco.<br><br>A rela\u00e7\u00e3o entre Vorcaro e Moraes tamb\u00e9m aparece em manifesta\u00e7\u00f5es pessoais. &#8220;Tenho gratid\u00e3o da minha vida a voc\u00ea&#8221;, escreveu o banqueiro, segundo o material extra\u00eddo pela PF. Em outro trecho, afirmou que ele, sua fam\u00edlia e seus associados teriam uma &#8220;d\u00edvida de vida&#8221; com o interlocutor. Essas frases n\u00e3o provam um ato ilegal. Por\u00e9m, adquirem dimens\u00e3o explosiva se associadas aos pedidos de interven\u00e7\u00e3o, \u00e0s informa\u00e7\u00f5es sobre opera\u00e7\u00f5es policiais e aos contratos do Master com o escrit\u00f3rio da fam\u00edlia do ministro.<br><br>O escrit\u00f3rio de Viviane Barci de Moraes, mulher do ministro, firmou com o Master um contrato que previa pagamentos de aproximadamente R$ 129 milh\u00f5es em tr\u00eas anos. A banca sustenta ter prestado ampla consultoria jur\u00eddica, com 15 advogados, 36 pareceres e 94 reuni\u00f5es, e afirma que nunca atuou para o banco no Supremo. O contrato foi interrompido com a liquida\u00e7\u00e3o da institui\u00e7\u00e3o, em novembro de 2025.<\/p>\n\n\n\n<p class=\"wp-block-paragraph\"><em>Leia mais<\/em>: <strong><a href=\"https:\/\/www.correiobraziliense.com.br\/mundo\/2026\/09\/7492023-por-que-caso-moraes-e-crise-sem-precedentes-no-stf-e-o-que-pode-acontecer-agora-com-o-ministro.html\">Por que caso Moraes \u00e9 crise &#8216;sem precedentes&#8217; no STF<\/a><\/strong><br><br>A PF, no entanto, encontrou metadados indicando que Moraes fez altera\u00e7\u00f5es na minuta. O escrit\u00f3rio explica que o documento foi submetido ao ministro para a verifica\u00e7\u00e3o de poss\u00edveis impedimentos e que n\u00e3o havia processos do Master sob sua relatoria. Essa justificativa pode explicar a participa\u00e7\u00e3o, mas n\u00e3o elimina a necessidade de apura\u00e7\u00e3o sobre o contexto dos contatos e sobre a expectativa que Vorcaro depositava no ministro.<br><br>Mensagens internas refor\u00e7am a import\u00e2ncia atribu\u00edda aos pagamentos. &#8220;Pqp. N\u00e3o pagaram Barci de Moraes. Vamos ter problemas&#8221;, escreveu Vorcaro a um s\u00f3cio. Em outra conversa, o banqueiro teria determinado prioridade ao repasse de R$ 3,4 milh\u00f5es. A investiga\u00e7\u00e3o tamb\u00e9m localizou uma minuta de um segundo contrato, de R$ 50 milh\u00f5es, que previa cotas de aeronaves como parte do pagamento. O escrit\u00f3rio afirma que esse segundo neg\u00f3cio nunca foi concretizado e que n\u00e3o recebeu valores relacionados a ele. \u00c9 nesse ambiente que uma poss\u00edvel colabora\u00e7\u00e3o premiada de Vorcaro assume potencial devastador.<\/p>\n\n\n\n<p class=\"wp-block-paragraph\"><em>Vale a pena ler de novo:<\/em><\/p>\n\n\n\n<p class=\"wp-block-paragraph\"><strong><a href=\"https:\/\/blogs.correiobraziliense.com.br\/azedo\/que-falta-nos-faz-werneck-vianna-nessa-crise-existencial-do-supremo\/\">Que falta nos faz Werneck Vianna nessa crise existencial do Supremo<\/a><\/strong><\/p>\n\n\n\n<p class=\"wp-block-paragraph\"><strong><a href=\"https:\/\/blogs.correiobraziliense.com.br\/azedo\/o-mito-do-heroi-e-a-desconstrucao-do-ministro-xandao-no-caso-master\/\">O mito do her\u00f3i e a desconstru\u00e7\u00e3o do ministro Xand\u00e3o no caso Master<\/a><\/strong><\/p>\n\n\n\n<p class=\"wp-block-paragraph\"><strong>Nas entrelinhas<\/strong><em>: todas as colunas no<\/em>\u00a0<a href=\"https:\/\/blogs.correiobraziliense.com.br\/azedo\/\"><strong>Blog do Azedo<\/strong><\/a><\/p>\n","protected":false},"excerpt":{"rendered":"<p>A PF investiga uma mensagem que cita seu diretor-geral; a PGR deve esclarecer di\u00e1logos que citam seu procurador-geral; e o Supremo precisar\u00e1 decidir se investiga seus ministros Uma discuss\u00e3o acalorada entre Alexandre de Moraes e Andr\u00e9 Mendon\u00e7a, ocorrida nos bastidores do Supremo Tribunal Federal, \u00e9 a manifesta\u00e7\u00e3o de que o caso Master arrastou o STF para uma crise muito grave. [&hellip;]<\/p>\n","protected":false},"author":39,"featured_media":11694,"comment_status":"open","ping_status":"closed","sticky":false,"template":"","format":"standard","meta":{"footnotes":""},"categories":[1223,677,36,371,7,972,9,3],"tags":[2211,78,1572,2054,973,375,79,2055],"class_list":["post-11688","post","type-post","status-publish","format-standard","has-post-thumbnail","hentry","category-brasilia","category-comunicacao","category-economia","category-etica","category-justica","category-memoria","category-politica-2","category-politica","tag-andrei","tag-fachin","tag-gonet","tag-master","tag-mendonca","tag-moraes","tag-supremo","tag-vorcaro"],"_links":{"self":[{"href":"https:\/\/blogs.correiobraziliense.com.br\/azedo\/wp-json\/wp\/v2\/posts\/11688","targetHints":{"allow":["GET"]}}],"collection":[{"href":"https:\/\/blogs.correiobraziliense.com.br\/azedo\/wp-json\/wp\/v2\/posts"}],"about":[{"href":"https:\/\/blogs.correiobraziliense.com.br\/azedo\/wp-json\/wp\/v2\/types\/post"}],"author":[{"embeddable":true,"href":"https:\/\/blogs.correiobraziliense.com.br\/azedo\/wp-json\/wp\/v2\/users\/39"}],"replies":[{"embeddable":true,"href":"https:\/\/blogs.correiobraziliense.com.br\/azedo\/wp-json\/wp\/v2\/comments?post=11688"}],"version-history":[{"count":2,"href":"https:\/\/blogs.correiobraziliense.com.br\/azedo\/wp-json\/wp\/v2\/posts\/11688\/revisions"}],"predecessor-version":[{"id":11695,"href":"https:\/\/blogs.correiobraziliense.com.br\/azedo\/wp-json\/wp\/v2\/posts\/11688\/revisions\/11695"}],"wp:featuredmedia":[{"embeddable":true,"href":"https:\/\/blogs.correiobraziliense.com.br\/azedo\/wp-json\/wp\/v2\/media\/11694"}],"wp:attachment":[{"href":"https:\/\/blogs.correiobraziliense.com.br\/azedo\/wp-json\/wp\/v2\/media?parent=11688"}],"wp:term":[{"taxonomy":"category","embeddable":true,"href":"https:\/\/blogs.correiobraziliense.com.br\/azedo\/wp-json\/wp\/v2\/categories?post=11688"},{"taxonomy":"post_tag","embeddable":true,"href":"https:\/\/blogs.correiobraziliense.com.br\/azedo\/wp-json\/wp\/v2\/tags?post=11688"}],"curies":[{"name":"wp","href":"https:\/\/api.w.org\/{rel}","templated":true}]}}