{"id":11683,"date":"2026-09-01T07:31:44","date_gmt":"2026-09-01T10:31:44","guid":{"rendered":"https:\/\/blogs.correiobraziliense.com.br\/azedo\/?p=11683"},"modified":"2026-09-01T07:46:19","modified_gmt":"2026-09-01T10:46:19","slug":"cury-chega-a-dois-digitos-na-pesquisa-e-se-coloca-como-terceirra-via","status":"publish","type":"post","link":"https:\/\/blogs.correiobraziliense.com.br\/azedo\/cury-chega-a-dois-digitos-na-pesquisa-e-se-coloca-como-terceirra-via\/","title":{"rendered":"Cury chega a dois d\u00edgitos na pesquisa e se coloca como terceira via"},"content":{"rendered":"\n<p class=\"wp-block-paragraph\"><strong>A novidade \u00e9 a velocidade com que o candidato do Avante assumiu o terceiro lugar na disputa. Cury passou a ser lembrado como op\u00e7\u00e3o presidencial<\/strong><br><br>Nas primeiras rodadas de debates e entrevistas, marcadas pelas dificuldades de Lula e Fl\u00e1vio Bolsonaro para explicar seus passivos pol\u00edticos, Augusto Cury se projetou como candidato menos interessado em prolongar a guerra entre os dois campos e mais empenhado em associar tecnologia, efici\u00eancia administrativa e cuidado com as pessoas. A pesquisa BTG\/Nexus divulgada nessa segunda-feira mostra que sua estrat\u00e9gia deu certo. No cen\u00e1rio estimulado sem Pablo Mar\u00e7al, Cury saltou de 2% para 11% em uma semana. Lula oscilou de 41% para 39%, enquanto Fl\u00e1vio recuou de 37% para 33%. Ronaldo Caiado permaneceu com 5%; Renan Santos, com 3%; e Romeu Zema passou de 3% para 1%.<br><br>A novidade \u00e9 a velocidade com que o candidato do Avante atravessou a barreira dos dois d\u00edgitos e assumiu o terceiro lugar na disputa. Na espont\u00e2nea, quando o entrevistador n\u00e3o apresenta nomes, o avan\u00e7o de 1% para 8% refor\u00e7a a relev\u00e2ncia do movimento. Cury passou a ser lembrado como op\u00e7\u00e3o presidencial. N\u00e3o se deve confundir esse resultado com voto consolidado, mas \u00e9 um equivoco desconsider\u00e1-lo. A pesquisa ouviu 2.005 eleitores entre 28 e 30 de agosto, com margem de erro de dois pontos percentuais.<\/p>\n\n\n\n<p class=\"wp-block-paragraph\"><em>Leia tamb\u00e9m<\/em>: <strong><a href=\"https:\/\/www.correiobraziliense.com.br\/politica\/2026\/09\/7491236-com-campanha-suspensa-renan-santos-alega-perseguicao.html\">Com campanha suspensa, Renan Santos alega persegui\u00e7\u00e3o<\/a><\/strong><br><br>Como a coleta come\u00e7ou antes da entrevista de Cury \u00e0 Globo, exibida no s\u00e1bado, n\u00e3o \u00e9 poss\u00edvel atribuir todo o salto \u00e0 sabatina. O desempenho na Band, outras entrevistas e a circula\u00e7\u00e3o de v\u00eddeos tamb\u00e9m comp\u00f5em o ambiente dessa ascens\u00e3o. Cury percebeu uma demanda que a polariza\u00e7\u00e3o pautada por ataques rec\u00edprocos tende a sufocar. Parte do eleitorado deseja saber quem poder\u00e1 melhorar sua vida. Seu lema, &#8220;mente capitalista e cora\u00e7\u00e3o social&#8221;, de car\u00e1ter liberal-social, ganhou singularidade numa campanha dominada por acusa\u00e7\u00f5es.<br><br>Conciliar iniciativa privada, responsabilidade administrativa e prote\u00e7\u00e3o dos vulner\u00e1veis atrai simpatia dos eleitores. Na Globo, Cury apresentou a proposta de um minist\u00e9rio de rob\u00f3tica e intelig\u00eancia artificial, defendeu a digitaliza\u00e7\u00e3o da m\u00e1quina p\u00fablica e associou a moderniza\u00e7\u00e3o \u00e0 conten\u00e7\u00e3o de despesas. Prop\u00f4s microfinanciamento para pequenas empresas e o emprego de aplicativo de alerta e drones no enfrentamento da viol\u00eancia contra mulheres. Procurou dar \u00e0 tecnologia o papel de atividade fim para tornar o governo mais eficiente e r\u00e1pido nas respostas \u00e0s demandas da popula\u00e7\u00e3o.<br><br>Em vez de restringir o debate ao tamanho do Estado, Cury enfatiza seu funcionamento. Para quem enfrenta burocracia, atendimento prec\u00e1rio e inseguran\u00e7a, a qualidade dos servi\u00e7os importa. A promessa de um governo tecnol\u00f3gico \u00e9 m\u00fasica, pois conecta moderniza\u00e7\u00e3o econ\u00f4mica e necessidades cotidianas. Mas n\u00e3o dispensa explica\u00e7\u00f5es. Intelig\u00eancia artificial n\u00e3o cria recursos por decreto, drones n\u00e3o substituem uma rede de prote\u00e7\u00e3o e digitaliza\u00e7\u00e3o n\u00e3o garante atendimento a quem est\u00e1 exclu\u00eddo da internet.<br><strong><br>Mudan\u00e7a de foco<\/strong><br><br>Agora, Cury ter\u00e1 que apresentar mais concretude nas propostas: custos, prioridades, equipes e condi\u00e7\u00f5es de execu\u00e7\u00e3o. Mudou o foco, prop\u00f4s um rumo politicamente atraente, por\u00e9m, sem demonstra\u00e7\u00e3o de viabilidade. E nada impede que os demais candidatos ajustem suas narrativas para contemplar com mais \u00eanfase essas agendas. Seu comportamento tamb\u00e9m conta. No debate da Bandeirantes, ao contestar os ataques de Renan Santos aos eleitores de Lula, defendeu a diverg\u00eancia sem desumanizar o advers\u00e1rio. Esse gesto ajuda a explicar sua capacidade de conversar com p\u00fablicos distintos.<br><br>Cury tira votos de quem? O cruzamento com a elei\u00e7\u00e3o anterior oferece uma resposta mais consistente do que a simples compara\u00e7\u00e3o dos totais. Entre os entrevistados que declaram ter votado em Jair Bolsonaro no segundo turno de 2022, 13% agora escolhem Cury. Entre os antigos eleitores de Lula, s\u00e3o 7%. H\u00e1, portanto, penetra\u00e7\u00e3o mais intensa no eleitorado que apoiou Bolsonaro. Cury alcan\u00e7a 22% entre os jovens de 16 a 24 anos, e 17% entre os eleitores com ensino superior. Entre aqueles que rejeitam simultaneamente Lula e Fl\u00e1vio, chega a 19%.<br><br>Esses recortes sugerem uma candidatura alimentada pelo desejo de renova\u00e7\u00e3o e pela recusa da escolha obrigat\u00f3ria entre os favoritos. A amea\u00e7a \u00e9 maior para Fl\u00e1vio, porque Cury oferece ao eleitor conservador ou liberal descontente com o PT uma sa\u00edda que n\u00e3o depende da defesa de Bolsonaro. Se continuar crescendo, poder\u00e1 questionar a ideia de que somente o candidato do PL tem condi\u00e7\u00f5es de enfrentar Lula. Entretanto, para disputar o segundo lugar, precisa tornar essa possibilidade real.<\/p>\n\n\n\n<p class=\"wp-block-paragraph\"><em>Leia mais<\/em>: <strong><a href=\"https:\/\/www.correiobraziliense.com.br\/mundo\/2026\/09\/7491293-lula-amarra-apoio-do-centrao-no-congresso-mas-isso-garante-votos-na-eleicao.html\">Lula amarra apoio do Centr\u00e3o no Congresso, mas isso garante votos na elei\u00e7\u00e3o?<\/a><\/strong><br><br>Para Lula, o risco \u00e9 diferente. A fragmenta\u00e7\u00e3o da oposi\u00e7\u00e3o pode benefici\u00e1-lo inicialmente, mas Cury disputa tamb\u00e9m eleitores que votaram no petista para impedir a volta do bolsonarismo. Uma alternativa percebida como moderada pode enfraquecer esse voto defensivo. Al\u00e9m disso, ao enfatizar qualidade dos servi\u00e7os, transfere a cobran\u00e7a para os resultados do governo, terreno no qual o presidente n\u00e3o pode responder apenas com cr\u00edticas ao advers\u00e1rio. Cury ainda est\u00e1 22 pontos atr\u00e1s de Fl\u00e1vio. No segundo turno entre os favoritos, o placar permanece em 46% a 45%, e a Nexus n\u00e3o testou um confronto diretor de Lula com o escritor.<\/p>\n\n\n\n<p class=\"wp-block-paragraph\"><em>Vale a pena ler de novo: <\/em><\/p>\n\n\n\n<p class=\"wp-block-paragraph\"><strong><a href=\"https:\/\/blogs.correiobraziliense.com.br\/azedo\/perigos-do-triangulo-das-bermudas-sp-mg-e-rj-desafiam-campanhas-de-lula-e-flavio\/\">Perigos do \u201cTri\u00e2ngulo das Bermudas\u201d (SP, MG e RJ) desafiam campanhas de Lula e Fl\u00e1vio<\/a><\/strong><\/p>\n\n\n\n<p class=\"wp-block-paragraph\"><strong><a href=\"https:\/\/blogs.correiobraziliense.com.br\/azedo\/astucia-do-povo-nas-urnas-eletronicas-e-o-mais-imponderavel-nas-eleicoes\/\">Ast\u00facia do povo nas urnas eletr\u00f4nicas \u00e9 o mais imponder\u00e1vel nas elei\u00e7\u00f5es<\/a><\/strong><\/p>\n\n\n\n<p class=\"wp-block-paragraph\"><strong>Nas entrelinhas<\/strong><em>:<\/em> todas as colunas no&nbsp;<a href=\"https:\/\/blogs.correiobraziliense.com.br\/azedo\/\"><strong>Blog do Azedo<\/strong><\/a><\/p>\n\n\n\n<p class=\"wp-block-paragraph\"><\/p>\n","protected":false},"excerpt":{"rendered":"<p>A novidade \u00e9 a velocidade com que o candidato do Avante assumiu o terceiro lugar na disputa. Cury passou a ser lembrado como op\u00e7\u00e3o presidencial Nas primeiras rodadas de debates e entrevistas, marcadas pelas dificuldades de Lula e Fl\u00e1vio Bolsonaro para explicar seus passivos pol\u00edticos, Augusto Cury se projetou como candidato menos interessado em prolongar a guerra entre os dois [&hellip;]<\/p>\n","protected":false},"author":39,"featured_media":11689,"comment_status":"open","ping_status":"closed","sticky":false,"template":"","format":"standard","meta":{"footnotes":""},"categories":[1223,722,677,36,38,46,371,4,8,3,9,71,894],"tags":[2167,1733,2196,224,273,1050],"class_list":["post-11683","post","type-post","status-publish","format-standard","has-post-thumbnail","hentry","category-brasilia","category-ciencia","category-comunicacao","category-economia","category-educacao","category-eleicoes","category-etica","category-governo","category-partidos","category-politica","category-politica-2","category-saude","category-tecnologia","tag-cury","tag-flavio","tag-lula-2","tag-pesquisas","tag-renan","tag-zema"],"_links":{"self":[{"href":"https:\/\/blogs.correiobraziliense.com.br\/azedo\/wp-json\/wp\/v2\/posts\/11683","targetHints":{"allow":["GET"]}}],"collection":[{"href":"https:\/\/blogs.correiobraziliense.com.br\/azedo\/wp-json\/wp\/v2\/posts"}],"about":[{"href":"https:\/\/blogs.correiobraziliense.com.br\/azedo\/wp-json\/wp\/v2\/types\/post"}],"author":[{"embeddable":true,"href":"https:\/\/blogs.correiobraziliense.com.br\/azedo\/wp-json\/wp\/v2\/users\/39"}],"replies":[{"embeddable":true,"href":"https:\/\/blogs.correiobraziliense.com.br\/azedo\/wp-json\/wp\/v2\/comments?post=11683"}],"version-history":[{"count":3,"href":"https:\/\/blogs.correiobraziliense.com.br\/azedo\/wp-json\/wp\/v2\/posts\/11683\/revisions"}],"predecessor-version":[{"id":11691,"href":"https:\/\/blogs.correiobraziliense.com.br\/azedo\/wp-json\/wp\/v2\/posts\/11683\/revisions\/11691"}],"wp:featuredmedia":[{"embeddable":true,"href":"https:\/\/blogs.correiobraziliense.com.br\/azedo\/wp-json\/wp\/v2\/media\/11689"}],"wp:attachment":[{"href":"https:\/\/blogs.correiobraziliense.com.br\/azedo\/wp-json\/wp\/v2\/media?parent=11683"}],"wp:term":[{"taxonomy":"category","embeddable":true,"href":"https:\/\/blogs.correiobraziliense.com.br\/azedo\/wp-json\/wp\/v2\/categories?post=11683"},{"taxonomy":"post_tag","embeddable":true,"href":"https:\/\/blogs.correiobraziliense.com.br\/azedo\/wp-json\/wp\/v2\/tags?post=11683"}],"curies":[{"name":"wp","href":"https:\/\/api.w.org\/{rel}","templated":true}]}}