{"id":11675,"date":"2026-08-28T07:06:25","date_gmt":"2026-08-28T10:06:25","guid":{"rendered":"https:\/\/blogs.correiobraziliense.com.br\/azedo\/?p=11675"},"modified":"2026-08-28T07:06:26","modified_gmt":"2026-08-28T10:06:26","slug":"lula-dobra-aposta-na-economia-do-afeto-e-na-alianca-com-alcolumbre-e-motta","status":"publish","type":"post","link":"https:\/\/blogs.correiobraziliense.com.br\/azedo\/lula-dobra-aposta-na-economia-do-afeto-e-na-alianca-com-alcolumbre-e-motta\/","title":{"rendered":"Lula dobra aposta na economia do afeto e na alian\u00e7a com Alcolumbre e Motta"},"content":{"rendered":"\n<p class=\"wp-block-paragraph\"><strong>\u00c9 essa a l\u00f3gica que conecta iniciativas aparentemente distintas, como o fim da escala 6 x 1 e a renegocia\u00e7\u00e3o de d\u00edvidas com cart\u00f5es de cr\u00e9dito, que voltam \u00e0 pauta do Congresso<\/strong><br><br>A &#8220;economia do afeto&#8221;, conceito formulado pelo historiador Alberto Aggio para explicar uma das caracter\u00edsticas centrais da cultura pol\u00edtica do lulismo, talvez seja a melhor chave para compreender os movimentos recentes do presidente Luiz In\u00e1cio Lula da Silva em busca da reelei\u00e7\u00e3o. Trata-se de uma rela\u00e7\u00e3o de reciprocidade entre ele e os setores populares, constru\u00edda pelo reconhecimento simb\u00f3lico, pela identifica\u00e7\u00e3o pessoal e por pol\u00edticas que produzam benef\u00edcios concretos no cotidiano.<br><br>\u00c9 essa l\u00f3gica que conecta iniciativas aparentemente distintas, como o fim da escala 6 x 1; a redu\u00e7\u00e3o da chamada &#8220;taxa das blusinhas&#8221;; a renegocia\u00e7\u00e3o de d\u00edvidas com cart\u00f5es de cr\u00e9dito e outras medidas voltadas para renda, consumo e qualidade de vida. Lula procura reconstruir a percep\u00e7\u00e3o de que seu governo melhora a vida dos &#8220;de baixo&#8221;. Ao mesmo tempo, isso depende da alian\u00e7a pragm\u00e1tica com o Centr\u00e3o, materializada na aproxima\u00e7\u00e3o com os presidentes do Senado, Davi Alcolumbre (Uni\u00e3o-AP), e da C\u00e2mara, Hugo Motta (Republicanos-PB).<\/p>\n\n\n\n<p class=\"wp-block-paragraph\"><em>Leia tamb\u00e9m:<\/em> <strong><a href=\"https:\/\/www.correiobraziliense.com.br\/politica\/2026\/08\/7489017-filho-e-marcola-poem-lula-na-defensiva.html\">Perguntas sobre filho e Marcola p\u00f5em Lula na defensiva em sabatina<\/a><\/strong><br><br>No seu livro A Constru\u00e7\u00e3o da Democracia no Brasil (Funda\u00e7\u00e3o Astrojildo Pereira\/Annabrume), ao analisar a pol\u00edtica brasileira de 1985 a 2025, Aggio identifica tr\u00eas dimens\u00f5es da cultura pol\u00edtica petista: o recha\u00e7o \u00e0 pol\u00edtica tradicional, a economia do afeto e a cultura da escolha racional. A aparente contradi\u00e7\u00e3o entre elas explicar as &#8220;metamorfoses&#8221; de Lula. O partido que nasceu denunciando a &#8220;velha pol\u00edtica&#8221; passou a operar suas engrenagens. Entretanto, Lula negocia com partidos de centro e direita sem perder conex\u00e3o emocional com sua base popular.<br><br>Essa combina\u00e7\u00e3o ser\u00e1 levada ao limite na nesta campanha de 2026. O pacto com Alcolumbre e Motta ultrapassa as conveni\u00eancias eleitorais no Amap\u00e1 e na Para\u00edba, respectivamente, e ganha dimens\u00e3o nacional. Formou-se uma &#8220;troika&#8221; para preserva\u00e7\u00e3o do poder no Executivo e no Congresso. Os resultados come\u00e7aram a aparecer. Depois de meses parada no Senado, a proposta que extingue a escala 6 x 1 voltou a andar. Omar Aziz (PSD-AM) decidiu manter o texto aprovado pela C\u00e2mara, para mat\u00e9ria n\u00e3o retornar aos deputados.<br><br>A proposta reduz gradualmente a jornada semanal de 44 para 40 horas e assegura dois dias remunerados de descanso. Poucas bandeiras possuem capacidade semelhante de produzir identifica\u00e7\u00e3o entre Lula e os trabalhadores de menor renda. Segundo dados do Ipea, 80% dos trabalhadores submetidos a jornadas superiores a 40 horas recebem at\u00e9 dois sal\u00e1rios m\u00ednimos e 90%, at\u00e9 tr\u00eas. O benef\u00edcio concentra-se justamente no eleitorado em que a economia do afeto tem mais repercuss\u00e3o eleitoral.<br><br><strong>Endividamento<\/strong><br><br>Movimento semelhante ocorre com a &#8220;taxa das blusinhas&#8221;. A medida provis\u00f3ria editada pelo governo zerou o imposto de importa\u00e7\u00e3o de 20% sobre compras internacionais de at\u00e9 US$ 50. Ap\u00f3s reuni\u00e3o de Lula com Alcolumbre e Motta, o Congresso antecipou a instala\u00e7\u00e3o da comiss\u00e3o mista encarregada de analisar a MP. A medida tem forte apelo entre consumidores de menor renda, ao reduzir impostos sobre compras, embora enfrente resist\u00eancia da ind\u00fastria nacional e riscos para a produ\u00e7\u00e3o e o emprego.<\/p>\n\n\n\n<p class=\"wp-block-paragraph\"><em>Leia mais:<\/em> <strong><a href=\"https:\/\/www.correiobraziliense.com.br\/politica\/2026\/08\/7488988-setor-produtivo-eleva-criticas-contra-fim-da-taxa-das-blusinhas.html\">Setor produtivo eleva cr\u00edticas contra fim da taxa das blusinhas<\/a><\/strong><br><br>Mais uma vez, Lula aposta na transforma\u00e7\u00e3o de demandas econ\u00f4micas imediatas em v\u00ednculos pol\u00edticos. Existe, entretanto, uma diferen\u00e7a fundamental entre 2026 e outras elei\u00e7\u00f5es: Lula n\u00e3o controla o comportamento da economia. Os n\u00fameros s\u00e3o contradit\u00f3rios. O mercado de trabalho permanece forte. O desemprego caiu para 5,3% no trimestre encerrado em julho, menor n\u00edvel para o per\u00edodo desde o in\u00edcio da s\u00e9rie hist\u00f3rica, em 2012. S\u00e3o 103,3 milh\u00f5es de ocupados e 39,4 milh\u00f5es de empregados com carteira assinada no setor privado.<br><br>O IPCA-15 caiu 0,40% em agosto e acumulou 4,24% em 12 meses, devido principalmente a fatores pontuais: o b\u00f4nus de Itaipu nas contas de luz e as quedas de combust\u00edveis e passagens a\u00e9reas. A infla\u00e7\u00e3o de servi\u00e7os, por\u00e9m, permanece resistente. O maior problema est\u00e1 no cr\u00e9dito. Com a Selic a 14% ao ano, o n\u00edvel continua restritivo para consumidores e empresas. Soma-se a isso a quest\u00e3o fiscal. O governo central acumulou deficit prim\u00e1rio de R$ 81,3 bilh\u00f5es entre janeiro e julho, e se projeta um deficit de aproximadamente R$ 59,1 bilh\u00f5es, em 2026.<br><br>\u00c9 no or\u00e7amento dom\u00e9stico, por\u00e9m, que aparece o maior risco eleitoral. Em julho, 82% das fam\u00edlias brasileiras estavam endividadas. Quase 30% tinham contas atrasadas e as fam\u00edlias endividadas comprometiam, em m\u00e9dia, 29,5% da renda mensal com pagamentos. O cart\u00e3o de cr\u00e9dito estava presente em mais de 85% dos casos. A press\u00e3o j\u00e1 chegou \u00e0s empresas. Grandes redes varejistas precisaram reestruturar mais de R$ 68 bilh\u00f5es em d\u00edvidas nos \u00faltimos dois anos e meio. Juros elevados, cr\u00e9dito restrito, endividamento dos consumidores e transforma\u00e7\u00e3o estrutural provocada pelo com\u00e9rcio eletr\u00f4nico formam uma combina\u00e7\u00e3o perigosa. \u00c9 ai que a centralidade da democracia pode fazer a diferen\u00e7a.<\/p>\n\n\n\n<p class=\"wp-block-paragraph\"><em>Vale a pena ler de novo:<\/em><\/p>\n\n\n\n<p class=\"wp-block-paragraph\"><strong><a href=\"https:\/\/blogs.correiobraziliense.com.br\/azedo\/breve-historia-da-politica-brasileira-de-carneiro-leao-a-lula-da-silva\/\">Breve hist\u00f3ria da pol\u00edtica brasileira, de Carneiro Le\u00e3o a Lula da Silva<\/a><\/strong><\/p>\n\n\n\n<p class=\"wp-block-paragraph\"><strong><a href=\"https:\/\/blogs.correiobraziliense.com.br\/azedo\/o-brasil-entre-soberania-democracia-e-seus-velhos-problemas-sociais\/\">O Brasil entre soberania, democracia e seus velhos problemas sociais<\/a><\/strong><\/p>\n\n\n\n<p class=\"wp-block-paragraph\"><strong>Nas entrelinhas<\/strong><em>:<\/em> todas as colunas diariamente no\u00a0<a href=\"https:\/\/blogs.correiobraziliense.com.br\/azedo\/\"><strong>Blog do Azedo<\/strong><\/a><\/p>\n\n\n\n<p class=\"wp-block-paragraph\"><\/p>\n","protected":false},"excerpt":{"rendered":"<p>\u00c9 essa a l\u00f3gica que conecta iniciativas aparentemente distintas, como o fim da escala 6 x 1 e a renegocia\u00e7\u00e3o de d\u00edvidas com cart\u00f5es de cr\u00e9dito, que voltam \u00e0 pauta do Congresso A &#8220;economia do afeto&#8221;, conceito formulado pelo historiador Alberto Aggio para explicar uma das caracter\u00edsticas centrais da cultura pol\u00edtica do lulismo, talvez seja a melhor chave para compreender [&hellip;]<\/p>\n","protected":false},"author":39,"featured_media":11680,"comment_status":"open","ping_status":"closed","sticky":false,"template":"","format":"standard","meta":{"footnotes":""},"categories":[1223,6,37,36,46,4,485,92,972,8,3,9],"tags":[2205,307,2204,213,2196,1809,1267],"class_list":["post-11675","post","type-post","status-publish","format-standard","has-post-thumbnail","hentry","category-brasilia","category-congresso","category-desemprego","category-economia","category-eleicoes","category-governo","category-imposto","category-literatura","category-memoria","category-partidos","category-politica","category-politica-2","tag-6-x-1","tag-alcolumbre","tag-blusinha","tag-eleicoes","tag-lula-2","tag-motta","tag-presidencia"],"_links":{"self":[{"href":"https:\/\/blogs.correiobraziliense.com.br\/azedo\/wp-json\/wp\/v2\/posts\/11675","targetHints":{"allow":["GET"]}}],"collection":[{"href":"https:\/\/blogs.correiobraziliense.com.br\/azedo\/wp-json\/wp\/v2\/posts"}],"about":[{"href":"https:\/\/blogs.correiobraziliense.com.br\/azedo\/wp-json\/wp\/v2\/types\/post"}],"author":[{"embeddable":true,"href":"https:\/\/blogs.correiobraziliense.com.br\/azedo\/wp-json\/wp\/v2\/users\/39"}],"replies":[{"embeddable":true,"href":"https:\/\/blogs.correiobraziliense.com.br\/azedo\/wp-json\/wp\/v2\/comments?post=11675"}],"version-history":[{"count":2,"href":"https:\/\/blogs.correiobraziliense.com.br\/azedo\/wp-json\/wp\/v2\/posts\/11675\/revisions"}],"predecessor-version":[{"id":11681,"href":"https:\/\/blogs.correiobraziliense.com.br\/azedo\/wp-json\/wp\/v2\/posts\/11675\/revisions\/11681"}],"wp:featuredmedia":[{"embeddable":true,"href":"https:\/\/blogs.correiobraziliense.com.br\/azedo\/wp-json\/wp\/v2\/media\/11680"}],"wp:attachment":[{"href":"https:\/\/blogs.correiobraziliense.com.br\/azedo\/wp-json\/wp\/v2\/media?parent=11675"}],"wp:term":[{"taxonomy":"category","embeddable":true,"href":"https:\/\/blogs.correiobraziliense.com.br\/azedo\/wp-json\/wp\/v2\/categories?post=11675"},{"taxonomy":"post_tag","embeddable":true,"href":"https:\/\/blogs.correiobraziliense.com.br\/azedo\/wp-json\/wp\/v2\/tags?post=11675"}],"curies":[{"name":"wp","href":"https:\/\/api.w.org\/{rel}","templated":true}]}}