{"id":11633,"date":"2026-08-16T08:58:32","date_gmt":"2026-08-16T11:58:32","guid":{"rendered":"https:\/\/blogs.correiobraziliense.com.br\/azedo\/?p=11633"},"modified":"2026-08-16T08:58:32","modified_gmt":"2026-08-16T11:58:32","slug":"astucia-do-povo-nas-urnas-eletronicas-e-o-mais-imponderavel-nas-eleicoes","status":"publish","type":"post","link":"https:\/\/blogs.correiobraziliense.com.br\/azedo\/astucia-do-povo-nas-urnas-eletronicas-e-o-mais-imponderavel-nas-eleicoes\/","title":{"rendered":"Ast\u00facia do povo nas urnas eletr\u00f4nicas \u00e9 o mais imponder\u00e1vel nas elei\u00e7\u00f5es"},"content":{"rendered":"<p><em><strong>O n\u00famero elevado de indecisos nas pesquisas espont\u00e2neas revela que a maioria da sociedade ainda n\u00e3o transformou simpatia ou rejei\u00e7\u00e3o em decis\u00e3o eleitoral<\/strong><\/em><\/p>\n<p>Nos dicion\u00e1rios, ast\u00facia \u00e9 o mesmo que artimanha, esperteza, mal\u00edcia e sagacidade. Na pol\u00edtica, quase sempre tem um significado negativo, porque \u00e9 uma das caracter\u00edsticas dos pol\u00edticos para enganar o eleitor. Entretanto, h\u00e1 uma grande diferen\u00e7a entre a ast\u00facia do povo e ast\u00facia dos pol\u00edticos. A primeira se baseia no bom senso. J\u00e1 a segunda recorre ao senso comum para atingir objetivos a qualquer pre\u00e7o, muitas vezes obscuros. N\u00e3o existe momento em que esses atributos sejam mais utilizados do que as elei\u00e7\u00f5es.<\/p>\n<p>O folclorista capixaba Herm\u00f3genes Lima Fonseca, advogado, contador e pesquisador da cultura, viveu at\u00e9 1996, quando morreu aos 80 anos em Vila Velha (ES), aos p\u00e9s do Convento da Penha, um dos mais antigos no Brasil. Ele sofreu influ\u00eancias de baianos e mineiros, al\u00e9m da forte atra\u00e7\u00e3o dos cariocas, que consagraram Roberto Carlos, Nara Le\u00e3o, S\u00e9rgio Sampaio e Rubem Braga. Herm\u00f3genes dizia que &#8220;o povo astucia as coisas&#8221;.<\/p>\n<p>Esse vem sendo o fator mais imponder\u00e1vel das elei\u00e7\u00f5es brasileiras desde a redemocratiza\u00e7\u00e3o. Ao que tudo indica, neste ano n\u00e3o ser\u00e1 diferente. O dado mais importante das pesquisas eleitorais recentes talvez n\u00e3o esteja na dist\u00e2ncia entre Luiz In\u00e1cio Lula da Silva e Fl\u00e1vio Bolsonaro, mas na revela\u00e7\u00e3o da pesquisa espont\u00e2nea de que a maioria dos eleitores ainda n\u00e3o sabe em quem votar.<\/p>\n<p>Na mais recente Genial\/Quaest, Lula aparece com 38% no primeiro turno, contra 31% de Fl\u00e1vio, enquanto Caiado e Renan Santos t\u00eam 4%, Zema 2% e Augusto Cury 2%. No segundo turno, Lula marca 43% contra 40% de Fl\u00e1vio: empate t\u00e9cnico, considerando a margem de erro de dois pontos percentuais. Os institutos, por\u00e9m, apresentam diferen\u00e7as importantes. A CNT\/MDA registra Lula com 42,4% e Fl\u00e1vio com 28,7% no primeiro turno e 48% a 39,1% no segundo. BTG\/Nexus aponta 40% a 35% no primeiro e 47% a 44% no segundo.<\/p>\n<p>N\u00e3o se sabe a verdadeira dimens\u00e3o do favoritismo de Lula. Nossa hist\u00f3ria recente est\u00e1 cheia de viradas eleitorais. O n\u00famero elevado de indecisos nas pesquisas espont\u00e2neas revela que uma parcela consider\u00e1vel da sociedade ainda n\u00e3o transformou simpatia, rejei\u00e7\u00e3o ou prefer\u00eancia ideol\u00f3gica em decis\u00e3o eleitoral. Nesse cen\u00e1rio, a experi\u00eancia recomenda prud\u00eancia ao projetar o comportamento observado na pesquisa estimulada.<\/p>\n<p><em>Leia tamb\u00e9m<\/em>:\u00a0<a href=\"https:\/\/www.correiobraziliense.com.br\/politica\/2026\/08\/7480814-as-taticas-dos-candidatos-na-corrida-eleitoral-ganham-as-ruas.html\"><strong>As t\u00e1ticas dos candidatos na corrida eleitoral ganham as ruas<\/strong><\/a><\/p>\n<p>O exemplo cl\u00e1ssico \u00e9 1994. Lula come\u00e7ou aquele ciclo eleitoral como favorito, mas o Plano Real, lan\u00e7ado durante o governo Itamar Franco, alterou radicalmente o ambiente econ\u00f4mico e social. A estabiliza\u00e7\u00e3o da moeda transformou Fernando Henrique Cardoso, ministro da Fazenda identificado com o Real, no candidato da estabilidade. FHC ultrapassou Lula e venceu no primeiro turno.<\/p>\n<p><strong>Pesquisa n\u00e3o \u00e9 profecia<\/strong><\/p>\n<p>Em 2002, Ciro Gomes chegou a amea\u00e7ar Jos\u00e9 Serra na disputa pela vaga no segundo turno. A campanha eleitoral, por\u00e9m, exp\u00f4s suas fragilidades, Serra recuperou terreno e terminou enfrentando Lula, que venceu a elei\u00e7\u00e3o. Em 2006, Lula parecia amea\u00e7ado pelo esc\u00e2ndalo do mensal\u00e3o e Geraldo Alckmin conseguiu lev\u00e1-lo ao segundo turno. O desfecho foi surpreendente: Alckmin recebeu menos votos no segundo turno do que no primeiro, Lula foi reeleito.<\/p>\n<p>A maior volatilidade ocorreu em 2014. Ap\u00f3s a morte de Eduardo Campos, Marina Silva assumiu a candidatura do PSB e disparou. No fim de agosto, o Datafolha mostrava Marina com 50% contra 40% de Dilma Rousseff no segundo turno. Poucas semanas depois, o cen\u00e1rio havia mudado.<\/p>\n<p>Em setembro, Dilma tinha 36%, Marina 33% e A\u00e9cio Neves apenas 15% no primeiro turno. Na espont\u00e2nea, expressivos 29% estavam indecisos. A\u00e9cio ultrapassou Marina, chegou ao segundo turno empatado com Dilma, com 51% contra 49% dos votos v\u00e1lidos de Dilma, que virou novamente e foi reeleita. Houve tr\u00eas elei\u00e7\u00f5es dentro de uma.<\/p>\n<p><strong>.<\/strong>A mais surpreendente foi a elei\u00e7\u00e3o de 2018, o atentado contra Jair Bolsonaro alterou sua din\u00e2mica e reduziu sua participa\u00e7\u00e3o presencial. Fernando Haddad havia assumido a candidatura petista com a inelegibilidade e pris\u00e3o de Lula. Em poucas semanas, mudou tudo. O &#8220;azar\u00e3o&#8221; Bolsonaro foi eleito. Mesmo em 2022, quando a polariza\u00e7\u00e3o Lula-Bolsonaro j\u00e1 estava consolidada, a elei\u00e7\u00e3o foi decidida no segundo turno por apenas 1,8 ponto percentual: Lula obteve 50,90% dos votos v\u00e1lidos, contra 49,10% de Bolsonaro.<\/p>\n<p><em>Leia mais:<\/em>\u00a0<a href=\"https:\/\/www.correiobraziliense.com.br\/politica\/2026\/08\/7480877-campanha-nas-ruas-e-propaganda-na-internet-comecam-neste-domingo.html\"><strong>Campanha nas ruas e propaganda na internet come\u00e7am neste domingo<\/strong><\/a><\/p>\n<p>A campanha eleitoral de 2026 come\u00e7a oficialmente neste domingo. H\u00e1 incertezas na economia, na qual infla\u00e7\u00e3o, emprego, renda, juros e percep\u00e7\u00e3o sobre o custo de vida podem modificar a avalia\u00e7\u00e3o do governo. Nos esc\u00e2ndalos pol\u00edticos que atinjam candidatos, familiares ou aliados. Na interfer\u00eancia de Donald Trump e das tarifas norte-americanas. No desempenho dos candidatos no hor\u00e1rio eleitoral e nos debates. O mais imponder\u00e1vel, por\u00e9m, como diria o &#8220;Mestre Armojo&#8221;, \u00e9 a ast\u00facia do povo, gra\u00e7as \u00e0s urnas eletr\u00f4nicas, que garantem o voto direto, secreto e universal e o princ\u00edpio da altern\u00e2ncia de poder, pilares da democracia brasileira.<\/p>\n<p><em>Vale a pena ler de novo:\u00a0<\/em><\/p>\n<p><a href=\"https:\/\/blogs.correiobraziliense.com.br\/azedo\/desafios-internos-e-externos-ameacam-projeto-de-reeleicao-de-lula\/\"><strong>Desafios internos e externos amea\u00e7am projeto de reelei\u00e7\u00e3o de Lula<\/strong><\/a><\/p>\n<p><a href=\"https:\/\/blogs.correiobraziliense.com.br\/azedo\/o-brasil-entre-soberania-democracia-e-seus-velhos-problemas-sociais\/\"><strong>O Brasil entre soberania, democracia e seus velhos problemas sociais<\/strong><\/a><\/p>\n<p><strong>Nas entrelinhas<\/strong><em>: <\/em>todas as colunas no\u00a0<a href=\"https:\/\/blogs.correiobraziliense.com.br\/azedo\/\"><strong>Blog do Azedo<\/strong><\/a><\/p>\n<p>&nbsp;<\/p>\n<p>&nbsp;<\/p>\n","protected":false},"excerpt":{"rendered":"<p>O n\u00famero elevado de indecisos nas pesquisas espont\u00e2neas revela que a maioria da sociedade ainda n\u00e3o transformou simpatia ou rejei\u00e7\u00e3o em decis\u00e3o eleitoral Nos dicion\u00e1rios, ast\u00facia \u00e9 o mesmo que artimanha, esperteza, mal\u00edcia e sagacidade. Na pol\u00edtica, quase sempre tem um significado negativo, porque \u00e9 uma das caracter\u00edsticas dos pol\u00edticos para enganar o eleitor. Entretanto, h\u00e1 uma grande diferen\u00e7a entre [&hellip;]<\/p>\n","protected":false},"author":39,"featured_media":11637,"comment_status":"open","ping_status":"closed","sticky":false,"template":"","format":"standard","meta":{"footnotes":""},"categories":[677,36,980,371,4,7,972,8,9,3],"tags":[1427,2167,213,1733,2184,224,273,1050,10],"class_list":["post-11633","post","type-post","status-publish","format-standard","has-post-thumbnail","hentry","category-comunicacao","category-economia","category-eleicoes-2","category-etica","category-governo","category-justica","category-memoria","category-partidos","category-politica-2","category-politica","tag-caiado","tag-cury","tag-eleicoes","tag-flavio","tag-hermogenes","tag-pesquisas","tag-renan","tag-zema","tag-lula"],"_links":{"self":[{"href":"https:\/\/blogs.correiobraziliense.com.br\/azedo\/wp-json\/wp\/v2\/posts\/11633","targetHints":{"allow":["GET"]}}],"collection":[{"href":"https:\/\/blogs.correiobraziliense.com.br\/azedo\/wp-json\/wp\/v2\/posts"}],"about":[{"href":"https:\/\/blogs.correiobraziliense.com.br\/azedo\/wp-json\/wp\/v2\/types\/post"}],"author":[{"embeddable":true,"href":"https:\/\/blogs.correiobraziliense.com.br\/azedo\/wp-json\/wp\/v2\/users\/39"}],"replies":[{"embeddable":true,"href":"https:\/\/blogs.correiobraziliense.com.br\/azedo\/wp-json\/wp\/v2\/comments?post=11633"}],"version-history":[{"count":2,"href":"https:\/\/blogs.correiobraziliense.com.br\/azedo\/wp-json\/wp\/v2\/posts\/11633\/revisions"}],"predecessor-version":[{"id":11638,"href":"https:\/\/blogs.correiobraziliense.com.br\/azedo\/wp-json\/wp\/v2\/posts\/11633\/revisions\/11638"}],"wp:featuredmedia":[{"embeddable":true,"href":"https:\/\/blogs.correiobraziliense.com.br\/azedo\/wp-json\/wp\/v2\/media\/11637"}],"wp:attachment":[{"href":"https:\/\/blogs.correiobraziliense.com.br\/azedo\/wp-json\/wp\/v2\/media?parent=11633"}],"wp:term":[{"taxonomy":"category","embeddable":true,"href":"https:\/\/blogs.correiobraziliense.com.br\/azedo\/wp-json\/wp\/v2\/categories?post=11633"},{"taxonomy":"post_tag","embeddable":true,"href":"https:\/\/blogs.correiobraziliense.com.br\/azedo\/wp-json\/wp\/v2\/tags?post=11633"}],"curies":[{"name":"wp","href":"https:\/\/api.w.org\/{rel}","templated":true}]}}