{"id":11624,"date":"2026-08-13T07:22:47","date_gmt":"2026-08-13T10:22:47","guid":{"rendered":"https:\/\/blogs.correiobraziliense.com.br\/azedo\/?p=11624"},"modified":"2026-08-13T07:28:29","modified_gmt":"2026-08-13T10:28:29","slug":"nas-eleicoes-trump-deseja-que-o-brasil-volte-a-ser-quintal-dos-eua","status":"publish","type":"post","link":"https:\/\/blogs.correiobraziliense.com.br\/azedo\/nas-eleicoes-trump-deseja-que-o-brasil-volte-a-ser-quintal-dos-eua\/","title":{"rendered":"Nas elei\u00e7\u00f5es, Trump deseja que o Brasil volte a ser quintal dos EUA"},"content":{"rendered":"<p><em><strong>Agora traduzida pelo slogan America First, a Casa Branca exuma a Doutrina Monroe: &#8220;A Am\u00e9rica para os americanos&#8221;, desde que &#8220;americanos&#8221; signifiquem os EUA<\/strong><\/em><\/p>\n<p>O Brasil \u00e9 grande demais para virar marisco na briga entre os Estados Unidos, uma superpot\u00eancia mar\u00edtima, e a China, a grande pot\u00eancia continental emergente, que amea\u00e7a a hegemonia norte-americana e amplia sua influ\u00eancia na Am\u00e9rica Latina. Entretanto, o governo Lula pode n\u00e3o passar ileso pela guerra comercial, tecnol\u00f3gica e geopol\u00edtica entre as duas maiores economias do planeta.<\/p>\n<p>O presidente Donald Trump sonha com uma volta ao passado, quando Washington podia tratar a Am\u00e9rica Latina como seu quintal e enquadrar aliados e advers\u00e1rios por meio de press\u00f5es econ\u00f4micas, diplom\u00e1ticas e militares. Agora traduzida pelo slogan America First, a Casa Branca exuma a Doutrina Monroe: &#8220;A Am\u00e9rica para os americanos&#8221;, desde que &#8220;americanos&#8221; signifiquem os EUA.<\/p>\n<p>Essa nostalgia de uma ordem perdida aproxima Trump da figura descrita pelo cientista pol\u00edtico norte-americano Mark Lilla. Para o autor de A mente naufragada (Record), o reacion\u00e1rio n\u00e3o \u00e9 simplesmente um conservador. O conservador valoriza as tradi\u00e7\u00f5es, mas reconhece que a sociedade muda; o reacion\u00e1rio considera a mudan\u00e7a uma cat\u00e1strofe e deseja reconstruir um passado idealizado. Acredita que houve uma ruptura no curso da hist\u00f3ria e que a \u00fanica sa\u00edda \u00e9 fazer o tempo correr para tr\u00e1s.<\/p>\n<p><em>Leia mais:<\/em>\u00a0<a href=\"https:\/\/www.correiobraziliense.com.br\/mundo\/2026\/08\/7478230-a-doutrina-do-seculo-19-que-orienta-politica-externa-do-governo-trump-para-a-america-latina.html\"><strong>A doutrina do s\u00e9culo 19 que orienta pol\u00edtica externa de Trump para a Am\u00e9rica Latina<\/strong><\/a><\/p>\n<p>Trump \u00e9 esse n\u00e1ufrago do passado: promete restaurar a grandeza industrial norte-americana, reafirmar o supremacismo racial, recompor fronteiras econ\u00f4micas e recuperar uma hegemonia internacional incompat\u00edvel com o mundo multipolar. Seu projeto tenta repetir, em escala muito mais perigosa, a virada de mesa promovida pelos Estados Unidos na d\u00e9cada de 1980, quando o avan\u00e7o industrial e tecnol\u00f3gico do Jap\u00e3o parecia amea\u00e7ar a hegemonia norte-americana.<\/p>\n<p>T\u00f3quio acumulava enormes superavits comerciais e suas montadoras e empresas de eletr\u00f4nicos conquistavam o mercado dos Estados Unidos. Em 1985, Washington articulou o Acordo de Plaza, que provocou forte valoriza\u00e7\u00e3o do iene e reduziu a competitividade japonesa. O acordo foi uma das causas das &#8220;d\u00e9cadas perdidas&#8221; do Jap\u00e3o. Para todo o Ocidente, por\u00e9m, o epis\u00f3dio se tornou s\u00edmbolo do pre\u00e7o pago por um aliado que se submeteu \u00e0 press\u00e3o norte-americana.<\/p>\n<p>A China n\u00e3o \u00e9 o Jap\u00e3o. N\u00e3o depende militarmente dos Estados Unidos, disp\u00f5e de armas nucleares, controla cadeias industriais estrat\u00e9gicas e possui um gigantesco mercado interno, al\u00e9m de riquezas minerais estrat\u00e9gicas, como as terras raras. Al\u00e9m disso, tornou-se a principal parceira comercial de grande parte da Am\u00e9rica do Sul, inclusive do Brasil.<\/p>\n<p>Um novo Acordo de Plaza n\u00e3o pode ser imposto por Trump a Pequim. Sua alternativa \u00e9 cerc\u00e1-la: restringir o acesso a semicondutores e tecnologias avan\u00e7adas, reorganizar cadeias produtivas, elevar tarifas e tentar expulsar investimentos chineses de \u00e1reas consideradas estrat\u00e9gicas, como telecomunica\u00e7\u00f5es, energia, intelig\u00eancia artificial, portos e minerais cr\u00edticos. O mercado mais pr\u00f3ximo \u00e9 a Am\u00e9rica Latina.<\/p>\n<p><strong>Elei\u00e7\u00f5es de risco<\/strong><\/p>\n<p>\u00c9 nesse contexto que ocorrem as elei\u00e7\u00f5es no Brasil. Nossa aproxima\u00e7\u00e3o com a China, a participa\u00e7\u00e3o no Brics, a defesa do multilateralismo e a autonomia da pol\u00edtica externa contrariam Washington. A nova Doutrina Monroe j\u00e1 n\u00e3o se dirige \u00e0s antigas pot\u00eancias coloniais europeias, mas \u00e0 presen\u00e7a econ\u00f4mica chinesa. Trump deseja que os pa\u00edses latino-americanos aceitem a lideran\u00e7a dos Estados Unidos ou ser\u00e3o tratados como plataformas de expans\u00e3o de Pequim.<\/p>\n<p>A crescente interfer\u00eancia norte-americana nas elei\u00e7\u00f5es brasileiras nasce dessa l\u00f3gica. N\u00e3o se trata apenas de afinidade ideol\u00f3gica de Trump e do secret\u00e1rio de Estado Marco Rubio com a fam\u00edlia Bolsonaro e a direita brasileira. Existe uma disputa concreta sobre a futura orienta\u00e7\u00e3o do Brasil. Um governo alinhado a Washington poderia rever acordos tecnol\u00f3gicos, limitar investimentos chineses, enfraquecer o Brics e apoiar a estrat\u00e9gia dos Estados Unidos na regi\u00e3o.<\/p>\n<p>J\u00e1 um governo comprometido com a autonomia diplom\u00e1tica, mesmo mantendo boas rela\u00e7\u00f5es com os norte-americanos, preservaria espa\u00e7o para negociar simultaneamente com Pequim e Uni\u00e3o Europeia. Para isso, Trump imp\u00f5e tarifas, sanciona autoridades, critica o Supremo Tribunal Federal (STF) e j\u00e1 n\u00e3o esconde o apoio da Casa Branca \u00e0 candidatura de Fl\u00e1vio Bolsonaro (PL).<\/p>\n<p><em>Leia mais:<\/em>\u00a0<a href=\"https:\/\/www.correiobraziliense.com.br\/mundo\/2026\/08\/7479131-lula-sem-frente-ampla-e-flavio-isolado-por-que-lideres-nas-pesquisas-nao-tem-mais-apoio-politico.html\"><strong>Lula sem &#8216;frente ampla&#8217; e Fl\u00e1vio isolado, l\u00edderes nas pesquisas n\u00e3o t\u00eam mais apoio pol\u00edtico<\/strong><\/a><\/p>\n<p>\u00c0s favas as normas diplom\u00e1ticas. O presidente Luiz In\u00e1cio Lula da Silva \u00e9 considerado um estorvo pelos estrategistas da Casa Branca. Quando Washington relaciona medidas comerciais a decis\u00f5es da Justi\u00e7a brasileira ou ao andamento da campanha presidencial, transforma as tarifas em armas eleitorais.<\/p>\n<p>Como a balan\u00e7a comercial com os Estados Unidos representa apenas 2% do nosso Produto Interno Bruto (PIB), essa interfer\u00eancia pode ir al\u00e9m das tarifas, por meio de manipula\u00e7\u00e3o do ambiente digital, press\u00f5es sobre empresas de tecnologia e campanhas de desinforma\u00e7\u00e3o. A maior amea\u00e7a \u00e9 a nova tentativa de desacreditar o sistema eleitoral, que constr\u00f3i a perigosa narrativa segundo a qual o resultado das urnas eletr\u00f4nicas somente ser\u00e1 leg\u00edtimo se reconhecido por Trump.<\/p>\n<p>Vale a pena ler de novo:<\/p>\n<p><a href=\"https:\/\/blogs.correiobraziliense.com.br\/azedo\/nas-entrelinhas-progressistas-liberais-conservadores-e-as-mentes-naufragadas\/\"><strong>Progressistas, liberais, conservadores e as \u201cmentes naufragadas\u201d<\/strong><\/a><\/p>\n<p><a href=\"https:\/\/blogs.correiobraziliense.com.br\/azedo\/quando-a-distopia-americana-de-trump-vai-alem-do-genero-literario\/\"><strong>Quando a distopia americana de Trump vai al\u00e9m do g\u00eanero liter\u00e1rio<\/strong><\/a><\/p>\n<p><strong>Nas entrelinhas<\/strong><em>: todas as colunas no<\/em>\u00a0<a href=\"https:\/\/blogs.correiobraziliense.com.br\/azedo\/\"><strong>Blog do Azedo<\/strong><\/a><\/p>\n","protected":false},"excerpt":{"rendered":"<p>Agora traduzida pelo slogan America First, a Casa Branca exuma a Doutrina Monroe: &#8220;A Am\u00e9rica para os americanos&#8221;, desde que &#8220;americanos&#8221; signifiquem os EUA O Brasil \u00e9 grande demais para virar marisco na briga entre os Estados Unidos, uma superpot\u00eancia mar\u00edtima, e a China, a grande pot\u00eancia continental emergente, que amea\u00e7a a hegemonia norte-americana e amplia sua influ\u00eancia na Am\u00e9rica [&hellip;]<\/p>\n","protected":false},"author":39,"featured_media":11631,"comment_status":"open","ping_status":"closed","sticky":false,"template":"","format":"standard","meta":{"footnotes":""},"categories":[1223,481,677,36,980,1617,1950,7,92,972,8,3,894,76],"tags":[180,247,1733,2181,1879,58,10],"class_list":["post-11624","post","type-post","status-publish","format-standard","has-post-thumbnail","hentry","category-brasilia","category-china","category-comunicacao","category-economia","category-eleicoes-2","category-europa","category-geografia","category-justica","category-literatura","category-memoria","category-partidos","category-politica","category-tecnologia","category-trump","tag-china","tag-eua","tag-flavio","tag-supremacismo","tag-tarifas","tag-trump","tag-lula"],"_links":{"self":[{"href":"https:\/\/blogs.correiobraziliense.com.br\/azedo\/wp-json\/wp\/v2\/posts\/11624","targetHints":{"allow":["GET"]}}],"collection":[{"href":"https:\/\/blogs.correiobraziliense.com.br\/azedo\/wp-json\/wp\/v2\/posts"}],"about":[{"href":"https:\/\/blogs.correiobraziliense.com.br\/azedo\/wp-json\/wp\/v2\/types\/post"}],"author":[{"embeddable":true,"href":"https:\/\/blogs.correiobraziliense.com.br\/azedo\/wp-json\/wp\/v2\/users\/39"}],"replies":[{"embeddable":true,"href":"https:\/\/blogs.correiobraziliense.com.br\/azedo\/wp-json\/wp\/v2\/comments?post=11624"}],"version-history":[{"count":2,"href":"https:\/\/blogs.correiobraziliense.com.br\/azedo\/wp-json\/wp\/v2\/posts\/11624\/revisions"}],"predecessor-version":[{"id":11630,"href":"https:\/\/blogs.correiobraziliense.com.br\/azedo\/wp-json\/wp\/v2\/posts\/11624\/revisions\/11630"}],"wp:featuredmedia":[{"embeddable":true,"href":"https:\/\/blogs.correiobraziliense.com.br\/azedo\/wp-json\/wp\/v2\/media\/11631"}],"wp:attachment":[{"href":"https:\/\/blogs.correiobraziliense.com.br\/azedo\/wp-json\/wp\/v2\/media?parent=11624"}],"wp:term":[{"taxonomy":"category","embeddable":true,"href":"https:\/\/blogs.correiobraziliense.com.br\/azedo\/wp-json\/wp\/v2\/categories?post=11624"},{"taxonomy":"post_tag","embeddable":true,"href":"https:\/\/blogs.correiobraziliense.com.br\/azedo\/wp-json\/wp\/v2\/tags?post=11624"}],"curies":[{"name":"wp","href":"https:\/\/api.w.org\/{rel}","templated":true}]}}