{"id":11620,"date":"2026-08-12T06:04:32","date_gmt":"2026-08-12T09:04:32","guid":{"rendered":"https:\/\/blogs.correiobraziliense.com.br\/azedo\/?p=11620"},"modified":"2026-08-13T00:09:04","modified_gmt":"2026-08-13T03:09:04","slug":"breve-historia-da-politica-brasileira-de-carneiro-leao-a-lula-da-silva","status":"publish","type":"post","link":"https:\/\/blogs.correiobraziliense.com.br\/azedo\/breve-historia-da-politica-brasileira-de-carneiro-leao-a-lula-da-silva\/","title":{"rendered":"Breve hist\u00f3ria da pol\u00edtica brasileira, de Carneiro Le\u00e3o a Lula da Silva"},"content":{"rendered":"<p><em><strong>A reelei\u00e7\u00e3o n\u00e3o pode depender apenas da frente formada por PT, PSB e outros partidos de esquerda, precisa de setores conservadores e velhas oligarquias<\/strong><\/em><\/p>\n<p>O apoio do presidente da C\u00e2mara, Hugo Motta (Republicanos-PB), \u00e0 reelei\u00e7\u00e3o de Luiz In\u00e1cio Lula da Silva vai al\u00e9m das conveni\u00eancias eleitorais da Para\u00edba. Reproduz o pacto entre o poder central e as oligarquias regionais, pelo qual interesses contradit\u00f3rios se acomodam em torno da governabilidade e da preserva\u00e7\u00e3o do poder. \u00c9 a recidiva da velha &#8220;pol\u00edtica de concilia\u00e7\u00e3o&#8221; incorporada ao projeto eleitoral de Lula.<\/p>\n<p>Jos\u00e9 Hon\u00f3rio Rodrigues analisou esse fen\u00f4meno em Concilia\u00e7\u00e3o e reforma no Brasil: um desafio hist\u00f3rico-pol\u00edtico (Editora Civiliza\u00e7\u00e3o Brasileira), escrito depois do golpe militar de 1964. Disc\u00edpulo de Capistrano de Abreu, o mestre via a concilia\u00e7\u00e3o de maneira cr\u00edtica: &#8220;Os poderes dominantes tiveram sempre for\u00e7a para conter as aspira\u00e7\u00f5es profundas de mudan\u00e7a e reverter os movimentos de modo a sustentar seu sistema e seus privil\u00e9gios&#8221;.<\/p>\n<p>Para Jos\u00e9 Hon\u00f3rio, a Independ\u00eancia, as revoltas do per\u00edodo regencial, a Rep\u00fablica e as crises de 1930, 1945, 1961 e 1964 revelavam uma caracter\u00edstica recorrente da forma\u00e7\u00e3o do Brasil: as estruturas do patronato brasileiro demonstram extraordin\u00e1ria capacidade de sobreviv\u00eancia. &#8220;O povo brasileiro \u00e9 uma v\u00edtima, um derrotado no processo hist\u00f3rico.&#8221;<\/p>\n<p>Essa contradi\u00e7\u00e3o atravessou a Rep\u00fablica. \u00c9 a raiz da &#8220;moderniza\u00e7\u00e3o pelo alto&#8221;, capaz de incorporar demandas sociais sem romper necessariamente com estruturas tradicionais. Como insistia Luiz Werneck Vianna em\u00a0A revolu\u00e7\u00e3o passiva (Revan), o Brasil se transforma sem abandonar o antigo. Modernizou a economia, urbanizou-se, democratizou institui\u00e7\u00f5es e ampliou direitos sem o moderno na pol\u00edtica dominante: preservou o patrimonialismo, o fisiologismo, as desigualdades e o poder das elites regionais.<\/p>\n<p><em>Leia tamb\u00e9m:<\/em>\u00a0<a href=\"https:\/\/blogs.correiobraziliense.com.br\/azedo\/apoio-de-motta-a-lula-mostra-politica-de-conveniencia-do-republicanos\/\"><strong>Apoio de Motta a Lula mostra pol\u00edtica de conveni\u00eancia do Republicanos<\/strong><\/a><\/p>\n<p>A matriz hist\u00f3rica dessa caracter\u00edstica da pol\u00edtica brasileira est\u00e1 no Imp\u00e9rio. Em 1853, Hon\u00f3rio Hermeto Carneiro Le\u00e3o, o Marqu\u00eas do Paran\u00e1, organizou o Gabinete da Concilia\u00e7\u00e3o, aproximando conservadores, os &#8220;saquaremas&#8221;, e liberais, os &#8220;luzias&#8221;. O conselheiro Nabuco de Ara\u00fajo, conservador, havia perdido as elei\u00e7\u00f5es em Pernambuco, mas aceitou participar do gabinete de maioria liberal, por\u00e9m sem abandonar seus aliados provinciais.<\/p>\n<p>Surgia ali a c\u00e9lebre &#8220;ponte de ouro&#8221; narrada por Joaquim Nabuco no monumental Um estadista no Imp\u00e9rio (Topbooks). Ao contr\u00e1rio de Capistrano e Hon\u00f3rio, Nabuco enxergava virtudes nessa engenharia. Para ele, o reformador brasileiro &#8220;det\u00e9m-se diante do obst\u00e1culo; d\u00e1 longas voltas para n\u00e3o atropelar nenhum direito&#8221;. Era uma concep\u00e7\u00e3o gradualista: mudar sem destruir as pontes com aqueles que controlavam parcelas importantes do poder.<\/p>\n<p><strong>Pacto de poder<\/strong><\/p>\n<p>O fato \u00e9 que governos reformistas estabeleceram alian\u00e7as com for\u00e7as conservadoras para governar. Juscelino Kubitschek construiu uma ampla composi\u00e7\u00e3o pol\u00edtica para executar o Plano de Metas. Fernando Henrique Cardoso aliou o PSDB ao PFL de Marco Maciel, Ant\u00f4nio Carlos Magalh\u00e3es e Jorge Bornhausen para garantir sustenta\u00e7\u00e3o parlamentar ao Plano Real e \u00e0s reformas constitucionais.<\/p>\n<p>Lula fez movimento semelhante nos dois primeiros mandatos, em alian\u00e7a com o ex-presidente Jos\u00e9 Sarney e as oligarquias regionais representadas no Congresso. Dilma Rousseff, por\u00e9m, entrou em conflito com parcelas importantes desse sistema, perdeu sua base parlamentar e acabou afastada pelo impeachment.<\/p>\n<p>No terceiro mandato, contingenciado pela correla\u00e7\u00e3o de for\u00e7as, Lula reencontrou essa estrutura ainda mais poderosa. O fortalecimento do Congresso por meio das emendas parlamentares e a ascens\u00e3o do Centr\u00e3o reduziram a autonomia do Executivo. A aproxima\u00e7\u00e3o com PP e Republicanos foi uma resposta pragm\u00e1tica a essa realidade. A elei\u00e7\u00e3o de Hugo Motta para a Presid\u00eancia da C\u00e2mara aprofundou o processo. \u00c9 nesse contexto que seu apoio \u00e0 reelei\u00e7\u00e3o de Lula adquire significado hist\u00f3rico.<\/p>\n<p><em>Leia mais:<\/em>\u00a0<a href=\"https:\/\/blogs.correiobraziliense.com.br\/azedo\/emendas-parlamentares-transformaram-o-congresso-em-casa-de-negocios\/\"><strong>Emendas parlamentares transformaram o Congresso em casa de neg\u00f3cios<\/strong><\/a><\/p>\n<p>Formalmente, o Republicanos permanece neutro na elei\u00e7\u00e3o presidencial. Politicamente, abriu espa\u00e7o para que suas lideran\u00e7as fa\u00e7am escolhas conforme as circunst\u00e2ncias estaduais. Tarc\u00edsio de Freitas preserva em S\u00e3o Paulo sua identidade conservadora e a liga\u00e7\u00e3o com o eleitorado bolsonarista, enquanto Motta apoia Lula na Para\u00edba. N\u00e3o demora muito ser\u00e1 a vez de o presidente do Senado, Davi Alcolumbre (Uni\u00e3o-AP), outro represenante do Centr\u00e3o, reaproximar-se de Lula em raz\u00e3o das elei\u00e7\u00f5es no Amap\u00e1; no rastro, do PP de Ciro Nogueira (PI). \u00c9 o velho pacto dos &#8220;luzias&#8221; e &#8220;saquaremas&#8221;.<\/p>\n<p>Lula conhece profundamente esse mecanismo. Sua candidatura \u00e0 reelei\u00e7\u00e3o n\u00e3o pode depender apenas da frente formada por PT, PSB e outros partidos de esquerda, precisa de setores conservadores que controlam governos estaduais, prefeituras e bancadas. Mudaram os partidos e os personagens, mas o pacto perverso atravessou o Imp\u00e9rio, sobreviveu \u00e0 Rep\u00fablica e chegou \u00e0 elei\u00e7\u00e3o de 2026. Mas h\u00e1 um pre\u00e7o para o transformismo: a concilia\u00e7\u00e3o \u00e9 eficiente para estabilizar o sistema pol\u00edtico, por\u00e9m \u00e0 custa da participa\u00e7\u00e3o popular e das reformas estruturais.<\/p>\n<p><em>Vale a pena ler de novo:\u00a0<\/em><\/p>\n<p><a href=\"https:\/\/blogs.correiobraziliense.com.br\/azedo\/nas-entrelinhas-conta-do-desajuste\/\"><strong>A conta do desajuste<\/strong><\/a><\/p>\n<p><a href=\"https:\/\/blogs.correiobraziliense.com.br\/azedo\/nas-entrelinhas-acordo-com-centrao-ressuscita-politica-de-conciliacao\/\"><strong>Acordo com Centr\u00e3o ressuscita pol\u00edtica de concilia\u00e7\u00e3o<\/strong><\/a><\/p>\n<p><strong>Nas entrelinhas<\/strong><em>: todas as colunas no<\/em>\u00a0<a href=\"https:\/\/blogs.correiobraziliense.com.br\/azedo\/\"><strong>Blog do Azedo<\/strong><\/a><\/p>\n<p>&nbsp;<\/p>\n<p>&nbsp;<\/p>\n","protected":false},"excerpt":{"rendered":"<p>A reelei\u00e7\u00e3o n\u00e3o pode depender apenas da frente formada por PT, PSB e outros partidos de esquerda, precisa de setores conservadores e velhas oligarquias O apoio do presidente da C\u00e2mara, Hugo Motta (Republicanos-PB), \u00e0 reelei\u00e7\u00e3o de Luiz In\u00e1cio Lula da Silva vai al\u00e9m das conveni\u00eancias eleitorais da Para\u00edba. Reproduz o pacto entre o poder central e as oligarquias regionais, pelo [&hellip;]<\/p>\n","protected":false},"author":39,"featured_media":11625,"comment_status":"open","ping_status":"closed","sticky":false,"template":"","format":"standard","meta":{"footnotes":""},"categories":[1223,6,980,371,4,22,485,7,92,972,3,9],"tags":[307,2180,77,1809,1463,832,10,1609],"class_list":["post-11620","post","type-post","status-publish","format-standard","has-post-thumbnail","hentry","category-brasilia","category-congresso","category-eleicoes-2","category-etica","category-governo","category-impeachment","category-imposto","category-justica","category-literatura","category-memoria","category-politica","category-politica-2","tag-alcolumbre","tag-capistrano","tag-congresso","tag-motta","tag-nabuco","tag-rodrigues","tag-lula","tag-werneck"],"_links":{"self":[{"href":"https:\/\/blogs.correiobraziliense.com.br\/azedo\/wp-json\/wp\/v2\/posts\/11620","targetHints":{"allow":["GET"]}}],"collection":[{"href":"https:\/\/blogs.correiobraziliense.com.br\/azedo\/wp-json\/wp\/v2\/posts"}],"about":[{"href":"https:\/\/blogs.correiobraziliense.com.br\/azedo\/wp-json\/wp\/v2\/types\/post"}],"author":[{"embeddable":true,"href":"https:\/\/blogs.correiobraziliense.com.br\/azedo\/wp-json\/wp\/v2\/users\/39"}],"replies":[{"embeddable":true,"href":"https:\/\/blogs.correiobraziliense.com.br\/azedo\/wp-json\/wp\/v2\/comments?post=11620"}],"version-history":[{"count":3,"href":"https:\/\/blogs.correiobraziliense.com.br\/azedo\/wp-json\/wp\/v2\/posts\/11620\/revisions"}],"predecessor-version":[{"id":11627,"href":"https:\/\/blogs.correiobraziliense.com.br\/azedo\/wp-json\/wp\/v2\/posts\/11620\/revisions\/11627"}],"wp:featuredmedia":[{"embeddable":true,"href":"https:\/\/blogs.correiobraziliense.com.br\/azedo\/wp-json\/wp\/v2\/media\/11625"}],"wp:attachment":[{"href":"https:\/\/blogs.correiobraziliense.com.br\/azedo\/wp-json\/wp\/v2\/media?parent=11620"}],"wp:term":[{"taxonomy":"category","embeddable":true,"href":"https:\/\/blogs.correiobraziliense.com.br\/azedo\/wp-json\/wp\/v2\/categories?post=11620"},{"taxonomy":"post_tag","embeddable":true,"href":"https:\/\/blogs.correiobraziliense.com.br\/azedo\/wp-json\/wp\/v2\/tags?post=11620"}],"curies":[{"name":"wp","href":"https:\/\/api.w.org\/{rel}","templated":true}]}}