{"id":11616,"date":"2026-08-11T08:20:05","date_gmt":"2026-08-11T11:20:05","guid":{"rendered":"https:\/\/blogs.correiobraziliense.com.br\/azedo\/?p=11616"},"modified":"2026-08-11T08:20:27","modified_gmt":"2026-08-11T11:20:27","slug":"apoio-de-motta-a-lula-mostra-politica-de-conveniencia-do-republicanos","status":"publish","type":"post","link":"https:\/\/blogs.correiobraziliense.com.br\/azedo\/apoio-de-motta-a-lula-mostra-politica-de-conveniencia-do-republicanos\/","title":{"rendered":"Apoio de Motta a Lula mostra pol\u00edtica de conveni\u00eancia do Republicanos"},"content":{"rendered":"<p><strong><em>A escolha obedece \u00e0 realidade eleitoral da Para\u00edba. O presidente da C\u00e2mara precisa preservar influ\u00eancia, renovar seu mandato e eleger o pai, Nabor Wanderley, para o Senado<\/em><\/strong><\/p>\n<p>O apoio do presidente da C\u00e2mara, Hugo Motta, \u00e0 reelei\u00e7\u00e3o de Luiz In\u00e1cio Lula da Silva exp\u00f5e a ambiguidade eleitoral do Republicanos. Formalmente, o partido decidiu permanecer neutro na disputa pelo Pal\u00e1cio do Planalto, n\u00e3o indicar o candidato a vice de Fl\u00e1vio Bolsonaro nem integrar nenhuma coliga\u00e7\u00e3o presidencial. Na pr\u00e1tica, liberou seus dirigentes e diret\u00f3rios estaduais para escolherem publicamente o lado mais conveniente \u00e0s respectivas circunst\u00e2ncias locais. \u00c9 uma salvo-conduto para m\u00faltiplas alian\u00e7as regionais, inclusive com for\u00e7as antag\u00f4nicas.<\/p>\n<p>Foi o que permitiu a Hugo Motta anunciar o apoio a Lula sem romper com a dire\u00e7\u00e3o partid\u00e1ria. &#8220;A tend\u00eancia nossa aqui na Para\u00edba \u00e9 que caminhemos com o presidente Lula&#8221;, declarou, acrescentando que o petista representa aquilo que seu grupo considera &#8220;o melhor para o pa\u00eds&#8221;. O presidente da C\u00e2mara aguardou deliberadamente a decis\u00e3o nacional do Republicanos para somente ent\u00e3o revelar sua posi\u00e7\u00e3o. O Republicanos da Para\u00edba apoiar\u00e1 a reelei\u00e7\u00e3o de Lula, segundo Motta.<\/p>\n<p>A escolha obedece \u00e0 realidade eleitoral da Para\u00edba. Motta precisa renovar seu mandato, preservar a influ\u00eancia nacional conquistada na Presid\u00eancia da C\u00e2mara e eleger o pai, Nabor Wanderley, para o Senado. Seu grupo participa da alian\u00e7a que sustenta o governador Lucas Ribeiro, do PP, herdeiro da coaliz\u00e3o liderada anteriormente por Jo\u00e3o Azev\u00eado, do PSB, e apoiada por Lula. Embora o atual governador n\u00e3o perten\u00e7a \u00e0 esquerda, governa com uma composi\u00e7\u00e3o na qual PT e PSB exercem grande influ\u00eancia. O que tamb\u00e9m explica a neutralidade do presidente do PP, senador Ciro Nogueira (PI).<\/p>\n<p>Romper com Lula na Para\u00edba significaria desafiar um eleitorado majoritariamente lulista e colocar em risco a pr\u00f3pria sobreviv\u00eancia pol\u00edtica do grupo de Motta. Os n\u00fameros explicam o movimento. Na pesquisa Genial\/Quaest, Lula ampliou de 57% para 64% sua vota\u00e7\u00e3o num eventual segundo turno no Nordeste, enquanto Fl\u00e1vio Bolsonaro recuou de 31% para 25%. A diferen\u00e7a de 39 pontos transforma qualquer tentativa de impor um palanque bolsonarista exclusivo na regi\u00e3o em aventura de alto risco.<\/p>\n<p><em>Leia tamb\u00e9m:<\/em>\u00a0<a href=\"https:\/\/www.correiobraziliense.com.br\/politica\/2026\/08\/7476865-no-1-turno-lula-oscila-para-40-e-flavio-recua-a-35-mostra-nexus-btg.html\"><strong>No 1\u00ba turno, Lula oscila para 40% e Fl\u00e1vio recua a 35%, mostra Nexus\/BTG<\/strong><\/a><\/p>\n<p>Nacionalmente, Lula aparece com 39% no primeiro turno, contra 30% de Fl\u00e1vio, e vence o segundo por 44% a 39%. Fl\u00e1vio cresceu e reduziu a dist\u00e2ncia, mas ainda n\u00e3o conseguiu transformar a polariza\u00e7\u00e3o social existente no pa\u00eds numa coaliz\u00e3o partid\u00e1ria equivalente \u00e0quela que sustentava seu pai.<\/p>\n<p><strong>S\u00e3o Paulo e Minas<\/strong><\/p>\n<p>A decis\u00e3o do Republicanos tamb\u00e9m revela uma estrat\u00e9gia que mira as elei\u00e7\u00f5es de 2030. Tarc\u00edsio de Freitas, principal lideran\u00e7a da legenda e candidato \u00e0 reelei\u00e7\u00e3o em S\u00e3o Paulo, depende do eleitorado bolsonarista para se manter no Pal\u00e1cio dos Bandeirantes, mas n\u00e3o deseja subordinar completamente seu futuro pol\u00edtico ao projeto pessoal de Fl\u00e1vio.<\/p>\n<p>Tarc\u00edsio mira 2030, quando o cen\u00e1rio poder\u00e1 ser definido pela sucess\u00e3o simult\u00e2nea de Lula e de Jair Bolsonaro como grandes polos organizadores da pol\u00edtica nacional. Para chegar competitivo a essa elei\u00e7\u00e3o, precisa conservar o apoio da direita, dialogar com o centro, cultivar rela\u00e7\u00f5es institucionais com o governo federal e n\u00e3o se tornar mero coadjuvante do cl\u00e3 Bolsonaro. O Republicanos procura ocupar simultaneamente o governo e a oposi\u00e7\u00e3o, o Nordeste lulista e o Sudeste conservador, a elei\u00e7\u00e3o de 2026 e a sucess\u00e3o de 2030.<\/p>\n<p>O mesmo fen\u00f4meno aparece em Minas Gerais, onde a candidatura camale\u00f4nica de Cleitinho Azevedo ao governo embaralhou os palanques presidenciais. O senador do Republicanos chegou a ser impedido pelo pr\u00f3prio partido de concorrer, reagiu publicamente e acabou reconduzido \u00e0 disputa depois da interven\u00e7\u00e3o de dirigentes interessados em sua capacidade de puxar votos para as chapas proporcionais.<\/p>\n<p>Cleitinho lidera a corrida mineira com 35%, muito \u00e0 frente de Alexandre Kalil, com 12%, e Patrus Ananias, com 10%. No plano presidencial, por\u00e9m, Minas est\u00e1 dividida: Lula tem 30% e Fl\u00e1vio, 29%, no primeiro turno; num eventual segundo turno, o petista aparece com 38% e o bolsonarista, com 35%, ambos em empate t\u00e9cnico. A pesquisa mineira mostra a lideran\u00e7a isolada de Cleitinho e o equil\u00edbrio entre Lula e Fl\u00e1vio.<\/p>\n<p>Leia mais: <a href=\"https:\/\/www.correiobraziliense.com.br\/politica\/2026\/08\/7476972-eleicoes-2026-brigas-e-reviravoltas-antes-mesmo-do-inicio-da-batalha-em-mg.html\"><strong>Brigas e reviravoltas antes mesmo do in\u00edcio da batalha em MG<\/strong><\/a><\/p>\n<p>Qual \u00e9 a do Cleitinho? Ele necessita dos eleitores bolsonaristas, mas n\u00e3o pode hostilizar a parcela lulista de Minas nem atrelar completamente sua candidatura a um presidenci\u00e1vel que aparece numericamente atr\u00e1s no estado. Nos bastidores, prevalece a expectativa de que abra o palanque, permitindo que aliados e candidatos proporcionais fa\u00e7am campanha para Fl\u00e1vio ou Lula segundo suas bases.<\/p>\n<p>Vale a pena ler de novo:<\/p>\n<p><a href=\"https:\/\/blogs.correiobraziliense.com.br\/azedo\/fortes-em-go-e-mg-caiado-e-zema-nao-conseguem-nacionalizar-candidaturas\/\"><strong>Fortes em GO e MG, Caiado e Zema n\u00e3o conseguem nacionalizar candidaturas<\/strong><\/a><\/p>\n<p><a href=\"https:\/\/blogs.correiobraziliense.com.br\/azedo\/aliado-a-rubio-milei-e-netanyahu-flavio-dobra-aposta-na-crise-externa\/\"><strong>Aliado a Rubio, Milei e Netanyahu, Fl\u00e1vio dobra aposta na crise externa<\/strong><\/a><\/p>\n<p><strong>Nas entrelinhas<\/strong><em>: todas as colunas no<\/em>\u00a0<a href=\"https:\/\/blogs.correiobraziliense.com.br\/azedo\/\"><strong>Blog do Azedo<\/strong><\/a><\/p>\n","protected":false},"excerpt":{"rendered":"<p>A escolha obedece \u00e0 realidade eleitoral da Para\u00edba. O presidente da C\u00e2mara precisa preservar influ\u00eancia, renovar seu mandato e eleger o pai, Nabor Wanderley, para o Senado O apoio do presidente da C\u00e2mara, Hugo Motta, \u00e0 reelei\u00e7\u00e3o de Luiz In\u00e1cio Lula da Silva exp\u00f5e a ambiguidade eleitoral do Republicanos. Formalmente, o partido decidiu permanecer neutro na disputa pelo Pal\u00e1cio do [&hellip;]<\/p>\n","protected":false},"author":39,"featured_media":11621,"comment_status":"open","ping_status":"closed","sticky":false,"template":"","format":"standard","meta":{"footnotes":""},"categories":[1223,6,980,4,302,2177,8,3,323],"tags":[2179,1172,1868,2178,636,1027,10],"class_list":["post-11616","post","type-post","status-publish","format-standard","has-post-thumbnail","hentry","category-brasilia","category-congresso","category-eleicoes-2","category-governo","category-minas","category-paraiba","category-partidos","category-politica","category-sao-paulo","tag-cleitinho","tag-minas","tag-mota","tag-paraiba","tag-sao-paulo","tag-tarcisio","tag-lula"],"_links":{"self":[{"href":"https:\/\/blogs.correiobraziliense.com.br\/azedo\/wp-json\/wp\/v2\/posts\/11616","targetHints":{"allow":["GET"]}}],"collection":[{"href":"https:\/\/blogs.correiobraziliense.com.br\/azedo\/wp-json\/wp\/v2\/posts"}],"about":[{"href":"https:\/\/blogs.correiobraziliense.com.br\/azedo\/wp-json\/wp\/v2\/types\/post"}],"author":[{"embeddable":true,"href":"https:\/\/blogs.correiobraziliense.com.br\/azedo\/wp-json\/wp\/v2\/users\/39"}],"replies":[{"embeddable":true,"href":"https:\/\/blogs.correiobraziliense.com.br\/azedo\/wp-json\/wp\/v2\/comments?post=11616"}],"version-history":[{"count":2,"href":"https:\/\/blogs.correiobraziliense.com.br\/azedo\/wp-json\/wp\/v2\/posts\/11616\/revisions"}],"predecessor-version":[{"id":11622,"href":"https:\/\/blogs.correiobraziliense.com.br\/azedo\/wp-json\/wp\/v2\/posts\/11616\/revisions\/11622"}],"wp:featuredmedia":[{"embeddable":true,"href":"https:\/\/blogs.correiobraziliense.com.br\/azedo\/wp-json\/wp\/v2\/media\/11621"}],"wp:attachment":[{"href":"https:\/\/blogs.correiobraziliense.com.br\/azedo\/wp-json\/wp\/v2\/media?parent=11616"}],"wp:term":[{"taxonomy":"category","embeddable":true,"href":"https:\/\/blogs.correiobraziliense.com.br\/azedo\/wp-json\/wp\/v2\/categories?post=11616"},{"taxonomy":"post_tag","embeddable":true,"href":"https:\/\/blogs.correiobraziliense.com.br\/azedo\/wp-json\/wp\/v2\/tags?post=11616"}],"curies":[{"name":"wp","href":"https:\/\/api.w.org\/{rel}","templated":true}]}}