{"id":11605,"date":"2026-08-06T08:17:08","date_gmt":"2026-08-06T11:17:08","guid":{"rendered":"https:\/\/blogs.correiobraziliense.com.br\/azedo\/?p=11605"},"modified":"2026-08-06T08:17:08","modified_gmt":"2026-08-06T11:17:08","slug":"com-tarifaco-e-interferencia-nas-nossas-eleicoes-trump-pode-dar-um-tiro-pela-culatra","status":"publish","type":"post","link":"https:\/\/blogs.correiobraziliense.com.br\/azedo\/com-tarifaco-e-interferencia-nas-nossas-eleicoes-trump-pode-dar-um-tiro-pela-culatra\/","title":{"rendered":"Com tarifa\u00e7o e interfer\u00eancia nas nossas elei\u00e7\u00f5es, Trump pode dar um tiro pela culatra"},"content":{"rendered":"<p><em><strong>Conflito fortalece a narrativa de que existe uma frente internacional empenhada em derrotar o governo brasileiro, mas alimenta cr\u00edticas da oposi\u00e7\u00e3o \u00e0 diplomacia de Lula<\/strong><\/em><\/p>\n<p>\u201cO Brasil n\u00e3o \u00e9 para principiantes\u201d, atribu\u00edda ao compositor e maestro Tom Jobim, a frase serve como uma luva para Marco Rubio, secret\u00e1rio de Estado norte-americano e principal arquiteto da mudan\u00e7a de orienta\u00e7\u00e3o dos Estados Unidos para a Am\u00e9rica Latina. A pol\u00edtica de press\u00e3o concebida em Washington que pretende enfraquecer o presidente Luiz In\u00e1cio Lula da Silva pode ser um tiro pela culatra.<\/p>\n<p>At\u00e9 agora, deu a Lula a oportunidade de transformar a crise diplom\u00e1tica numa disputa em defesa da soberania nacional. O tarifa\u00e7o contra produtos brasileiros, os contatos de integrantes do governo Trump com aliados de Fl\u00e1vio Bolsonaro, a tentativa de enviar funcion\u00e1rios do Departamento de Estado para discutir a integridade das urnas e a revoga\u00e7\u00e3o do visto da embaixadora Maria Luiza Ribeiro Viotti s\u00e3o iniciativas consideradas inger\u00eancias nas elei\u00e7\u00f5es deste ano pelo Pal\u00e1cio do Planalto. Washington condiciona a restaura\u00e7\u00e3o do visto de Viotti \u00e0 aprova\u00e7\u00e3o de Daniel Perez como embaixador dos Estados Unidos.<\/p>\n<p>Nenhuma dessas medidas, isoladamente, decide uma elei\u00e7\u00e3o. Juntas, por\u00e9m, permitem que Lula apresente o confronto como uma disputa entre os interesses nacionais e uma pot\u00eancia estrangeira interessada no resultado das urnas. Ocupa o lugar institucional de chefe de Estado agredido por press\u00f5es externas, enquanto Fl\u00e1vio Bolsonaro corre o risco de ser associado a uma articula\u00e7\u00e3o internacional contra seu pr\u00f3prio pa\u00eds.<\/p>\n<p>Trump e Rubio talvez tenham subestimado a complexidade da pol\u00edtica brasileira. A press\u00e3o externa costuma estimular rea\u00e7\u00f5es nacionalistas. Lula mobiliza a milit\u00e2ncia de esquerda, busca apoio de setores democr\u00e1ticos e de eleitores moderados. Quanto mais expl\u00edcita e truculenta for a tentativa norte-americana de influenciar o processo eleitoral, maior ser\u00e1 a possibilidade de Lula se apresentar como defensor da autonomia do pa\u00eds. Entretanto, se a condi\u00e7\u00e3o de v\u00edtima o favorece, o santo \u00e9 de barro. Lula precisa calibrar suas rea\u00e7\u00f5es para n\u00e3o agir com soberba e irresponsabilidade.<\/p>\n<p><em>Leia tamb\u00e9m:<\/em>\u00a0<a href=\"https:\/\/www.correiobraziliense.com.br\/mundo\/2026\/08\/7474500-a-dois-meses-da-eleicao-brasil-enfrenta-crises-diplomaticas-ineditas-com-eua-e-argentina.html\"><strong>A dois meses da elei\u00e7\u00e3o, Brasil enfrenta crises diplom\u00e1ticas in\u00e9ditas com EUA e Argentina<\/strong><\/a><\/p>\n<p>A Casa Branca promove a reorganiza\u00e7\u00e3o da direita latino-americana. Marco Rubio procura consolidar um eixo conservador no continente, conter a presen\u00e7a econ\u00f4mica da China e apoiar governos identificados com a agenda de Trump. No Cone Sul, Javier Milei tornou-se a principal express\u00e3o desse movimento. Sua participa\u00e7\u00e3o no lan\u00e7amento da candidatura de Fl\u00e1vio Bolsonaro, em S\u00e3o Paulo, e os ataques feitos a Lula e ao ministro Alexandre de Moraes provocaram uma deteriora\u00e7\u00e3o sem precedentes nas rela\u00e7\u00f5es entre Brasil e Argentina.<\/p>\n<p>A Am\u00e9rica Latina n\u00e3o \u00e9 um tabuleiro no qual Washington movimenta aliados sem provocar rea\u00e7\u00f5es locais. O conflito fortalece a narrativa oficial de que existe uma frente internacional empenhada em derrotar o governo brasileiro, mas tamb\u00e9m gera cr\u00edticas da oposi\u00e7\u00e3o \u00e0 diplomacia de Lula. Jogar na defensiva n\u00e3o \u00e9 vergonha para o Itamaraty. Brasil e Argentina compartilham fronteira, com\u00e9rcio, cadeias produtivas e o Mercosul. Milei pode mobilizar sua base atacando Lula, mas n\u00e3o pode romper os v\u00ednculos econ\u00f4micos entre os dois pa\u00edses sem impor custos \u00e0 pr\u00f3pria Argentina.<\/p>\n<p><strong>Resili\u00eancia<\/strong><\/p>\n<p>Trump disp\u00f5e de instrumentos poderosos, principalmente o acesso ao mercado norte-americano, as san\u00e7\u00f5es e as tarifas. Ainda assim, poder econ\u00f4mico n\u00e3o se converte automaticamente em influ\u00eancia eleitoral. A pesquisa Genial\/Quaest divulgada ontem mostra essa ambival\u00eancia. Lula continua na lideran\u00e7a, com 39% contra 30% de Fl\u00e1vio Bolsonaro no primeiro turno e 44% a 39% no segundo. Entretanto, o senador recomp\u00f4s parte da unidade da direita, reduziu a rejei\u00e7\u00e3o e aumentou a convic\u00e7\u00e3o de seus eleitores.<\/p>\n<p>Mas a reconcilia\u00e7\u00e3o com Michelle Bolsonaro e a rea\u00e7\u00e3o \u00e0s restri\u00e7\u00f5es judiciais para visitar o pai contribu\u00edram mais para sua recupera\u00e7\u00e3o do que o confronto de Lula com os Estados Unidos. O outro lado da moeda s\u00e3o os limites dos dividendos nacionalistas. Em julho, 51% consideravam que ele defendia melhor o Brasil, contra 34% que apontavam Fl\u00e1vio. Agora, a diferen\u00e7a caiu de 17 para oito pontos: 46% a 38%.<\/p>\n<p><em>Leia mais:<\/em><a href=\"https:\/\/www.correiobraziliense.com.br\/politica\/2026\/08\/7474293-lula-diz-que-enfrentara-tentativas-de-interferencia-nas-eleicoes.html\"><strong>\u00a0Lula diz que enfrentar\u00e1 tentativas de interfer\u00eancia nas elei\u00e7\u00f5es<\/strong><\/a><\/p>\n<p>Ao mesmo tempo, a avalia\u00e7\u00e3o da resposta do governo ao tarifa\u00e7o passou de um saldo positivo de tr\u00eas pontos para um saldo negativo de cinco: 43% consideram que Lula reagiu mal e 38%, bem. Portanto, a press\u00e3o de Trump continua favorecendo a narrativa do presidente, mas a administra\u00e7\u00e3o efetiva da crise j\u00e1 come\u00e7a a ser cobrada. Ser\u00e1 uma corrida contra o tempo mitigar os efeitos negativos da crise diplom\u00e1tica at\u00e9 as elei\u00e7\u00f5es.<\/p>\n<p>A grande inc\u00f3gnita \u00e9 o impacto econ\u00f4mico das tarifas. O com\u00e9rcio com os Estados Unidos representa cerca de 2% do PIB brasileiro, propor\u00e7\u00e3o que permite ao governo sustentar que o pa\u00eds disp\u00f5e de escala, mercado interno, reservas internacionais e parceiros comerciais suficientes para absorver o choque.<\/p>\n<p>A diversifica\u00e7\u00e3o das exporta\u00e7\u00f5es, principalmente em dire\u00e7\u00e3o \u00e0 China, \u00e0 Uni\u00e3o Europeia e aos demais pa\u00edses do Sul Global, reduz a capacidade de Washington estrangular a economia brasileira. Essa resili\u00eancia macroecon\u00f4mica, entretanto, n\u00e3o elimina os preju\u00edzos para empresas exportadoras, cadeias industriais integradas aos Estados Unidos e regi\u00f5es dependentes de produtos de exporta\u00e7\u00e3o para os Estados Unidos. Isso repercute eleitoralmente nos setores e estados mais atingidos.<\/p>\n<p><em>Vale a pena ler de novo:<\/em><\/p>\n<p><a href=\"https:\/\/blogs.correiobraziliense.com.br\/azedo\/aliado-a-rubio-milei-e-netanyahu-flavio-dobra-aposta-na-crise-externa\/\"><strong>Aliado a Rubio, Milei e Netanyahu, Fl\u00e1vio dobra aposta na crise externa<\/strong><\/a><\/p>\n<p><a href=\"https:\/\/blogs.correiobraziliense.com.br\/azedo\/quando-a-distopia-americana-de-trump-vai-alem-do-genero-literario\/\"><strong>Quando a distopia americana de Trump vai muito al\u00e9m do g\u00eanero liter\u00e1rio<\/strong><\/a><\/p>\n<p><strong>Nas entrelinhas<\/strong><em>: todas as colunas no<\/em>\u00a0<a href=\"https:\/\/blogs.correiobraziliense.com.br\/azedo\/\"><strong>Blog do Azedo<\/strong><\/a><\/p>\n<p>&nbsp;<\/p>\n","protected":false},"excerpt":{"rendered":"<p>Conflito fortalece a narrativa de que existe uma frente internacional empenhada em derrotar o governo brasileiro, mas alimenta cr\u00edticas da oposi\u00e7\u00e3o \u00e0 diplomacia de Lula \u201cO Brasil n\u00e3o \u00e9 para principiantes\u201d, atribu\u00edda ao compositor e maestro Tom Jobim, a frase serve como uma luva para Marco Rubio, secret\u00e1rio de Estado norte-americano e principal arquiteto da mudan\u00e7a de orienta\u00e7\u00e3o dos Estados [&hellip;]<\/p>\n","protected":false},"author":39,"featured_media":11511,"comment_status":"open","ping_status":"closed","sticky":false,"template":"","format":"standard","meta":{"footnotes":""},"categories":[291,1223,36,980,589,370,1950,4,485,369,7,972,3,9,76],"tags":[1733,254,2176,58,2175,10,1998],"class_list":["post-11605","post","type-post","status-publish","format-standard","has-post-thumbnail","hentry","category-argentina","category-brasilia","category-economia","category-eleicoes-2","category-eua","category-exportacoes","category-geografia","category-governo","category-imposto","category-itamaraty","category-justica","category-memoria","category-politica","category-politica-2","category-trump","tag-flavio","tag-itamaraty","tag-perez","tag-trump","tag-viotti","tag-lula","tag-rubio"],"_links":{"self":[{"href":"https:\/\/blogs.correiobraziliense.com.br\/azedo\/wp-json\/wp\/v2\/posts\/11605","targetHints":{"allow":["GET"]}}],"collection":[{"href":"https:\/\/blogs.correiobraziliense.com.br\/azedo\/wp-json\/wp\/v2\/posts"}],"about":[{"href":"https:\/\/blogs.correiobraziliense.com.br\/azedo\/wp-json\/wp\/v2\/types\/post"}],"author":[{"embeddable":true,"href":"https:\/\/blogs.correiobraziliense.com.br\/azedo\/wp-json\/wp\/v2\/users\/39"}],"replies":[{"embeddable":true,"href":"https:\/\/blogs.correiobraziliense.com.br\/azedo\/wp-json\/wp\/v2\/comments?post=11605"}],"version-history":[{"count":2,"href":"https:\/\/blogs.correiobraziliense.com.br\/azedo\/wp-json\/wp\/v2\/posts\/11605\/revisions"}],"predecessor-version":[{"id":11610,"href":"https:\/\/blogs.correiobraziliense.com.br\/azedo\/wp-json\/wp\/v2\/posts\/11605\/revisions\/11610"}],"wp:featuredmedia":[{"embeddable":true,"href":"https:\/\/blogs.correiobraziliense.com.br\/azedo\/wp-json\/wp\/v2\/media\/11511"}],"wp:attachment":[{"href":"https:\/\/blogs.correiobraziliense.com.br\/azedo\/wp-json\/wp\/v2\/media?parent=11605"}],"wp:term":[{"taxonomy":"category","embeddable":true,"href":"https:\/\/blogs.correiobraziliense.com.br\/azedo\/wp-json\/wp\/v2\/categories?post=11605"},{"taxonomy":"post_tag","embeddable":true,"href":"https:\/\/blogs.correiobraziliense.com.br\/azedo\/wp-json\/wp\/v2\/tags?post=11605"}],"curies":[{"name":"wp","href":"https:\/\/api.w.org\/{rel}","templated":true}]}}