{"id":11600,"date":"2026-08-05T08:06:50","date_gmt":"2026-08-05T11:06:50","guid":{"rendered":"https:\/\/blogs.correiobraziliense.com.br\/azedo\/?p=11600"},"modified":"2026-08-05T08:07:24","modified_gmt":"2026-08-05T11:07:24","slug":"escandalo-do-inss-chega-ao-planalto-e-poe-campanha-de-lula-na-defensiva","status":"publish","type":"post","link":"https:\/\/blogs.correiobraziliense.com.br\/azedo\/escandalo-do-inss-chega-ao-planalto-e-poe-campanha-de-lula-na-defensiva\/","title":{"rendered":"Esc\u00e2ndalo do INSS chega ao Planalto e p\u00f5e campanha de Lula na defensiva"},"content":{"rendered":"<p><em><strong>O caso equaliza os desgastes de seu principal advers\u00e1rio, Fl\u00e1vio Bolsonaro (PL), com seu envolvimento com o banqueiro Daniel Vorcaro, protagonista do rombo do Banco Master<\/strong><\/em><\/p>\n<p>Era pedra cantada que o esc\u00e2ndalo do INSS se transformaria numa dor de cabe\u00e7a para a campanha de reelei\u00e7\u00e3o do presidente Luiz In\u00e1cio Lula da Silva (PT). O que n\u00e3o estava no radar dos gerenciadores de crise do Pal\u00e1cio do Planalto era que, al\u00e9m das investiga\u00e7\u00f5es sobre F\u00e1bio Lu\u00eds Lula da Silva, o Lulinha, o caso chegaria a Marco Aur\u00e9lio Santana Ribeiro, o Marcola, ex-chefe de gabinete do presidente, assessor discreto e poderoso, que atendia as liga\u00e7\u00f5es para o celular do presidente da Rep\u00fablica e entrava no seu gabinete sem se anunciar.<\/p>\n<p>Marcola afirmou ter transferido R$ 249 mil da empres\u00e1ria Roberta Luchsinger, investigada pela Pol\u00edcia Federal e apontada como amiga e poss\u00edvel intermedi\u00e1ria de interesses do filho de Lula. Marcola afirma que o dinheiro foi para quitar um empr\u00e9stimo pessoal. O problema pol\u00edtico \u00e9 que, at\u00e9 agora, n\u00e3o apresentou publicamente os comprovantes da contrata\u00e7\u00e3o e do pagamento. Surpreendido, Lula cobrou explica\u00e7\u00f5es de seu ex-auxiliar, que deixou o gabinete para atuar na campanha h\u00e1 algumas semanas.<\/p>\n<p>Mais do que um constrangimento para o Pal\u00e1cio do Planalto, o epis\u00f3dio criou uma crise na campanha de Lula, porque a movimenta\u00e7\u00e3o financeira partiu de uma personagem investigada no esc\u00e2ndalo do INSS, com pr\u00e1ticas de lobista que levaram a Pol\u00edcia Federal a abrir tr\u00eas frentes de apura\u00e7\u00e3o envolvendo Lulinha. De certa forma, o caso equaliza os desgastes de seu principal advers\u00e1rio, Fl\u00e1vio Bolsonaro (PL), com seu envolvimento com o banqueiro Daniel Vorcaro, protagonista do esc\u00e2ndalo do Banco Master.<\/p>\n<p>O esc\u00e2ndalo do INSS ressurgiu no pior momento. Depois de gastar bilh\u00f5es de reais para ressarcir aposentados e pensionistas pelos descontos associativos n\u00e3o autorizados em seus benef\u00edcios, o governo esperava virar a p\u00e1gina da Opera\u00e7\u00e3o Sem Desconto. A restitui\u00e7\u00e3o reduziu o preju\u00edzo imediato das v\u00edtimas, por\u00e9m n\u00e3o eliminou as perguntas mais perigosas: quem se beneficiou do esquema e at\u00e9 onde chegavam suas conex\u00f5es dentro do poder?<\/p>\n<p>Leia tamb\u00e9m:\u00a0<a href=\"https:\/\/www.correiobraziliense.com.br\/brasil\/2026\/08\/7473262-pf-mira-senador-weverton-e-o-advogado-willer-tomaz-em-nova-acao-do-inss.html\"><strong>PF mira familiares do senador Weverton e o advogado Willer Tomaz em nova a\u00e7\u00e3o do INSS<\/strong><\/a><\/p>\n<p>As investiga\u00e7\u00f5es come\u00e7aram pela cobran\u00e7a irregular de mensalidades de associa\u00e7\u00f5es e sindicatos nos benef\u00edcios previdenci\u00e1rios. Segundo a Pol\u00edcia Federal, entidades obtinham autoriza\u00e7\u00f5es inexistentes ou fraudulentas e descontavam valores diretamente de aposentadorias e pens\u00f5es. Ant\u00f4nio Carlos Camilo Antunes, o Careca do INSS, \u00e9 apontado como um dos principais operadores do esquema, que envolve servidores, dirigentes de entidades, empres\u00e1rios e agentes pol\u00edticos na arrecada\u00e7\u00e3o, intermedia\u00e7\u00e3o e\/ou da lavagem do dinheiro.<\/p>\n<p>O nome de Lulinha apareceu a partir das rela\u00e7\u00f5es de Antunes com Roberta Luchsinger. Edson Claro, ex-funcion\u00e1rio do Careca do INSS, declarou que o lobista teria feito um pagamento milion\u00e1rio ao filho do presidente e lhe repassaria uma &#8220;mesada&#8221; de R$ 300 mil. Uma mensagem analisada pelos investigadores registra Antunes indicando &#8220;o filho do rapaz&#8221; como destinat\u00e1rio de um pagamento, seguido de uma transfer\u00eancia de R$ 300 mil para uma empresa de Roberta. A interpreta\u00e7\u00e3o de que a express\u00e3o se referia a Lulinha \u00e9 uma hip\u00f3tese ainda sob investiga\u00e7\u00e3o.<\/p>\n<p><strong>Tr\u00e1fico de influ\u00eancia<\/strong><\/p>\n<p>A Pol\u00edcia Federal tamb\u00e9m identificou viagens de Lulinha, Antunes e Roberta \u00e0 Europa em per\u00edodos coincidentes. A defesa reconhece que Lulinha viajou a convite do empres\u00e1rio para conhecer um projeto relacionado a medicamentos \u00e0 base de canabidiol, mas nega que os dois tenham mantido neg\u00f3cios. Tamb\u00e9m rejeita a acusa\u00e7\u00e3o de que o filho de Lula tenha recebido dinheiro do Careca do INSS ou atuado para facilitar seus interesses no governo.<\/p>\n<p>A primeira investiga\u00e7\u00e3o autorizada pelo ministro Andr\u00e9 Mendon\u00e7a, do Supremo Tribunal Federal (STF), apura suspeitas de corrup\u00e7\u00e3o e tr\u00e1fico de influ\u00eancia em favor de Antunes. O objetivo \u00e9 verificar se Lulinha teria usado sua proximidade com o presidente para abrir portas no Minist\u00e9rio da Sa\u00fade e em outros \u00f3rg\u00e3os para projetos de cannabis medicinal e telemedicina.<\/p>\n<p>A segunda apura uma poss\u00edvel atua\u00e7\u00e3o em benef\u00edcio de empres\u00e1rios interessados em contratos da Dataprev, empresa p\u00fablica que administra dados previdenci\u00e1rios. A terceira, autorizada pelo ministro Fl\u00e1vio Dino, examina neg\u00f3cios supostamente irregulares de um grupo ligado a Roberta Luchsinger em diferentes \u00e1reas da administra\u00e7\u00e3o federal. Os detalhes permanecem sob sigilo.<\/p>\n<p>A defesa diz que Lulinha se colocar\u00e1 \u00e0 disposi\u00e7\u00e3o das autoridades, nega qualquer rela\u00e7\u00e3o direta ou indireta com irregularidades e acusa setores da Pol\u00edcia Federal de promover vazamentos seletivos com objetivos eleitorais. Dino autorizou uma investiga\u00e7\u00e3o espec\u00edfica sobre a divulga\u00e7\u00e3o ilegal de informa\u00e7\u00f5es sigilosas. Lula, por sua vez, adotou a \u00fanica posi\u00e7\u00e3o defens\u00e1vel: afirmou que n\u00e3o proteger\u00e1 o filho e que ele responder\u00e1 como qualquer cidad\u00e3o.<\/p>\n<p><em>Leia mais:<\/em>\u00a0<a href=\"https:\/\/www.correiobraziliense.com.br\/politica\/2026\/08\/7473503-defesa-de-lulinha-diz-receber-novo-inquerito-com-serenidade.html\"><strong>Defesa de Lulinha diz receber novo inqu\u00e9rito com serenidade<\/strong><\/a><\/p>\n<p>Tudo isso j\u00e1 era sabido. A novidade \u00e9 o caso de Marcola. O ex-chefe de gabinete n\u00e3o \u00e9 acusado de participar das fraudes contra aposentados. Entretanto, a PF apura a origem, a finalidade e a documenta\u00e7\u00e3o dos R$ 80 mil que teria recebidos de Roberta. Mesmo que o empr\u00e9stimo seja comprovadamente l\u00edcito, sua exist\u00eancia amplia a proximidade da empres\u00e1ria com o c\u00edrculo pessoal e pol\u00edtico de Lula.<\/p>\n<p>O esc\u00e2ndalo bateu \u00e0 porta do Planalto. A consequ\u00eancia eleitoral pode ser grave porque o desgaste ocorre quando Lula e Fl\u00e1vio Bolsonaro j\u00e1 aparecem tecnicamente empatados. Pesquisa Nexus\/BTG, divulgada em 3 de agosto, mostra Lula com 46% e Fl\u00e1vio com 45% num eventual segundo turno, dentro da margem de erro de dois pontos. J\u00e1 a pesquisa Quaest divulgada ontem (5) mostra o presidente Lula (PT) com 44% das inten\u00e7\u00f5es de voto em um eventual segundo turno contra Fl\u00e1vio Bolsonaro (PL), que tem 39%.<\/p>\n<p><em>Vale a pena ler de novo:\u00a0<\/em><\/p>\n<p><a href=\"https:\/\/blogs.correiobraziliense.com.br\/azedo\/supostos-negocios-de-lulinha-com-careca-do-inss-sao-dor-de-cabeca-para-lula\/\"><strong>Supostos neg\u00f3cios de Lulinha com Careca do INSS s\u00e3o dor de cabe\u00e7a para Lula<\/strong><\/a><\/p>\n<p><a href=\"https:\/\/blogs.correiobraziliense.com.br\/azedo\/desafios-internos-e-externos-ameacam-projeto-de-reeleicao-de-lula\/\"><strong>Desafios internos e externos amea\u00e7am projeto de reelei\u00e7\u00e3o de Lula<\/strong><\/a><\/p>\n<p><strong>Nas entrelinhas<\/strong><em>: todas as colunas no<\/em>\u00a0<a href=\"https:\/\/blogs.correiobraziliense.com.br\/azedo\/\"><strong>Blog do Azedo<\/strong><\/a><\/p>\n<p>&nbsp;<\/p>\n<p>&nbsp;<\/p>\n","protected":false},"excerpt":{"rendered":"<p>O caso equaliza os desgastes de seu principal advers\u00e1rio, Fl\u00e1vio Bolsonaro (PL), com seu envolvimento com o banqueiro Daniel Vorcaro, protagonista do rombo do Banco Master Era pedra cantada que o esc\u00e2ndalo do INSS se transformaria numa dor de cabe\u00e7a para a campanha de reelei\u00e7\u00e3o do presidente Luiz In\u00e1cio Lula da Silva (PT). O que n\u00e3o estava no radar dos [&hellip;]<\/p>\n","protected":false},"author":39,"featured_media":11606,"comment_status":"open","ping_status":"closed","sticky":false,"template":"","format":"standard","meta":{"footnotes":""},"categories":[1223,980,371,4,7,972,8,9,3,1937],"tags":[2174,2074,2172,2173,10],"class_list":["post-11600","post","type-post","status-publish","format-standard","has-post-thumbnail","hentry","category-brasilia","category-eleicoes-2","category-etica","category-governo","category-justica","category-memoria","category-partidos","category-politica-2","category-politica","category-sindicatos","tag-antunes","tag-lulinha","tag-marcola","tag-roberta","tag-lula"],"_links":{"self":[{"href":"https:\/\/blogs.correiobraziliense.com.br\/azedo\/wp-json\/wp\/v2\/posts\/11600","targetHints":{"allow":["GET"]}}],"collection":[{"href":"https:\/\/blogs.correiobraziliense.com.br\/azedo\/wp-json\/wp\/v2\/posts"}],"about":[{"href":"https:\/\/blogs.correiobraziliense.com.br\/azedo\/wp-json\/wp\/v2\/types\/post"}],"author":[{"embeddable":true,"href":"https:\/\/blogs.correiobraziliense.com.br\/azedo\/wp-json\/wp\/v2\/users\/39"}],"replies":[{"embeddable":true,"href":"https:\/\/blogs.correiobraziliense.com.br\/azedo\/wp-json\/wp\/v2\/comments?post=11600"}],"version-history":[{"count":2,"href":"https:\/\/blogs.correiobraziliense.com.br\/azedo\/wp-json\/wp\/v2\/posts\/11600\/revisions"}],"predecessor-version":[{"id":11607,"href":"https:\/\/blogs.correiobraziliense.com.br\/azedo\/wp-json\/wp\/v2\/posts\/11600\/revisions\/11607"}],"wp:featuredmedia":[{"embeddable":true,"href":"https:\/\/blogs.correiobraziliense.com.br\/azedo\/wp-json\/wp\/v2\/media\/11606"}],"wp:attachment":[{"href":"https:\/\/blogs.correiobraziliense.com.br\/azedo\/wp-json\/wp\/v2\/media?parent=11600"}],"wp:term":[{"taxonomy":"category","embeddable":true,"href":"https:\/\/blogs.correiobraziliense.com.br\/azedo\/wp-json\/wp\/v2\/categories?post=11600"},{"taxonomy":"post_tag","embeddable":true,"href":"https:\/\/blogs.correiobraziliense.com.br\/azedo\/wp-json\/wp\/v2\/tags?post=11600"}],"curies":[{"name":"wp","href":"https:\/\/api.w.org\/{rel}","templated":true}]}}