{"id":11596,"date":"2026-08-04T04:32:13","date_gmt":"2026-08-04T07:32:13","guid":{"rendered":"https:\/\/blogs.correiobraziliense.com.br\/azedo\/?p=11596"},"modified":"2026-08-04T04:37:34","modified_gmt":"2026-08-04T07:37:34","slug":"disputa-pela-presidencia-esta-aberta-e-polarizada-na-largada-eleitoral","status":"publish","type":"post","link":"https:\/\/blogs.correiobraziliense.com.br\/azedo\/disputa-pela-presidencia-esta-aberta-e-polarizada-na-largada-eleitoral\/","title":{"rendered":"Disputa pela Presid\u00eancia est\u00e1 aberta e polarizada na largada eleitoral"},"content":{"rendered":"<p><em><strong>O hor\u00e1rio eleitoral gratuito de r\u00e1dio e televis\u00e3o, embora j\u00e1 n\u00e3o tenham o mesmo peso de outras elei\u00e7\u00f5es, ser\u00e1 um instrumento de proje\u00e7\u00e3o nacional de candidaturas regionais<\/strong><\/em><\/p>\n<p>A realiza\u00e7\u00e3o das conven\u00e7\u00f5es eleitorais foi marcada pela polariza\u00e7\u00e3o nas elei\u00e7\u00f5es \u00e0 Presid\u00eancia de Rep\u00fablica, que est\u00e1 aberta, com pequena vantagem para o presidente Luiz In\u00e1cio Lula da Silva, que pleiteia a reelei\u00e7\u00e3o, em rela\u00e7\u00e3o a Fl\u00e1vio Bolsonaro (PL). Esse cen\u00e1rio provavelmente se manter\u00e1 at\u00e9 o in\u00edcio do campanha eleitoral no hor\u00e1rio gratuito de r\u00e1dio e televis\u00e3o, em 28 de agosto. Essa data \u00e9 importante para os demais candidatos que aspiram um lugar no segundo turno e est\u00e3o embolados em torno de 3% ou 4% dos votos.<\/p>\n<p>Acontece que os ex-governadores de Goi\u00e1s Ronaldo Caiado (Uni\u00e3o) e de Minas Romeu Zema (Novo), por serem menos conhecidos fora de seus estados, at\u00e9 agpra n\u00e3o conseguiram nacionalizar suas candidaturas. O hor\u00e1rio eleitoral gratuito de r\u00e1dio e televis\u00e3o, embora j\u00e1 n\u00e3o tenham o mesmo peso de antes nas elei\u00e7\u00f5es, ser\u00e1 um instrumento de proje\u00e7\u00e3o de suas candidaturas para fora dos dois estados. O racioc\u00ednio vale tamb\u00e9m para o candidato do Miss\u00e3o, Renan Santos, mais conhecido em S\u00e3o Paulo.<\/p>\n<p><em>Leia tamb\u00e9m:<\/em>\u00a0<a href=\"https:\/\/www.correiobraziliense.com.br\/politica\/2026\/08\/7472621-pesquisa-nexus-btg-aponta-empate-tecnico-entre-lula-e-flavio.html\"><strong>BTG\/Nexus aponta Lula e Fl\u00e1vio Bolsonaro em empate t\u00e9cnico no 1\u00ba turno<\/strong><\/a><\/p>\n<p>Domingo, na conven\u00e7\u00e3o do PT, Lula apresentou sua candidatura como continuidade de seu governo, mas procurou afastar a ideia de simples repeti\u00e7\u00e3o. \u201cA minha quarta presid\u00eancia \u00e9 para mudar muita coisa nesse pa\u00eds\u201d, afirmou. Ao tratar das prioridades program\u00e1ticas, colocou a educa\u00e7\u00e3o no centro de um eventual novo mandato: \u201cSem educa\u00e7\u00e3o, a gente n\u00e3o chegar\u00e1 aonde n\u00f3s temos o direito de chegar.\u201d Tamb\u00e9m convocou o partido a preparar uma campanha apoiada nas realiza\u00e7\u00f5es do governo: \u201cN\u00f3s temos time, n\u00f3s temos futebol, n\u00f3s temos o que entregar, n\u00f3s temos argumento.\u201d<\/p>\n<p>Lula tenta ancorar sua campanha na experi\u00eancia, nas pol\u00edticas sociais e na promessa de renova\u00e7\u00e3o. O presidente sabe que precisa defender os resultados do governo, mas isso n\u00e3o \u00e9 suficiente. Ao dizer que n\u00e3o quer ser lembrado apenas pelo Bolsa Fam\u00edlia e pelo Brasil Sorridente, Lula reconhece que sua candidatura necessita apresentar um horizonte de mudan\u00e7as. A defesa do legado mobiliza sua base, por\u00e9m n\u00e3o elimina as resist\u00eancias que enfrenta entre eleitores de centro e independentes.<\/p>\n<p><strong>Fl\u00e1vio e Caiado<\/strong><\/p>\n<p>Fl\u00e1vio Bolsonaro conseguiu absorver os desgastes da crise interna de sua campanha, com a reaproxima\u00e7\u00e3o de Michele Bolsonaro e a equaliza\u00e7\u00e3o dos danos de imagem com o caso Vorcaro. \u201cEst\u00e1 na hora de virar essa p\u00e1gina triste da hist\u00f3ria do nosso Brasil\u201d, afirmou Fl\u00e1vio na conven\u00e7\u00e3o de seu partido, referindo-se ao governo. Procura capitalizar o prest\u00edgio de Jair Bolsonaro, seu pai: \u201cSei exatamente o tamanho da responsabilidade que meu nome carrega.\u201d<\/p>\n<p>A anistia dos condenados e investigados pelos atos de 8 de janeiro, entre os quais o ex-presidente Jair Bolsonaro, continua no centro de sua agenda. Seu discurso re\u00fane tr\u00eas elementos: continuidade do bolsonarismo, cr\u00edtica ao Judici\u00e1rio e promessa de mudan\u00e7a econ\u00f4mica e pol\u00edtica. Essa estrat\u00e9gia fortalece sua posi\u00e7\u00e3o no primeiro turno, mas pode dificultar a conquista dos moderados.<\/p>\n<p>Ronaldo Caiado procura se diferenciar dos dois l\u00edderes por meio da experi\u00eancia administrativa e de uma imagem de autoridade. \u201cEu sou galo de terreiro, sou acostumado na briga, mas brigo pelo que interessa ao Brasil\u201d, declarou. Defende o agroneg\u00f3cio como instrumento de inser\u00e7\u00e3o internacional: \u201c\u00c9 o \u00fanico pa\u00eds continental que tem a maior \u00e1rea produtiva do mundo\u201d. Ao afirmar que \u201cquem resolve o problema do Brasil somos n\u00f3s\u201d, Caiado rejeita tanto a interfer\u00eancia externa quanto a submiss\u00e3o pol\u00edtica aos dois polos da disputa. A apresenta\u00e7\u00e3o de Gilberto Kassab como vice garante estrutura partid\u00e1ria, mas n\u00e3o elimina o risco de cristianiza\u00e7\u00e3o.<\/p>\n<p><strong>Zema e Renan<\/strong><\/p>\n<p>Romeu Zema adotou um discurso mais ideol\u00f3gico e diretamente antipetista: \u201cA minha bandeira \u00e9 estar contra o PT, eu vi o PT destruir o Brasil\u201d, afirmou. Na \u00e1rea fiscal, resumiu sua mensagem numa frase de efeito: \u201cN\u00e3o falta recurso no Brasil, sobra ladr\u00e3o.\u201d O candidato tamb\u00e9m colocou o Supremo Tribunal Federal (STF) no centro de sua campanha, ao dizer que \u201calguns ministros do STF s\u00e3o uma vergonha n\u00e3o s\u00f3 para o STF como para o Brasil\u201d.<\/p>\n<p>O problema de Zema \u00e9 que a radicaliza\u00e7\u00e3o do discurso n\u00e3o resultou, at\u00e9 agora, em crescimento eleitoral. Sua experi\u00eancia em Minas Gerais continua sendo um ativo, mas n\u00e3o se transformou numa narrativa nacional que empolgue o eleitor de capaz de direita.<\/p>\n<p>Leia ainda:\u00a0<a href=\"https:\/\/www.correiobraziliense.com.br\/politica\/2026\/08\/7473218-avante-formaliza-candidatura-do-augusto-cury-em-convencao-nacional.html\"><strong>Avante oficializa candidatura de Augusto Cury \u00e0 Presid\u00eancia<\/strong><\/a><\/p>\n<p>Quem mais se encaixa no figurino de candidato antissistema \u00e9 Renan Santos, que centraliza sua campanha na radicaliza\u00e7\u00e3o do discurso da seguran\u00e7a p\u00fablica, ao lado da defesa do ajuste fiscal e das cr\u00edticas simult\u00e2nea a Lula e Fl\u00e1vio. Ao apresentar as prioridades iniciais de seu governo, afirmou: \u201cOs brasileiros precisam sentir nos seis primeiros meses uma queda nos juros, um aumento no poder de compra e a redu\u00e7\u00e3o do medo de sair na rua.\u201d<\/p>\n<p>Apesar disso, reconhece que, em regi\u00f5es sem atividade econ\u00f4mica, \u201co Bolsa Fam\u00edlia se torna uma necessidade\u201d. As duas frases mostram uma candidatura que tenta reunir liberalismo econ\u00f4mico, endurecimento na seguran\u00e7a e manuten\u00e7\u00e3o tempor\u00e1ria da prote\u00e7\u00e3o social. Entretanto, o tom agressivo empregado contra Lula, Fl\u00e1vio e o crime organizado pode n\u00e3o sair da sua bolha, em vez de ampliar sua aceita\u00e7\u00e3o junto ao eleitorado moderado.<\/p>\n<p><em>Vale a pena ler de novo:<\/em><\/p>\n<p><a href=\"https:\/\/blogs.correiobraziliense.com.br\/azedo\/desafios-internos-e-externos-ameacam-projeto-de-reeleicao-de-lula\/\"><strong>Desafios internos e externos amea\u00e7am projeto de reelei\u00e7\u00e3o de Lula<\/strong><\/a><\/p>\n<p><a href=\"https:\/\/blogs.correiobraziliense.com.br\/azedo\/fortes-em-go-e-mg-caiado-e-zema-nao-conseguem-nacionalizar-candidaturas\/\"><strong>Fortes em GO e MG, Caiado e Zema n\u00e3o conseguem nacionalizar candidaturas<\/strong><\/a><\/p>\n<p><strong>Nas entrelinhas<\/strong><em>: todas as colunas no<\/em>\u00a0<a href=\"https:\/\/blogs.correiobraziliense.com.br\/azedo\/\"><strong>Blog do Azedo<\/strong><\/a><\/p>\n","protected":false},"excerpt":{"rendered":"<p>O hor\u00e1rio eleitoral gratuito de r\u00e1dio e televis\u00e3o, embora j\u00e1 n\u00e3o tenham o mesmo peso de outras elei\u00e7\u00f5es, ser\u00e1 um instrumento de proje\u00e7\u00e3o nacional de candidaturas regionais A realiza\u00e7\u00e3o das conven\u00e7\u00f5es eleitorais foi marcada pela polariza\u00e7\u00e3o nas elei\u00e7\u00f5es \u00e0 Presid\u00eancia de Rep\u00fablica, que est\u00e1 aberta, com pequena vantagem para o presidente Luiz In\u00e1cio Lula da Silva, que pleiteia a reelei\u00e7\u00e3o, [&hellip;]<\/p>\n","protected":false},"author":39,"featured_media":11602,"comment_status":"open","ping_status":"closed","sticky":false,"template":"","format":"standard","meta":{"footnotes":""},"categories":[1223,677,36,371,7,972,8,9,3,80],"tags":[1427,1733,273,1050,10],"class_list":["post-11596","post","type-post","status-publish","format-standard","has-post-thumbnail","hentry","category-brasilia","category-comunicacao","category-economia","category-etica","category-justica","category-memoria","category-partidos","category-politica-2","category-politica","category-seguranca","tag-caiado","tag-flavio","tag-renan","tag-zema","tag-lula"],"_links":{"self":[{"href":"https:\/\/blogs.correiobraziliense.com.br\/azedo\/wp-json\/wp\/v2\/posts\/11596","targetHints":{"allow":["GET"]}}],"collection":[{"href":"https:\/\/blogs.correiobraziliense.com.br\/azedo\/wp-json\/wp\/v2\/posts"}],"about":[{"href":"https:\/\/blogs.correiobraziliense.com.br\/azedo\/wp-json\/wp\/v2\/types\/post"}],"author":[{"embeddable":true,"href":"https:\/\/blogs.correiobraziliense.com.br\/azedo\/wp-json\/wp\/v2\/users\/39"}],"replies":[{"embeddable":true,"href":"https:\/\/blogs.correiobraziliense.com.br\/azedo\/wp-json\/wp\/v2\/comments?post=11596"}],"version-history":[{"count":2,"href":"https:\/\/blogs.correiobraziliense.com.br\/azedo\/wp-json\/wp\/v2\/posts\/11596\/revisions"}],"predecessor-version":[{"id":11603,"href":"https:\/\/blogs.correiobraziliense.com.br\/azedo\/wp-json\/wp\/v2\/posts\/11596\/revisions\/11603"}],"wp:featuredmedia":[{"embeddable":true,"href":"https:\/\/blogs.correiobraziliense.com.br\/azedo\/wp-json\/wp\/v2\/media\/11602"}],"wp:attachment":[{"href":"https:\/\/blogs.correiobraziliense.com.br\/azedo\/wp-json\/wp\/v2\/media?parent=11596"}],"wp:term":[{"taxonomy":"category","embeddable":true,"href":"https:\/\/blogs.correiobraziliense.com.br\/azedo\/wp-json\/wp\/v2\/categories?post=11596"},{"taxonomy":"post_tag","embeddable":true,"href":"https:\/\/blogs.correiobraziliense.com.br\/azedo\/wp-json\/wp\/v2\/tags?post=11596"}],"curies":[{"name":"wp","href":"https:\/\/api.w.org\/{rel}","templated":true}]}}